{"id":44295,"date":"2025-06-09T01:00:00","date_gmt":"2025-06-09T04:00:00","guid":{"rendered":"https:\/\/noticiasdestaque.com.br\/index.php\/2025\/06\/09\/semana-agitada-no-congresso-iof-cpmi-do-inss-e-isencao-do-ir-agitam-os-bastidores\/"},"modified":"2025-06-09T01:00:00","modified_gmt":"2025-06-09T04:00:00","slug":"semana-agitada-no-congresso-iof-cpmi-do-inss-e-isencao-do-ir-agitam-os-bastidores","status":"publish","type":"post","link":"https:\/\/noticiasdestaque.com.br\/index.php\/2025\/06\/09\/semana-agitada-no-congresso-iof-cpmi-do-inss-e-isencao-do-ir-agitam-os-bastidores\/","title":{"rendered":"Semana agitada no Congresso: IOF, CPMI do INSS e isen\u00e7\u00e3o do IR agitam os bastidores"},"content":{"rendered":"<p>\t\t\t\t\t\t\t\t\t\t<audio controls class=\"b61_audio_player\" data-noticia=\"82534\" src=\"https:\/\/brasil61.com\/rails\/active_storage\/blobs\/eyJfcmFpbHMiOnsibWVzc2FnZSI6IkJBaHBBL1ZlQXc9PSIsImV4cCI6bnVsbCwicHVyIjoiYmxvYl9pZCJ9fQ==--312dde665e5d69bc2c9d48c8dffdd08aad428674\/BRAS2514080A\"><\/audio><\/p>\n<p>A semana promete ser movimentada no Congresso Nacional com a chegada de propostas do governo para compensar a alta no IOF. Depois de apresentar uma s\u00e9rie de medidas aos parlamentares no fim de semana, no sentido de manter o equil\u00edbrio fiscal, o ministro da Fazenda, Fernando Haddad, deve continuar em busca de um consenso com o Legislativo para manter as contas p\u00fablicas sem sacrificar investimentos estrat\u00e9gicos. Mas j\u00e1 h\u00e1 resist\u00eancia entre parlamentares que querem ter voz nas decis\u00f5es de ajuste.<\/p>\n<p>Outro tema que deve voltar \u00e0 pauta \u00e9 a isen\u00e7\u00e3o do Imposto de Renda para pessoas f\u00edsicas que ganham at\u00e9 R$ 5 mil mensais. Segundo o cientista pol\u00edtico Eduardo Grin, \u201co governo precisa disso para 2026. A oposi\u00e7\u00e3o de um lado n\u00e3o quer liberar, mas de outro lado n\u00e3o pode n\u00e3o liberar, em fun\u00e7\u00e3o de quest\u00f5es pol\u00edticas \u2014 j\u00e1 que o ano que vem, \u00e9 ano eleitoral.\u201d\u00a0<\/p>\n<h2>CPMI do INSS<\/h2>\n<p>A press\u00e3o por uma resposta pol\u00edtica ao esc\u00e2ndalo do INSS tamb\u00e9m deve movimentar o Congresso. A pesquisa Genial\/Quaest divulgada na \u00faltima semana revela que 31% da popula\u00e7\u00e3o apontam o governo Lula (PT) como o principal respons\u00e1vel pelas fraudes no sistema. Al\u00e9m disso, metade dos entrevistados \u00e9 favor\u00e1vel \u00e0 instala\u00e7\u00e3o de uma CPI para investigar o caso.<\/p>\n<p>Para Grin, o tema deve continuar em voga, motivado por uma oposi\u00e7\u00e3o\u00a0que tem interesse em atribuir ao governo Lula os casos de fraude que foram expostos nesta gest\u00e3o.\u00a0<\/p>\n<h2>Cassa\u00e7\u00e3o e GT da Reforma Administrativa\u00a0<\/h2>\n<p>Outro tema que deve gerar debates intensos \u00e9 o pedido de cassa\u00e7\u00e3o da deputada Carla Zambelli (PL-SP), ap\u00f3s o Supremo Tribunal Federal confirmar sua condena\u00e7\u00e3o e determinar a perda do mandato da parlamentar. O l\u00edder do PT na C\u00e2mara, Lindbergh Farias, refor\u00e7ou o pedido com nova peti\u00e7\u00e3o protocolada na \u00faltima sexta-feira (6), citando a fuga de Zambelli\u00a0como fator agravante. A expectativa \u00e9 que a Mesa Diretora da Casa analise o caso ainda nesta semana, com forte press\u00e3o pol\u00edtica para dar uma resposta r\u00e1pida.<\/p>\n<p>Tamb\u00e9m segue em curso o grupo de trabalho da reforma administrativa, criado na C\u00e2mara, mas j\u00e1 cercado de pol\u00eamicas. O presidente da Casa, Hugo Motta, encomendou estudos que incluem medidas impopulares, como a desvincula\u00e7\u00e3o do sal\u00e1rio m\u00ednimo para aposentadorias, o que gerou forte rea\u00e7\u00e3o do Minist\u00e9rio da Gest\u00e3o. O Planalto quer blindar sua pauta fiscal e barrar propostas n\u00e3o alinhadas \u00e0 equipe econ\u00f4mica. O ambiente indica mais uma disputa por protagonismo entre Executivo e Legislativo \u00e0s v\u00e9speras do ano eleitoral.<\/p>\n<p>\t\t\t\t\t\t\t\t\t<img loading=\"lazy\" decoding=\"async\" src=\"https:\/\/brasil61.com\/api\/v1\/serve_pixel\/17677\/82534\" alt=\"Pixel Brasil 61\" class=\"b61_pixel\" width=\"0\" height=\"0\"><\/p>\n<input type=\"hidden\" id=\"baseurl\" value=\"https:\/\/noticiasdestaque.com.br\"><input type=\"hidden\" id=\"audio_nonce\" value=\"6f73a554f1\">","protected":false},"excerpt":{"rendered":"<p>Propostas de compensa\u00e7\u00e3o ao IOF, pedido de cassa\u00e7\u00e3o de Zambelli, reconfigura\u00e7\u00e3o da C\u00e2mara e embate sobre reforma administrativa marcam a pauta da semana a partir de 9 de junho<\/p>\n","protected":false},"author":1,"featured_media":44296,"comment_status":"open","ping_status":"open","sticky":false,"template":"","format":"standard","meta":{"fifu_image_url":"","fifu_image_alt":"","footnotes":""},"categories":[50],"tags":[],"class_list":["post-44295","post","type-post","status-publish","format-standard","has-post-thumbnail","hentry","category-politica"],"distributor_meta":false,"distributor_terms":false,"distributor_media":false,"distributor_original_site_name":"Noticias em Destaque","distributor_original_site_url":"https:\/\/noticiasdestaque.com.br","push-errors":false,"_links":{"self":[{"href":"https:\/\/noticiasdestaque.com.br\/index.php\/wp-json\/wp\/v2\/posts\/44295","targetHints":{"allow":["GET"]}}],"collection":[{"href":"https:\/\/noticiasdestaque.com.br\/index.php\/wp-json\/wp\/v2\/posts"}],"about":[{"href":"https:\/\/noticiasdestaque.com.br\/index.php\/wp-json\/wp\/v2\/types\/post"}],"author":[{"embeddable":true,"href":"https:\/\/noticiasdestaque.com.br\/index.php\/wp-json\/wp\/v2\/users\/1"}],"replies":[{"embeddable":true,"href":"https:\/\/noticiasdestaque.com.br\/index.php\/wp-json\/wp\/v2\/comments?post=44295"}],"version-history":[{"count":0,"href":"https:\/\/noticiasdestaque.com.br\/index.php\/wp-json\/wp\/v2\/posts\/44295\/revisions"}],"wp:featuredmedia":[{"embeddable":true,"href":"https:\/\/noticiasdestaque.com.br\/index.php\/wp-json\/wp\/v2\/media\/44296"}],"wp:attachment":[{"href":"https:\/\/noticiasdestaque.com.br\/index.php\/wp-json\/wp\/v2\/media?parent=44295"}],"wp:term":[{"taxonomy":"category","embeddable":true,"href":"https:\/\/noticiasdestaque.com.br\/index.php\/wp-json\/wp\/v2\/categories?post=44295"},{"taxonomy":"post_tag","embeddable":true,"href":"https:\/\/noticiasdestaque.com.br\/index.php\/wp-json\/wp\/v2\/tags?post=44295"}],"curies":[{"name":"wp","href":"https:\/\/api.w.org\/{rel}","templated":true}]}}