{"id":44287,"date":"2025-06-08T22:00:00","date_gmt":"2025-06-09T01:00:00","guid":{"rendered":"https:\/\/noticiasdestaque.com.br\/index.php\/2025\/06\/08\/ibovespa-fecha-ultimo-pregao-em-queda\/"},"modified":"2025-06-08T22:00:00","modified_gmt":"2025-06-09T01:00:00","slug":"ibovespa-fecha-ultimo-pregao-em-queda","status":"publish","type":"post","link":"https:\/\/noticiasdestaque.com.br\/index.php\/2025\/06\/08\/ibovespa-fecha-ultimo-pregao-em-queda\/","title":{"rendered":"Ibovespa fecha \u00faltimo preg\u00e3o em queda"},"content":{"rendered":"<p>\t\t\t\t\t\t\t\t\t\t<audio controls class=\"b61_audio_player\" data-noticia=\"82565\" src=\"https:\/\/brasil61.com\/rails\/active_storage\/blobs\/eyJfcmFpbHMiOnsibWVzc2FnZSI6IkJBaHBBL0ZlQXc9PSIsImV4cCI6bnVsbCwicHVyIjoiYmxvYl9pZCJ9fQ==--8aecedc7e87d37a2ae88e8be22cbd871e13e1367\/BRAS2514085A\"><\/audio><\/p>\n<p>O \u00edndice da bolsa de valores brasileira (Ibovespa) fechou o \u00faltimo preg\u00e3o em queda de 0,10%, a 136.102 pontos.<\/p>\n<p>O resultado veio em meio \u00e0s quest\u00f5es envolvendo as pol\u00edticas econ\u00f4micas adotadas pelo presidente dos Estados Unidos, Donald Trump.\u00a0<\/p>\n<p>Na sess\u00e3o, as maiores quedas foram de a\u00e7\u00f5es da Gol, de 13,39%; e da Bioma Educa\u00e7\u00e3o, com recuo de 12,32%.<\/p>\n<p>J\u00e1 as maiores altas foram de a\u00e7\u00f5es da Baumer e da Alfa Holding, com eleva\u00e7\u00f5es de 22,09% e 15,76%.\u00a0<\/p>\n<p>O volume total negociado na B3 foi de R$ 25,4 bilh\u00f5es, entre 3,5 milh\u00f5es de neg\u00f3cios.\u00a0<\/p>\n<p>Os dados podem ser consultados no site da B3.<br \/>\n\u00a0<\/p>\n<p>\t\t\t\t\t\t\t\t\t<img loading=\"lazy\" decoding=\"async\" src=\"https:\/\/brasil61.com\/api\/v1\/serve_pixel\/17677\/82565\" alt=\"Pixel Brasil 61\" class=\"b61_pixel\" width=\"0\" height=\"0\"><\/p>\n<input type=\"hidden\" id=\"baseurl\" value=\"https:\/\/noticiasdestaque.com.br\"><input type=\"hidden\" id=\"audio_nonce\" value=\"6f73a554f1\">","protected":false},"excerpt":{"rendered":"<p>O resultado veio em meio \u00e0s quest\u00f5es envolvendo as pol\u00edticas econ\u00f4micas adotadas pelo presidente dos Estados Unidos, Donald Trump<\/p>\n","protected":false},"author":1,"featured_media":44288,"comment_status":"open","ping_status":"open","sticky":false,"template":"","format":"standard","meta":{"fifu_image_url":"","fifu_image_alt":"","footnotes":""},"categories":[59],"tags":[],"class_list":["post-44287","post","type-post","status-publish","format-standard","has-post-thumbnail","hentry","category-economia"],"distributor_meta":false,"distributor_terms":false,"distributor_media":false,"distributor_original_site_name":"Noticias em Destaque","distributor_original_site_url":"https:\/\/noticiasdestaque.com.br","push-errors":false,"_links":{"self":[{"href":"https:\/\/noticiasdestaque.com.br\/index.php\/wp-json\/wp\/v2\/posts\/44287","targetHints":{"allow":["GET"]}}],"collection":[{"href":"https:\/\/noticiasdestaque.com.br\/index.php\/wp-json\/wp\/v2\/posts"}],"about":[{"href":"https:\/\/noticiasdestaque.com.br\/index.php\/wp-json\/wp\/v2\/types\/post"}],"author":[{"embeddable":true,"href":"https:\/\/noticiasdestaque.com.br\/index.php\/wp-json\/wp\/v2\/users\/1"}],"replies":[{"embeddable":true,"href":"https:\/\/noticiasdestaque.com.br\/index.php\/wp-json\/wp\/v2\/comments?post=44287"}],"version-history":[{"count":0,"href":"https:\/\/noticiasdestaque.com.br\/index.php\/wp-json\/wp\/v2\/posts\/44287\/revisions"}],"wp:featuredmedia":[{"embeddable":true,"href":"https:\/\/noticiasdestaque.com.br\/index.php\/wp-json\/wp\/v2\/media\/44288"}],"wp:attachment":[{"href":"https:\/\/noticiasdestaque.com.br\/index.php\/wp-json\/wp\/v2\/media?parent=44287"}],"wp:term":[{"taxonomy":"category","embeddable":true,"href":"https:\/\/noticiasdestaque.com.br\/index.php\/wp-json\/wp\/v2\/categories?post=44287"},{"taxonomy":"post_tag","embeddable":true,"href":"https:\/\/noticiasdestaque.com.br\/index.php\/wp-json\/wp\/v2\/tags?post=44287"}],"curies":[{"name":"wp","href":"https:\/\/api.w.org\/{rel}","templated":true}]}}