{"id":44247,"date":"2025-06-04T20:25:00","date_gmt":"2025-06-04T23:25:00","guid":{"rendered":"https:\/\/noticiasdestaque.com.br\/index.php\/2025\/06\/04\/amabio-banco-da-amazonia-lanca-edital-de-r-4-milhoes-para-impulsionar-bioeconomia-na-regiao-amazonica\/"},"modified":"2025-06-04T20:25:00","modified_gmt":"2025-06-04T23:25:00","slug":"amabio-banco-da-amazonia-lanca-edital-de-r-4-milhoes-para-impulsionar-bioeconomia-na-regiao-amazonica","status":"publish","type":"post","link":"https:\/\/noticiasdestaque.com.br\/index.php\/2025\/06\/04\/amabio-banco-da-amazonia-lanca-edital-de-r-4-milhoes-para-impulsionar-bioeconomia-na-regiao-amazonica\/","title":{"rendered":"AMABIO: Banco da Amaz\u00f4nia lan\u00e7a edital de R$ 4 milh\u00f5es para impulsionar bioeconomia na Regi\u00e3o Amaz\u00f4nica"},"content":{"rendered":"<p>\t\t\t\t\t\t\t\t\t\t<audio controls class=\"b61_audio_player\" data-noticia=\"82482\" src=\"https:\/\/brasil61.com\/rails\/active_storage\/blobs\/eyJfcmFpbHMiOnsibWVzc2FnZSI6IkJBaHBBNzFkQXc9PSIsImV4cCI6bnVsbCwicHVyIjoiYmxvYl9pZCJ9fQ==--eb17eb7ffe9395c7facadf9efe5872754b32c043\/BASA250048A\"><\/audio><\/p>\n<p>O Banco da Amaz\u00f4nia <a href=\"https:\/\/www.bancoamazonia.com.br\/\" target=\"_blank\">(BASA)<\/a> anunciou, nesta quarta-feira (4), o lan\u00e7amento do Edital AMABIO 001\/2025, que vai destinar R$ 4 milh\u00f5es para apoio financeiro n\u00e3o reembols\u00e1vel a projetos de bioeconomia na Regi\u00e3o Amaz\u00f4nica.<\/p>\n<p>A medida \u00e9 voltada a organiza\u00e7\u00f5es da sociedade civil, startups, microempresas e cooperativas que atuam nos estados do Amap\u00e1, Amazonas, Par\u00e1, Acre e Maranh\u00e3o. As inscri\u00e7\u00f5es devem ser realizadas exclusivamente pela plataforma digital da institui\u00e7\u00e3o financeira, at\u00e9 o dia 31 de julho de 2025.<\/p>\n<p><a href=\"https:\/\/www.bancoamazonia.com.br\/programa-amabio\" target=\"_blank\">Clique aqui para ter acesso ao edital completo, com crit\u00e9rios de sele\u00e7\u00e3o, lista de documentos obrigat\u00f3rios e formul\u00e1rio de inscri\u00e7\u00e3o<\/a>.<\/p>\n<p>Segundo o presidente do Banco da Amaz\u00f4nia, Luiz Lessa, a ideia \u00e9 fortalecer cadeias produtivas sustent\u00e1veis, al\u00e9m de promover inova\u00e7\u00e3o na Regi\u00e3o Amaz\u00f4nica.<\/p>\n<p>\u201cEsse edital \u00e9 um marco para a bioeconomia amaz\u00f4nica. Ele reconhece o papel estrat\u00e9gico das organiza\u00e7\u00f5es locais e busca apoiar solu\u00e7\u00f5es baseadas na floresta, na ci\u00eancia e nos conhecimentos tradicionais para gerar renda, inclus\u00e3o e sustentabilidade\u201d, pontua.<\/p>\n<p>A iniciativa faz parte do Programa AMABIO, Financiamento Sustent\u00e1vel e Inclusivo da Bioeconomia Amaz\u00f4nica. Trata-se de uma parceria entre o BASA e o Grupo Ag\u00eancia Francesa de Desenvolvimento (AFD), com apoio t\u00e9cnico da Expertise France.<\/p>\n<p><a href=\"https:\/\/brasil61.com\/n\/associacao-brasileira-de-desenvolvimento-da-posse-a-nova-diretoria-nesta-quarta-feira-28-basa250038\" target=\"_blank\">Associa\u00e7\u00e3o Brasileira de Desenvolvimento d\u00e1 posse \u00e0 nova diretoria nesta quarta-feira (28)<\/a><\/p>\n<p>Essas a\u00e7\u00f5es integram as iniciativas preparat\u00f3rias do Banco para a Confer\u00eancia das Na\u00e7\u00f5es Unidas sobre as Mudan\u00e7as Clim\u00e1ticas de 2025, a COP 30. O evento est\u00e1 previsto para ser realizado em novembro deste ano, em Bel\u00e9m, no Par\u00e1.<\/p>\n<h2>Sobre as propostas<\/h2>\n<p>Os interessados em participar do processo seletivo podem submeter propostas de projetos de at\u00e9 R$ 150 mil. O cronograma de execu\u00e7\u00e3o deve ser de at\u00e9 12 meses, em uma das seguintes linhas tem\u00e1ticas:<\/p>\n<ul>\n<li>Fortalecimento de organiza\u00e7\u00f5es de base comunit\u00e1ria<\/li>\n<li>Inova\u00e7\u00e3o nas cadeias de valor da sociobiodiversidade amaz\u00f4nica<\/li>\n<\/ul>\n<p>Vale destacar que as propostas que contarem com lideran\u00e7a feminina ou lideran\u00e7a de jovens com idade entre 18 e 35 anos ter\u00e3o pontua\u00e7\u00e3o adicional. Pelos termos do edital, pelo menos 30% dos projetos selecionados devem ser liderados por mulheres.<\/p>\n<h2>Etapas do processo seletivo<\/h2>\n<p>O processo seletivo ser\u00e1 dividido em tr\u00eas etapas. S\u00e3o elas: triagem de elegibilidade, an\u00e1lise t\u00e9cnica e de m\u00e9rito e delibera\u00e7\u00e3o final.<\/p>\n<p>A Comiss\u00e3o de Sele\u00e7\u00e3o ser\u00e1 composta por representantes do BASA, da Ag\u00eancia Francesa de Desenvolvimento, da Expertise France e por especialistas convidados com not\u00f3rio saber em bioeconomia, inova\u00e7\u00e3o, saberes locais ou tradicionais e desenvolvimento sustent\u00e1vel.<\/p>\n<p>A sele\u00e7\u00e3o levar\u00e1 em conta os seguintes crit\u00e9rios t\u00e9cnicos:<\/p>\n<ul>\n<li>Relev\u00e2ncia estrat\u00e9gica<\/li>\n<li>Impacto socioambiental<\/li>\n<li>Grau de inova\u00e7\u00e3o<\/li>\n<li>Sustentabilidade<\/li>\n<li>Inclus\u00e3o e diversidade<\/li>\n<li>Capacidade de gest\u00e3o<\/li>\n<\/ul>\n<p>\u00a0A publica\u00e7\u00e3o do resultado final est\u00e1 prevista para 10 de outubro de 2025.<\/p>\n<h2>Programa AMABIO<\/h2>\n<p>O Programa AMABIO foi institu\u00eddo por meio de uma parceria bilateral entre Brasil e Fran\u00e7a. Ao todo, a iniciativa deve mobilizar, nos pr\u00f3ximos quatro anos, 1 bilh\u00e3o de euros em investimentos para promover o desenvolvimento sustent\u00e1vel na Amaz\u00f4nia.<\/p>\n<p>O objetivo da medida \u00e9 contribuir para o desenvolvimento da bioeconomia na regi\u00e3o, com apoio \u00e0 popula\u00e7\u00e3o que vive nessa \u00e1rea e \u00e0 biodiversidade.<\/p>\n<p>O programa conta com parceria de institui\u00e7\u00f5es financeiras que atuam na regi\u00e3o, como \u00e9 o caso do Banco da Amaz\u00f4nia. No dia 6 de novembro de 2024, a institui\u00e7\u00e3o financeira assinou, juntamente com a Ag\u00eancia Francesa de Desenvolvimento, um empr\u00e9stimo de 80 milh\u00f5es de euros.\u00a0<\/p>\n<p>Atualmente, o BASA atende mais de 690 mil clientes, por meio de 121 ag\u00eancias em funcionamento em todos os estados da Amaz\u00f4nia Legal e em seus canais digitais. A institui\u00e7\u00e3o \u00e9 considerada o principal banco executor de pol\u00edticas p\u00fablicas na regi\u00e3o, por meio do Fundo Constitucional do Norte.<br \/>\n\u00a0<\/p>\n<p>\t\t\t\t\t\t\t\t\t<img loading=\"lazy\" decoding=\"async\" src=\"https:\/\/brasil61.com\/api\/v1\/serve_pixel\/17677\/82482\" alt=\"Pixel Brasil 61\" class=\"b61_pixel\" width=\"0\" height=\"0\"><\/p>\n<input type=\"hidden\" id=\"baseurl\" value=\"https:\/\/noticiasdestaque.com.br\"><input type=\"hidden\" id=\"audio_nonce\" value=\"c9f06e19e6\">","protected":false},"excerpt":{"rendered":"<p>Iniciativa vai financiar projetos sustent\u00e1veis de organiza\u00e7\u00f5es da sociedade civil, startups e cooperativas em cinco estados da Amaz\u00f4nia Legal<\/p>\n","protected":false},"author":1,"featured_media":44248,"comment_status":"open","ping_status":"open","sticky":false,"template":"","format":"standard","meta":{"fifu_image_url":"","fifu_image_alt":"","footnotes":""},"categories":[59],"tags":[],"class_list":["post-44247","post","type-post","status-publish","format-standard","has-post-thumbnail","hentry","category-economia"],"distributor_meta":false,"distributor_terms":false,"distributor_media":false,"distributor_original_site_name":"Noticias em Destaque","distributor_original_site_url":"https:\/\/noticiasdestaque.com.br","push-errors":false,"_links":{"self":[{"href":"https:\/\/noticiasdestaque.com.br\/index.php\/wp-json\/wp\/v2\/posts\/44247","targetHints":{"allow":["GET"]}}],"collection":[{"href":"https:\/\/noticiasdestaque.com.br\/index.php\/wp-json\/wp\/v2\/posts"}],"about":[{"href":"https:\/\/noticiasdestaque.com.br\/index.php\/wp-json\/wp\/v2\/types\/post"}],"author":[{"embeddable":true,"href":"https:\/\/noticiasdestaque.com.br\/index.php\/wp-json\/wp\/v2\/users\/1"}],"replies":[{"embeddable":true,"href":"https:\/\/noticiasdestaque.com.br\/index.php\/wp-json\/wp\/v2\/comments?post=44247"}],"version-history":[{"count":0,"href":"https:\/\/noticiasdestaque.com.br\/index.php\/wp-json\/wp\/v2\/posts\/44247\/revisions"}],"wp:featuredmedia":[{"embeddable":true,"href":"https:\/\/noticiasdestaque.com.br\/index.php\/wp-json\/wp\/v2\/media\/44248"}],"wp:attachment":[{"href":"https:\/\/noticiasdestaque.com.br\/index.php\/wp-json\/wp\/v2\/media?parent=44247"}],"wp:term":[{"taxonomy":"category","embeddable":true,"href":"https:\/\/noticiasdestaque.com.br\/index.php\/wp-json\/wp\/v2\/categories?post=44247"},{"taxonomy":"post_tag","embeddable":true,"href":"https:\/\/noticiasdestaque.com.br\/index.php\/wp-json\/wp\/v2\/tags?post=44247"}],"curies":[{"name":"wp","href":"https:\/\/api.w.org\/{rel}","templated":true}]}}