{"id":44243,"date":"2025-06-04T20:15:00","date_gmt":"2025-06-04T23:15:00","guid":{"rendered":"https:\/\/noticiasdestaque.com.br\/index.php\/2025\/06\/04\/abal-preocupada-com-nova-tarifa-de-importacao-dos-eua\/"},"modified":"2025-06-04T20:15:00","modified_gmt":"2025-06-04T23:15:00","slug":"abal-preocupada-com-nova-tarifa-de-importacao-dos-eua","status":"publish","type":"post","link":"https:\/\/noticiasdestaque.com.br\/index.php\/2025\/06\/04\/abal-preocupada-com-nova-tarifa-de-importacao-dos-eua\/","title":{"rendered":"ABAL preocupada com nova tarifa de importa\u00e7\u00e3o dos EUA"},"content":{"rendered":"<p>A<strong> Associa\u00e7\u00e3o Brasileira do Alum\u00ednio (ABAL)<\/strong> mostrou-se preocupada com os efeitos que podem ocorrer depois do recente an\u00fancio do <strong>Governo dos Estados Unidos <\/strong>em aumentar de 25% para 50% a tarifa de importa\u00e7\u00e3o sobre produtos de alum\u00ednio, com base na Se\u00e7\u00e3o 232 do Trade Expansion Act, al\u00e9m de\u00a0<strong>alertar para riscos da nova escalada tarif\u00e1ria dos Estados Unidos sobre alum\u00ednio. A associa\u00e7\u00e3o defende resposta estrat\u00e9gica e calibrada, pois a medida americana gera incertezas e refor\u00e7a necessidade de defesa comercial e vis\u00e3o de longo prazo para reposicionar o Brasil nas cadeias globais.<\/strong><\/p>\n<p>O decreto do Governo americano publicado em 2 de junho de 2025 determina a aplica\u00e7\u00e3o global da tarifa, sem distin\u00e7\u00e3o de pa\u00edses, com exce\u00e7\u00e3o tempor\u00e1ria ao Reino Unido. A tarifa para o Reino Unido permanece em 25% at\u00e9, pelo menos, 9 de julho de 2025, enquanto os dois pa\u00edses finalizam os termos de um acordo bilateral assinado recentemente.<\/p>\n<p>A medida ocorre em um contexto de crescente instabilidade nos mercados internacionais, marcado por disputas comerciais, reestrutura\u00e7\u00f5es geopol\u00edticas e desafios sist\u00eamicos para a ind\u00fastria de base em todo o mundo. Mais do que uma decis\u00e3o isolada, o an\u00fancio reflete uma nova realidade global, na qual a volatilidade se torna uma constante e imp\u00f5e riscos adicionais \u00e0s cadeias produtivas.<\/p>\n<p>Para a <strong>ABAL<\/strong>, \u00e9 necess\u00e1rio um duplo movimento: por um lado, cautela e calibra\u00e7\u00e3o na ado\u00e7\u00e3o de medidas emergenciais de mitiga\u00e7\u00e3o \u2014 como o fortalecimento dos instrumentos de defesa comercial e ajustes tarif\u00e1rios para coibir pr\u00e1ticas desleais e desvios de com\u00e9rcio; por outro, vis\u00e3o estrat\u00e9gica para reposicionar o Brasil na nova geografia da cadeia global do alum\u00ednio, com base em suas vantagens competitivas estruturais. \u201cEstamos diante de um cen\u00e1rio em que medidas protecionistas passam a conviver com agendas industriais mais coordenadas. Neste ambiente, proteger apenas um elo da cadeia \u00e9 insuficiente se o pa\u00eds continua vulner\u00e1vel na produ\u00e7\u00e3o dos insumos que a sustentam\u201d, diz a nota da <strong>ABAL<\/strong>.<\/p>\n<p>Atualmente, o Brasil disp\u00f5e de ativos \u00fanicos para responder a essa nova realidade, por ter a 4\u00aa maior reserva de bauxita, a 3\u00aa maior produ\u00e7\u00e3o global de alumina e uma cadeia produtiva verticalizada, com alta taxa de reciclagem e investimentos crescentes em energia limpa.\u00a0<strong>Estima-se que at\u00e9 90% do alum\u00ednio prim\u00e1rio produzido nos Estados Unidos tenha o DNA brasileiro<\/strong>. Em 2024, os Estados Unidos absorveram 16,8% das exporta\u00e7\u00f5es brasileiras de alum\u00ednio, com destaque para chapas e folhas. Estima-se que at\u00e9 90% do alum\u00ednio prim\u00e1rio produzido nos <strong>EUA <\/strong>tenha, em seu <strong>DNA<\/strong>, insumos brasileiros \u2014 uma complementaridade produtiva que deveria ser considerada em qualquer an\u00e1lise de impacto ou negocia\u00e7\u00e3o bilateral.<\/p>\n<p>A <strong>ABAL <\/strong>refor\u00e7a ainda import\u00e2ncia de o Brasil evitar decis\u00f5es fragmentadas ou setoriais, e construir, com base t\u00e9cnica e vis\u00e3o de longo prazo, uma estrat\u00e9gia nacional para fortalecer sua soberania industrial. O verdadeiro ganho est\u00e1 em consolidar uma cadeia resiliente, menos exposta \u00e0s oscila\u00e7\u00f5es externas e capaz de transformar recursos em valor agregado para o pa\u00eds. A entidade segue dialogando com o governo brasileiro e autoridades internacionais para assegurar condi\u00e7\u00f5es justas de competi\u00e7\u00e3o e garantir o reconhecimento do papel estrat\u00e9gico do alum\u00ednio nacional na economia de baixo carbono.<\/p>\n<p>\t\t\t\t\t\t\t\t\t<img loading=\"lazy\" decoding=\"async\" src=\"https:\/\/brasil61.com\/api\/v1\/serve_pixel\/17677\/82484\" alt=\"Pixel Brasil 61\" class=\"b61_pixel\" width=\"0\" height=\"0\"><\/p>\n<input type=\"hidden\" id=\"baseurl\" value=\"https:\/\/noticiasdestaque.com.br\"><input type=\"hidden\" id=\"audio_nonce\" value=\"c9f06e19e6\">","protected":false},"excerpt":{"rendered":"<p>ABAL defende vis\u00e3o estrat\u00e9gica para reposicionar o Brasil na nova geografia da cadeia global do alum\u00ednio, com base em suas vantagens competitivas estruturais.<\/p>\n","protected":false},"author":1,"featured_media":44244,"comment_status":"open","ping_status":"open","sticky":false,"template":"","format":"standard","meta":{"fifu_image_url":"","fifu_image_alt":"","footnotes":""},"categories":[59],"tags":[],"class_list":["post-44243","post","type-post","status-publish","format-standard","has-post-thumbnail","hentry","category-economia"],"distributor_meta":false,"distributor_terms":false,"distributor_media":false,"distributor_original_site_name":"Noticias em Destaque","distributor_original_site_url":"https:\/\/noticiasdestaque.com.br","push-errors":false,"_links":{"self":[{"href":"https:\/\/noticiasdestaque.com.br\/index.php\/wp-json\/wp\/v2\/posts\/44243","targetHints":{"allow":["GET"]}}],"collection":[{"href":"https:\/\/noticiasdestaque.com.br\/index.php\/wp-json\/wp\/v2\/posts"}],"about":[{"href":"https:\/\/noticiasdestaque.com.br\/index.php\/wp-json\/wp\/v2\/types\/post"}],"author":[{"embeddable":true,"href":"https:\/\/noticiasdestaque.com.br\/index.php\/wp-json\/wp\/v2\/users\/1"}],"replies":[{"embeddable":true,"href":"https:\/\/noticiasdestaque.com.br\/index.php\/wp-json\/wp\/v2\/comments?post=44243"}],"version-history":[{"count":0,"href":"https:\/\/noticiasdestaque.com.br\/index.php\/wp-json\/wp\/v2\/posts\/44243\/revisions"}],"wp:featuredmedia":[{"embeddable":true,"href":"https:\/\/noticiasdestaque.com.br\/index.php\/wp-json\/wp\/v2\/media\/44244"}],"wp:attachment":[{"href":"https:\/\/noticiasdestaque.com.br\/index.php\/wp-json\/wp\/v2\/media?parent=44243"}],"wp:term":[{"taxonomy":"category","embeddable":true,"href":"https:\/\/noticiasdestaque.com.br\/index.php\/wp-json\/wp\/v2\/categories?post=44243"},{"taxonomy":"post_tag","embeddable":true,"href":"https:\/\/noticiasdestaque.com.br\/index.php\/wp-json\/wp\/v2\/tags?post=44243"}],"curies":[{"name":"wp","href":"https:\/\/api.w.org\/{rel}","templated":true}]}}