{"id":44207,"date":"2025-06-02T20:30:00","date_gmt":"2025-06-02T23:30:00","guid":{"rendered":"https:\/\/noticiasdestaque.com.br\/index.php\/2025\/06\/02\/ibovespa-abre-a-semana-em-queda\/"},"modified":"2025-06-02T20:30:00","modified_gmt":"2025-06-02T23:30:00","slug":"ibovespa-abre-a-semana-em-queda","status":"publish","type":"post","link":"https:\/\/noticiasdestaque.com.br\/index.php\/2025\/06\/02\/ibovespa-abre-a-semana-em-queda\/","title":{"rendered":"Ibovespa abre a semana em queda"},"content":{"rendered":"<p>\t\t\t\t\t\t\t\t\t\t<audio controls class=\"b61_audio_player\" data-noticia=\"82425\" src=\"https:\/\/brasil61.com\/rails\/active_storage\/blobs\/eyJfcmFpbHMiOnsibWVzc2FnZSI6IkJBaHBBL0JiQXc9PSIsImV4cCI6bnVsbCwicHVyIjoiYmxvYl9pZCJ9fQ==--6cc399bde1959b9e5a40949710aaa92bdd246e04\/BRAS2514057A\"><\/audio><\/p>\n<p>O Ibovespa encerrou a segunda-feira (2) em queda de 0,18%, aos 136 mil\u00a0 pontos. O movimento refletiu a cautela dos investidores diante da intensifica\u00e7\u00e3o das tens\u00f5es comerciais entre Estados Unidos e China, ap\u00f3s o presidente Donald Trump anunciar que pretende dobrar as tarifas sobre a\u00e7o e alum\u00ednio importados. A incerteza global reduziu o apetite por risco, mesmo com o desempenho positivo de parte das bolsas internacionais e de a\u00e7\u00f5es ligadas \u00e0 tecnologia no exterior.<\/p>\n<p>No Brasil, o recuo do \u00edndice foi puxado principalmente por a\u00e7\u00f5es de peso, como Ita\u00fa Unibanco, com queda de 0,71%, e a B3, com menos 1,72%, esta \u00faltima pressionada por dados fracos de volume em maio. Por outro lado, os papeis da Gerdau subiram 5,05%, beneficiados pela poss\u00edvel valoriza\u00e7\u00e3o do a\u00e7o com o aumento tarif\u00e1rio nos EUA, e Petrobras avan\u00e7ou 0,58% com o salto nos pre\u00e7os internacionais do petr\u00f3leo. O volume financeiro somou R$ 20,8 bilh\u00f5es na sess\u00e3o.<\/p>\n<p>Os dados da bolsa podem ser consultados no site da B3.\u00a0<\/p>\n<p>\u00a0<\/p>\n<p>\t\t\t\t\t\t\t\t\t<img loading=\"lazy\" decoding=\"async\" src=\"https:\/\/brasil61.com\/api\/v1\/serve_pixel\/17677\/82425\" alt=\"Pixel Brasil 61\" class=\"b61_pixel\" width=\"0\" height=\"0\"><\/p>\n<input type=\"hidden\" id=\"baseurl\" value=\"https:\/\/noticiasdestaque.com.br\"><input type=\"hidden\" id=\"audio_nonce\" value=\"5128c810d9\">","protected":false},"excerpt":{"rendered":"<p>Bolsa brasileira inicia sess\u00e3o em baixa de 0,18% aos 136 mil pontos<\/p>\n","protected":false},"author":1,"featured_media":44208,"comment_status":"open","ping_status":"open","sticky":false,"template":"","format":"standard","meta":{"fifu_image_url":"","fifu_image_alt":"","footnotes":""},"categories":[59],"tags":[],"class_list":["post-44207","post","type-post","status-publish","format-standard","has-post-thumbnail","hentry","category-economia"],"distributor_meta":false,"distributor_terms":false,"distributor_media":false,"distributor_original_site_name":"Noticias em Destaque","distributor_original_site_url":"https:\/\/noticiasdestaque.com.br","push-errors":false,"_links":{"self":[{"href":"https:\/\/noticiasdestaque.com.br\/index.php\/wp-json\/wp\/v2\/posts\/44207","targetHints":{"allow":["GET"]}}],"collection":[{"href":"https:\/\/noticiasdestaque.com.br\/index.php\/wp-json\/wp\/v2\/posts"}],"about":[{"href":"https:\/\/noticiasdestaque.com.br\/index.php\/wp-json\/wp\/v2\/types\/post"}],"author":[{"embeddable":true,"href":"https:\/\/noticiasdestaque.com.br\/index.php\/wp-json\/wp\/v2\/users\/1"}],"replies":[{"embeddable":true,"href":"https:\/\/noticiasdestaque.com.br\/index.php\/wp-json\/wp\/v2\/comments?post=44207"}],"version-history":[{"count":0,"href":"https:\/\/noticiasdestaque.com.br\/index.php\/wp-json\/wp\/v2\/posts\/44207\/revisions"}],"wp:featuredmedia":[{"embeddable":true,"href":"https:\/\/noticiasdestaque.com.br\/index.php\/wp-json\/wp\/v2\/media\/44208"}],"wp:attachment":[{"href":"https:\/\/noticiasdestaque.com.br\/index.php\/wp-json\/wp\/v2\/media?parent=44207"}],"wp:term":[{"taxonomy":"category","embeddable":true,"href":"https:\/\/noticiasdestaque.com.br\/index.php\/wp-json\/wp\/v2\/categories?post=44207"},{"taxonomy":"post_tag","embeddable":true,"href":"https:\/\/noticiasdestaque.com.br\/index.php\/wp-json\/wp\/v2\/tags?post=44207"}],"curies":[{"name":"wp","href":"https:\/\/api.w.org\/{rel}","templated":true}]}}