{"id":44196,"date":"2025-06-02T04:00:00","date_gmt":"2025-06-02T07:00:00","guid":{"rendered":"https:\/\/noticiasdestaque.com.br\/index.php\/2025\/06\/02\/amazonas-confira-a-agenda-da-agencia-barco-chico-mendes-para-o-mes-de-junho\/"},"modified":"2025-06-02T04:00:00","modified_gmt":"2025-06-02T07:00:00","slug":"amazonas-confira-a-agenda-da-agencia-barco-chico-mendes-para-o-mes-de-junho","status":"publish","type":"post","link":"https:\/\/noticiasdestaque.com.br\/index.php\/2025\/06\/02\/amazonas-confira-a-agenda-da-agencia-barco-chico-mendes-para-o-mes-de-junho\/","title":{"rendered":"AMAZONAS: Confira a agenda da Ag\u00eancia-Barco Chico Mendes para o m\u00eas de junho"},"content":{"rendered":"<p>\t\t\t\t\t\t\t\t\t\t<audio controls class=\"b61_audio_player\" data-noticia=\"82419\" src=\"https:\/\/brasil61.com\/rails\/active_storage\/blobs\/eyJfcmFpbHMiOnsibWVzc2FnZSI6IkJBaHBBM0JiQXc9PSIsImV4cCI6bnVsbCwicHVyIjoiYmxvYl9pZCJ9fQ==--a5a4365536df06a987c9d2fd9a6ffcce1c5df719\/PCXA250540A\"><\/audio><\/p>\n<p>Aten\u00e7\u00e3o, voc\u00ea que est\u00e1 esperando a Ag\u00eancia-Barco Chico Mendes, da CAIXA, chegar \u00e0s cidades ribeirinhas do Amazonas! O percurso e as datas de junho de 2025 sa\u00edram.\u00a0<\/p>\n<p>A embarca\u00e7\u00e3o vai atender seis munic\u00edpios neste per\u00edodo, com servi\u00e7os de desbloqueio de cart\u00f5es e cadastro de senhas para recebimento de benef\u00edcios sociais, como FGTS, Seguro Desemprego, Bolsa Fam\u00edlia e INSS, entre outras opera\u00e7\u00f5es. Todos os servi\u00e7os de uma ag\u00eancia banc\u00e1ria podem ser realizados no barco, com exce\u00e7\u00e3o de movimenta\u00e7\u00e3o de dinheiro em esp\u00e9cie. \u00a0<\/p>\n<p>Escute agora o cronograma e anote a data em que a CAIXA vai estar mais perto de voc\u00ea no m\u00eas de junho.\u00a0<\/p>\n<p>A Ag\u00eancia-Barco Chico Mendes iniciar\u00e1 os trabalhos do m\u00eas por Anori, no dia 2, onde far\u00e1 os atendimentos at\u00e9 o dia 6. J\u00e1 do dia 9 ao dia 11, os servi\u00e7os ser\u00e3o oferecidos \u00e0 popula\u00e7\u00e3o de Beruri.\u00a0<\/p>\n<p>Entre 12 e 13 de junho, os moradores de Anam\u00e3 v\u00e3o ser atendidos pela CAIXA.<\/p>\n<p>No dia 16, os servi\u00e7os ser\u00e3o destinados \u00e0 popula\u00e7\u00e3o de Manaquiri, onde a embarca\u00e7\u00e3o far\u00e1 os atendimentos at\u00e9 o dia 18.\u00a0<\/p>\n<p>Nos dias 19 e 20, ser\u00e1 a vez dos moradores de Careiro da V\u00e1rzea receberem os atendimentos.\u00a0<\/p>\n<p>A \u00faltima parada do m\u00eas ser\u00e1 em Alvar\u00e3es, no dia 30.<\/p>\n<p>O hor\u00e1rio de atendimento \u00e9 das 9 horas da manh\u00e3 \u00e0s tr\u00eas horas da tarde. \u00a0<\/p>\n<p>Para mais informa\u00e7\u00f5es, acesse: <a href=\"http:\/\/caixa.gov.br\">caixa.gov.br<\/a>.<br \/>\n\u00a0<\/p>\n<p>\t\t\t\t\t\t\t\t\t<img loading=\"lazy\" decoding=\"async\" src=\"https:\/\/brasil61.com\/api\/v1\/serve_pixel\/17677\/82419\" alt=\"Pixel Brasil 61\" class=\"b61_pixel\" width=\"0\" height=\"0\"><\/p>\n<input type=\"hidden\" id=\"baseurl\" value=\"https:\/\/noticiasdestaque.com.br\"><input type=\"hidden\" id=\"audio_nonce\" value=\"6f73a554f1\">","protected":false},"excerpt":{"rendered":"<p>A embarca\u00e7\u00e3o vai atender 6 munic\u00edpios neste per\u00edodo<\/p>\n","protected":false},"author":1,"featured_media":44197,"comment_status":"open","ping_status":"open","sticky":false,"template":"","format":"standard","meta":{"fifu_image_url":"","fifu_image_alt":"","footnotes":""},"categories":[59],"tags":[],"class_list":["post-44196","post","type-post","status-publish","format-standard","has-post-thumbnail","hentry","category-economia"],"distributor_meta":false,"distributor_terms":false,"distributor_media":false,"distributor_original_site_name":"Noticias em Destaque","distributor_original_site_url":"https:\/\/noticiasdestaque.com.br","push-errors":false,"_links":{"self":[{"href":"https:\/\/noticiasdestaque.com.br\/index.php\/wp-json\/wp\/v2\/posts\/44196","targetHints":{"allow":["GET"]}}],"collection":[{"href":"https:\/\/noticiasdestaque.com.br\/index.php\/wp-json\/wp\/v2\/posts"}],"about":[{"href":"https:\/\/noticiasdestaque.com.br\/index.php\/wp-json\/wp\/v2\/types\/post"}],"author":[{"embeddable":true,"href":"https:\/\/noticiasdestaque.com.br\/index.php\/wp-json\/wp\/v2\/users\/1"}],"replies":[{"embeddable":true,"href":"https:\/\/noticiasdestaque.com.br\/index.php\/wp-json\/wp\/v2\/comments?post=44196"}],"version-history":[{"count":0,"href":"https:\/\/noticiasdestaque.com.br\/index.php\/wp-json\/wp\/v2\/posts\/44196\/revisions"}],"wp:featuredmedia":[{"embeddable":true,"href":"https:\/\/noticiasdestaque.com.br\/index.php\/wp-json\/wp\/v2\/media\/44197"}],"wp:attachment":[{"href":"https:\/\/noticiasdestaque.com.br\/index.php\/wp-json\/wp\/v2\/media?parent=44196"}],"wp:term":[{"taxonomy":"category","embeddable":true,"href":"https:\/\/noticiasdestaque.com.br\/index.php\/wp-json\/wp\/v2\/categories?post=44196"},{"taxonomy":"post_tag","embeddable":true,"href":"https:\/\/noticiasdestaque.com.br\/index.php\/wp-json\/wp\/v2\/tags?post=44196"}],"curies":[{"name":"wp","href":"https:\/\/api.w.org\/{rel}","templated":true}]}}