{"id":44194,"date":"2025-06-02T01:00:00","date_gmt":"2025-06-02T04:00:00","guid":{"rendered":"https:\/\/noticiasdestaque.com.br\/index.php\/2025\/06\/02\/reforma-administrativa-impasse-fiscal-e-apostas-os-focos-do-congresso-nesta-semana\/"},"modified":"2025-06-02T01:00:00","modified_gmt":"2025-06-02T04:00:00","slug":"reforma-administrativa-impasse-fiscal-e-apostas-os-focos-do-congresso-nesta-semana","status":"publish","type":"post","link":"https:\/\/noticiasdestaque.com.br\/index.php\/2025\/06\/02\/reforma-administrativa-impasse-fiscal-e-apostas-os-focos-do-congresso-nesta-semana\/","title":{"rendered":"Reforma administrativa, impasse fiscal e apostas: os focos do Congresso nesta semana"},"content":{"rendered":"<p>\t\t\t\t\t\t\t\t\t\t<audio controls class=\"b61_audio_player\" data-noticia=\"82380\" src=\"https:\/\/brasil61.com\/rails\/active_storage\/blobs\/eyJfcmFpbHMiOnsibWVzc2FnZSI6IkJBaHBBeXRiQXc9PSIsImV4cCI6bnVsbCwicHVyIjoiYmxvYl9pZCJ9fQ==--1b22288e743a22cc5023379ef7c55e1b61f4a995\/BRAS2514047A\"><\/audio><\/p>\n<p>A semana no Congresso come\u00e7a com a instala\u00e7\u00e3o de um grupo de trabalho na C\u00e2mara dos Deputados para discutir uma nova proposta de reforma administrativa. Criado por ato do presidente da Casa, deputado Hugo Motta (Republicanos-PB), o colegiado tem 45 dias para apresentar um texto que modernize a administra\u00e7\u00e3o p\u00fablica sem desestruturar os servi\u00e7os j\u00e1 existentes. O grupo ser\u00e1 coordenado pelo deputado Pedro Paulo (PSD-RJ), conhecido por sua atua\u00e7\u00e3o em pautas econ\u00f4micas, e contar\u00e1 com 14 integrantes de partidos diversos.<\/p>\n<p>A movimenta\u00e7\u00e3o ocorre ap\u00f3s a aprova\u00e7\u00e3o do reajuste salarial dos servidores federais, o que reacendeu a discuss\u00e3o sobre o equil\u00edbrio fiscal e a efici\u00eancia do setor p\u00fablico. A expectativa \u00e9 que o novo texto busque maior consenso pol\u00edtico do que vers\u00f5es anteriores, como a proposta do governo Bolsonaro, engavetada ap\u00f3s forte resist\u00eancia.<\/p>\n<h2>IOF em xeque: Congresso pressiona por alternativa fiscal<\/h2>\n<p>Outro tema que deve dominar os debates \u00e9 a eleva\u00e7\u00e3o das al\u00edquotas do Imposto sobre Opera\u00e7\u00f5es Financeiras (IOF), medida anunciada pelo governo federal e fortemente criticada por parlamentares. Hugo Motta deu um ultimato de 10 dias ao Executivo para apresentar uma alternativa ao aumento, sob risco de o Congresso sustar o decreto.<\/p>\n<p>Em resposta, o secret\u00e1rio do Tesouro Nacional, Rog\u00e9rio Ceron, admitiu que ainda n\u00e3o h\u00e1 uma proposta concreta, mas destacou que a arrecada\u00e7\u00e3o \u00e9 considerada \u201cimprescind\u00edvel\u201d para cumprir as metas fiscais. A revis\u00e3o das isen\u00e7\u00f5es fiscais, que geram perdas de at\u00e9 R$ 800 milh\u00f5es anuais, tamb\u00e9m deve entrar na pauta como poss\u00edvel caminho para compensar a arrecada\u00e7\u00e3o.<\/p>\n<h2>PEC da reelei\u00e7\u00e3o e mandato de senadores volta \u00e0 cena<\/h2>\n<p>Nos bastidores do Senado, o presidente da Casa, Davi Alcolumbre (Uni\u00e3o-AP), articula a retomada do trecho da PEC 12\/2022 que amplia de oito para dez anos o mandato dos senadores. A proposta de emenda \u00e0 Constitui\u00e7\u00e3o, que tamb\u00e9m estabelece o fim da reelei\u00e7\u00e3o para cargos do Executivo, foi aprovada na Comiss\u00e3o de Constitui\u00e7\u00e3o e Justi\u00e7a (CCJ) com uma vers\u00e3o alterada pelo relator, senador Marcelo Castro (MDB-PI), que reduziu os mandatos para cinco anos ap\u00f3s resist\u00eancia da oposi\u00e7\u00e3o.\u00a0<\/p>\n<p>Agora, Alcolumbre busca restaurar a proposta original durante a vota\u00e7\u00e3o em plen\u00e1rio, prevista para esta semana. A medida conta com apoio de senadores do centr\u00e3o, da base do governo e at\u00e9 de parte da oposi\u00e7\u00e3o, embora haja cr\u00edticas de que o aumento de mandato poderia representar um movimento de legisladores em benef\u00edcio pr\u00f3prio. Caso aprovada no Senado, a PEC seguir\u00e1 para an\u00e1lise na C\u00e2mara dos Deputados.<\/p>\n<h2>Regula\u00e7\u00e3o de apostas e embate ambiental tamb\u00e9m avan\u00e7am<\/h2>\n<p>Ainda no Senado, avan\u00e7a a regulamenta\u00e7\u00e3o da publicidade de apostas esportivas. Aprovado nesta semana, o projeto pro\u00edbe o uso de atletas, artistas e influenciadores em campanhas publicit\u00e1rias de casas de apostas. O texto agora segue para an\u00e1lise na C\u00e2mara dos Deputados.<\/p>\n<p>Outro tema sens\u00edvel ser\u00e1 o projeto que flexibiliza o licenciamento ambiental, apelidado por cr\u00edticos de \u201cPL da devasta\u00e7\u00e3o\u201d. A proposta j\u00e1 foi aprovada no Senado e enfrenta resist\u00eancia de organiza\u00e7\u00f5es ind\u00edgenas, ambientalistas e da Funai. A expectativa \u00e9 de que a press\u00e3o por mudan\u00e7as se intensifique nos pr\u00f3ximos dias.<br \/>\n\u00a0<\/p>\n<p>\t\t\t\t\t\t\t\t\t<img loading=\"lazy\" decoding=\"async\" src=\"https:\/\/brasil61.com\/api\/v1\/serve_pixel\/17677\/82380\" alt=\"Pixel Brasil 61\" class=\"b61_pixel\" width=\"0\" height=\"0\"><\/p>\n<input type=\"hidden\" id=\"baseurl\" value=\"https:\/\/noticiasdestaque.com.br\"><input type=\"hidden\" id=\"audio_nonce\" value=\"6f73a554f1\">","protected":false},"excerpt":{"rendered":"<p>C\u00e2mara instala grupo para discutir moderniza\u00e7\u00e3o do servi\u00e7o p\u00fablico, enquanto Senado avan\u00e7a com PEC da reelei\u00e7\u00e3o e debate ambiental gera rea\u00e7\u00f5es<\/p>\n","protected":false},"author":1,"featured_media":44195,"comment_status":"open","ping_status":"open","sticky":false,"template":"","format":"standard","meta":{"fifu_image_url":"","fifu_image_alt":"","footnotes":""},"categories":[50],"tags":[],"class_list":["post-44194","post","type-post","status-publish","format-standard","has-post-thumbnail","hentry","category-politica"],"distributor_meta":false,"distributor_terms":false,"distributor_media":false,"distributor_original_site_name":"Noticias em Destaque","distributor_original_site_url":"https:\/\/noticiasdestaque.com.br","push-errors":false,"_links":{"self":[{"href":"https:\/\/noticiasdestaque.com.br\/index.php\/wp-json\/wp\/v2\/posts\/44194","targetHints":{"allow":["GET"]}}],"collection":[{"href":"https:\/\/noticiasdestaque.com.br\/index.php\/wp-json\/wp\/v2\/posts"}],"about":[{"href":"https:\/\/noticiasdestaque.com.br\/index.php\/wp-json\/wp\/v2\/types\/post"}],"author":[{"embeddable":true,"href":"https:\/\/noticiasdestaque.com.br\/index.php\/wp-json\/wp\/v2\/users\/1"}],"replies":[{"embeddable":true,"href":"https:\/\/noticiasdestaque.com.br\/index.php\/wp-json\/wp\/v2\/comments?post=44194"}],"version-history":[{"count":0,"href":"https:\/\/noticiasdestaque.com.br\/index.php\/wp-json\/wp\/v2\/posts\/44194\/revisions"}],"wp:featuredmedia":[{"embeddable":true,"href":"https:\/\/noticiasdestaque.com.br\/index.php\/wp-json\/wp\/v2\/media\/44195"}],"wp:attachment":[{"href":"https:\/\/noticiasdestaque.com.br\/index.php\/wp-json\/wp\/v2\/media?parent=44194"}],"wp:term":[{"taxonomy":"category","embeddable":true,"href":"https:\/\/noticiasdestaque.com.br\/index.php\/wp-json\/wp\/v2\/categories?post=44194"},{"taxonomy":"post_tag","embeddable":true,"href":"https:\/\/noticiasdestaque.com.br\/index.php\/wp-json\/wp\/v2\/tags?post=44194"}],"curies":[{"name":"wp","href":"https:\/\/api.w.org\/{rel}","templated":true}]}}