{"id":44184,"date":"2025-05-31T20:20:00","date_gmt":"2025-05-31T23:20:00","guid":{"rendered":"https:\/\/noticiasdestaque.com.br\/index.php\/2025\/05\/31\/radios-projeto-facilita-pagamento-para-migrar-radio-am-para-fm\/"},"modified":"2025-05-31T20:20:00","modified_gmt":"2025-05-31T23:20:00","slug":"radios-projeto-facilita-pagamento-para-migrar-radio-am-para-fm","status":"publish","type":"post","link":"https:\/\/noticiasdestaque.com.br\/index.php\/2025\/05\/31\/radios-projeto-facilita-pagamento-para-migrar-radio-am-para-fm\/","title":{"rendered":"R\u00e1dios: projeto facilita pagamento para migrar r\u00e1dio AM para FM"},"content":{"rendered":"<p>\t\t\t\t\t\t\t\t\t\t<audio controls class=\"b61_audio_player\" data-noticia=\"82376\" src=\"https:\/\/brasil61.com\/rails\/active_storage\/blobs\/eyJfcmFpbHMiOnsibWVzc2FnZSI6IkJBaHBBeWhiQXc9PSIsImV4cCI6bnVsbCwicHVyIjoiYmxvYl9pZCJ9fQ==--49f9e23b759bc83ecc8c33b9eeafe9fd4424bbad\/BRAS2514046A\"><\/audio><\/p>\n<p>O <a href=\"https:\/\/www.camara.leg.br\/proposicoesWeb\/fichadetramitacao?idProposicao=2377220\" target=\"_blank\">Projeto de Lei 3845\/23<\/a>, que<strong> facilita o pagamento para migrar r\u00e1dio AM para FM,<\/strong> foi aprovado pela Comiss\u00e3o de Comunica\u00e7\u00e3o da C\u00e2mara dos Deputados. A proposta permite que a outorga do servi\u00e7o de r\u00e1dio seja paga com espa\u00e7os publicit\u00e1rios para o poder p\u00fablico, quando for decorrente da migra\u00e7\u00e3o do servi\u00e7o de AM para FM. O texto altera a lei que regulamenta as promo\u00e7\u00f5es comerciais (Lei 5.768\/71).<\/p>\n<p>O deputado David Soares (Uni\u00e3o-SP), relator da proposta, apresentou parecer favor\u00e1vel ao projeto apresentado pelo deputado Marcelo Crivella (Republicanos-RJ).\u00a0<\/p>\n<p>\u201cEstamos certos que dessa forma estaremos dando uma solu\u00e7\u00e3o que garante \u00e0s emissoras AM realizarem uma transi\u00e7\u00e3o vi\u00e1vel do ponto de vista econ\u00f4mico, sem, no entanto, ter que competir diretamente ou de forma predat\u00f3ria com as emissoras FM em capta\u00e7\u00e3o de publicidade, apenas para a quita\u00e7\u00e3o dessa importante d\u00edvida contra\u00edda\u201d, afirma em um trecho do relat\u00f3rio.<\/p>\n<p>Ele explicou que o governo ofereceu a possibilidade de aproximadamente 1.700 r\u00e1dios AM migrarem para a chamada faixa de FM estendida, a partir do pagamento de pre\u00e7o p\u00fablico de adapta\u00e7\u00e3o das outorgas em 2013, por meio do Decreto 8.139\/13.<\/p>\n<p>A proposta ser\u00e1 analisada em car\u00e1ter conclusivo \u2013 ou seja, n\u00e3o precisar\u00e1 passar pelo Plen\u00e1rio \u2013 e ser\u00e1 analisada pelas comiss\u00f5es de Finan\u00e7as e Tributa\u00e7\u00e3o; e de Constitui\u00e7\u00e3o e Justi\u00e7a e de Cidadania.<\/p>\n<p>Para virar lei, o projeto tem que ser aprovado pela C\u00e2mara e pelo Senado Federal.\u00a0<\/p>\n<h2>Alto custo para emissoras de r\u00e1dio<\/h2>\n<p>O relator destacou na justificativa do parecer que houve a fixa\u00e7\u00e3o dos valores em diversas categorias. Ele explicou que, para cidades com popula\u00e7\u00e3o acima de 7 milh\u00f5es de habitantes e uma pot\u00eancia superior a 100 KW, o pre\u00e7o da adapta\u00e7\u00e3o \u00e9 acima dos R$ 4 milh\u00f5es. J\u00e1 para esta\u00e7\u00f5es de at\u00e9 1\/2 KW localizadas em cidades com at\u00e9 10 mil habitantes, o pagamento \u00e9 inferior a R$ 10 mil.<\/p>\n<p>Mesmo comparando os valores, o parlamentar avalia que os valores s\u00e3o muito altos. \u201cAinda mais em se considerando a dificuldade de se captar recursos em publicidade atuando em competi\u00e7\u00e3o direta com emissoras em FM j\u00e1 tradicionais e perfeitamente estabelecidas no mercado\u201d, diz no relat\u00f3rio.<\/p>\n<h2>Interesse p\u00fablico e econ\u00f4mico<\/h2>\n<p>Para o relator, deputado David Soares, a a\u00e7\u00e3o de disponibilizar espa\u00e7os publicit\u00e1rios para campanhas de governo nessas r\u00e1dios se tornar\u00e1 uma \u201ccontrapresta\u00e7\u00e3o\u201d que ir\u00e1 viabilizar as iniciativas tanto do ponto de vista econ\u00f4mico, como tamb\u00e9m de interesse p\u00fablico \u2013 j\u00e1 que o governo federal realiza diversas campanhas, como de vacina\u00e7\u00e3o, preven\u00e7\u00e3o a doen\u00e7as ou contra a viol\u00eancia no tr\u00e2nsito.<br \/>\n\u00a0<\/p>\n<p>\t\t\t\t\t\t\t\t\t<img loading=\"lazy\" decoding=\"async\" src=\"https:\/\/brasil61.com\/api\/v1\/serve_pixel\/17677\/82376\" alt=\"Pixel Brasil 61\" class=\"b61_pixel\" width=\"0\" height=\"0\"><\/p>\n<input type=\"hidden\" id=\"baseurl\" value=\"https:\/\/noticiasdestaque.com.br\"><input type=\"hidden\" id=\"audio_nonce\" value=\"6f73a554f1\">","protected":false},"excerpt":{"rendered":"<p>A proposta permite que a outorga do servi\u00e7o de r\u00e1dio seja paga com espa\u00e7os publicit\u00e1rios para o poder p\u00fablico, quando for decorrente da migra\u00e7\u00e3o do servi\u00e7o de AM para FM<\/p>\n","protected":false},"author":1,"featured_media":44185,"comment_status":"open","ping_status":"open","sticky":false,"template":"","format":"standard","meta":{"fifu_image_url":"","fifu_image_alt":"","footnotes":""},"categories":[48],"tags":[],"class_list":["post-44184","post","type-post","status-publish","format-standard","has-post-thumbnail","hentry","category-mundo"],"distributor_meta":false,"distributor_terms":false,"distributor_media":false,"distributor_original_site_name":"Noticias em Destaque","distributor_original_site_url":"https:\/\/noticiasdestaque.com.br","push-errors":false,"_links":{"self":[{"href":"https:\/\/noticiasdestaque.com.br\/index.php\/wp-json\/wp\/v2\/posts\/44184","targetHints":{"allow":["GET"]}}],"collection":[{"href":"https:\/\/noticiasdestaque.com.br\/index.php\/wp-json\/wp\/v2\/posts"}],"about":[{"href":"https:\/\/noticiasdestaque.com.br\/index.php\/wp-json\/wp\/v2\/types\/post"}],"author":[{"embeddable":true,"href":"https:\/\/noticiasdestaque.com.br\/index.php\/wp-json\/wp\/v2\/users\/1"}],"replies":[{"embeddable":true,"href":"https:\/\/noticiasdestaque.com.br\/index.php\/wp-json\/wp\/v2\/comments?post=44184"}],"version-history":[{"count":0,"href":"https:\/\/noticiasdestaque.com.br\/index.php\/wp-json\/wp\/v2\/posts\/44184\/revisions"}],"wp:featuredmedia":[{"embeddable":true,"href":"https:\/\/noticiasdestaque.com.br\/index.php\/wp-json\/wp\/v2\/media\/44185"}],"wp:attachment":[{"href":"https:\/\/noticiasdestaque.com.br\/index.php\/wp-json\/wp\/v2\/media?parent=44184"}],"wp:term":[{"taxonomy":"category","embeddable":true,"href":"https:\/\/noticiasdestaque.com.br\/index.php\/wp-json\/wp\/v2\/categories?post=44184"},{"taxonomy":"post_tag","embeddable":true,"href":"https:\/\/noticiasdestaque.com.br\/index.php\/wp-json\/wp\/v2\/tags?post=44184"}],"curies":[{"name":"wp","href":"https:\/\/api.w.org\/{rel}","templated":true}]}}