{"id":44142,"date":"2025-05-29T20:35:00","date_gmt":"2025-05-29T23:35:00","guid":{"rendered":"https:\/\/noticiasdestaque.com.br\/index.php\/2025\/05\/29\/alta-do-iof-ameaca-setores-que-mais-geram-empregos-no-pais-comercio-e-servicos\/"},"modified":"2025-05-29T20:35:00","modified_gmt":"2025-05-29T23:35:00","slug":"alta-do-iof-ameaca-setores-que-mais-geram-empregos-no-pais-comercio-e-servicos","status":"publish","type":"post","link":"https:\/\/noticiasdestaque.com.br\/index.php\/2025\/05\/29\/alta-do-iof-ameaca-setores-que-mais-geram-empregos-no-pais-comercio-e-servicos\/","title":{"rendered":"Alta do IOF amea\u00e7a setores que mais geram empregos no pa\u00eds: com\u00e9rcio e servi\u00e7os"},"content":{"rendered":"<p>\t\t\t\t\t\t\t\t\t\t<audio controls class=\"b61_audio_player\" data-noticia=\"82341\" src=\"https:\/\/brasil61.com\/rails\/active_storage\/blobs\/eyJfcmFpbHMiOnsibWVzc2FnZSI6IkJBaHBBNmhhQXc9PSIsImV4cCI6bnVsbCwicHVyIjoiYmxvYl9pZCJ9fQ==--886c387d1649a1ad9d680c35ca2feb805e225420\/CACB250017A\"><\/audio><\/p>\n<p>Respons\u00e1veis por mais de 70% dos empregos formais criados em abril, os setores de com\u00e9rcio e servi\u00e7os devem sentir com mais intensidade os efeitos do aumento do Imposto sobre Opera\u00e7\u00f5es Financeiras (IOF), anunciado pelo governo federal. Com forte depend\u00eancia de cr\u00e9dito, principalmente entre pequenas e m\u00e9dias empresas, essas \u00e1reas correm o risco de ver encarecer opera\u00e7\u00f5es essenciais, como financiamentos de capital de giro e seguros de sa\u00fade e ve\u00edculos.\u00a0<\/p>\n<p>Em abril, juntos, com\u00e9rcio e servi\u00e7os abriram 184 mil vagas, de um total de 257.528 postos formais, segundo dados do Caged. Para o presidente da CACB, Alfredo Cotait, a medida \u00e9 prejudicial ao setor produtivo e injusta com quem mais contribui para a economia.<\/p>\n<p>\u201cQuem pagar\u00e1 essa conta do aumento do IOF? O empres\u00e1rio, principalmente o da pequena e m\u00e9dia empresa, que mais depende de cr\u00e9dito, o trabalhador, o consumidor. Em outras palavras, o Brasil real\u201d, afirma.\u00a0<\/p>\n<p>Andr\u00e9 Galhardo, economista-chefe da An\u00e1lise Econ\u00f4mica de S\u00e3o Paulo, analisa que o aumento do IOF pode sim afetar os setores de com\u00e9rcio e servi\u00e7os. Para ele, mais do que o impacto financeiro direto sobre empres\u00e1rios e consumidores, o an\u00fancio das mudan\u00e7as foi mal recebido porque indica uma poss\u00edvel dificuldade do governo em fazer ajustes pelo lado da despesa.<\/p>\n<p>\u201cApesar dos n\u00fameros positivos das contas p\u00fablicas registrados ao longo dos \u00faltimos meses, esse IOF foi inoportuno n\u00e3o apenas em rela\u00e7\u00e3o ao impacto financeiro que trar\u00e1 pras empresas e para os consumidores, mas sugere que o governo possa enfrentar dificuldades para cumprir as metas estabelecidas pelo novo arcabou\u00e7o fiscal, sobretudo a partir do ano de 2027\u201d, afirma Galhardo.<\/p>\n<p><b>N\u00fameros positivos do m\u00eas de abril<\/b><\/p>\n<p>O Brasil registrou a cria\u00e7\u00e3o de 257.528 vagas formais de trabalho em abril, com destaque para os setores de <b>Servi\u00e7os<\/b> e <b>Com\u00e9rcio<\/b>, que lideraram a gera\u00e7\u00e3o de empregos. O setor de Servi\u00e7os foi o principal respons\u00e1vel pelo crescimento, abrindo 136.109 vagas no m\u00eas, puxado especialmente pelas \u00e1reas de informa\u00e7\u00e3o, comunica\u00e7\u00e3o, servi\u00e7os financeiros, imobili\u00e1rios, profissionais e administrativos que, sozinhas, responderam por mais de 52 mil postos. O Com\u00e9rcio tamb\u00e9m teve bom desempenho, com a cria\u00e7\u00e3o de 48.040 vagas, representando um crescimento de 0,45%.<\/p>\n<p>Juntos, os dois setores responderam por 71% do total de empregos formais criados em abril, somando 184 mil novas oportunidades. No acumulado do ano, de janeiro a abril, o resultado \u00e9 ainda mais expressivo: Com\u00e9rcio e Servi\u00e7os geraram 541 mil postos de trabalho com carteira assinada, o que refor\u00e7a a import\u00e2ncia dessas atividades na recupera\u00e7\u00e3o e no fortalecimento do mercado de trabalho brasileiro. Os dados s\u00e3o do Caged (Cadastro Geral de Empregados e Desempregados), divulgado na \u00faltima quarta (28) pelo Minist\u00e9rio do Trabalho e Emprego.<\/p>\n<p>\t\t\t\t\t\t\t\t\t<img loading=\"lazy\" decoding=\"async\" src=\"https:\/\/brasil61.com\/api\/v1\/serve_pixel\/17677\/82341\" alt=\"Pixel Brasil 61\" class=\"b61_pixel\" width=\"0\" height=\"0\"><\/p>\n<input type=\"hidden\" id=\"baseurl\" value=\"https:\/\/noticiasdestaque.com.br\"><input type=\"hidden\" id=\"audio_nonce\" value=\"6f73a554f1\">","protected":false},"excerpt":{"rendered":"<p>Para o presidente da CACB, Alfredo Cotait, medida \u00e9 prejudicial ao setor produtivo e injusta com quem mais contribui para a economia\u2028\u2028<\/p>\n","protected":false},"author":1,"featured_media":44143,"comment_status":"open","ping_status":"open","sticky":false,"template":"","format":"standard","meta":{"fifu_image_url":"","fifu_image_alt":"","footnotes":""},"categories":[59],"tags":[],"class_list":["post-44142","post","type-post","status-publish","format-standard","has-post-thumbnail","hentry","category-economia"],"distributor_meta":false,"distributor_terms":false,"distributor_media":false,"distributor_original_site_name":"Noticias em Destaque","distributor_original_site_url":"https:\/\/noticiasdestaque.com.br","push-errors":false,"_links":{"self":[{"href":"https:\/\/noticiasdestaque.com.br\/index.php\/wp-json\/wp\/v2\/posts\/44142","targetHints":{"allow":["GET"]}}],"collection":[{"href":"https:\/\/noticiasdestaque.com.br\/index.php\/wp-json\/wp\/v2\/posts"}],"about":[{"href":"https:\/\/noticiasdestaque.com.br\/index.php\/wp-json\/wp\/v2\/types\/post"}],"author":[{"embeddable":true,"href":"https:\/\/noticiasdestaque.com.br\/index.php\/wp-json\/wp\/v2\/users\/1"}],"replies":[{"embeddable":true,"href":"https:\/\/noticiasdestaque.com.br\/index.php\/wp-json\/wp\/v2\/comments?post=44142"}],"version-history":[{"count":0,"href":"https:\/\/noticiasdestaque.com.br\/index.php\/wp-json\/wp\/v2\/posts\/44142\/revisions"}],"wp:featuredmedia":[{"embeddable":true,"href":"https:\/\/noticiasdestaque.com.br\/index.php\/wp-json\/wp\/v2\/media\/44143"}],"wp:attachment":[{"href":"https:\/\/noticiasdestaque.com.br\/index.php\/wp-json\/wp\/v2\/media?parent=44142"}],"wp:term":[{"taxonomy":"category","embeddable":true,"href":"https:\/\/noticiasdestaque.com.br\/index.php\/wp-json\/wp\/v2\/categories?post=44142"},{"taxonomy":"post_tag","embeddable":true,"href":"https:\/\/noticiasdestaque.com.br\/index.php\/wp-json\/wp\/v2\/tags?post=44142"}],"curies":[{"name":"wp","href":"https:\/\/api.w.org\/{rel}","templated":true}]}}