{"id":44138,"date":"2025-05-29T19:10:00","date_gmt":"2025-05-29T22:10:00","guid":{"rendered":"https:\/\/noticiasdestaque.com.br\/index.php\/2025\/05\/29\/imposto-de-renda-prazo-para-declaracao-acaba-nesta-sexta-30\/"},"modified":"2025-05-29T19:10:00","modified_gmt":"2025-05-29T22:10:00","slug":"imposto-de-renda-prazo-para-declaracao-acaba-nesta-sexta-30","status":"publish","type":"post","link":"https:\/\/noticiasdestaque.com.br\/index.php\/2025\/05\/29\/imposto-de-renda-prazo-para-declaracao-acaba-nesta-sexta-30\/","title":{"rendered":"Imposto de Renda: prazo para declara\u00e7\u00e3o acaba nesta sexta (30)"},"content":{"rendered":"<p>\t\t\t\t\t\t\t\t\t\t<audio controls class=\"b61_audio_player\" data-noticia=\"82335\" src=\"https:\/\/brasil61.com\/rails\/active_storage\/blobs\/eyJfcmFpbHMiOnsibWVzc2FnZSI6IkJBaHBBNEphQXc9PSIsImV4cCI6bnVsbCwicHVyIjoiYmxvYl9pZCJ9fQ==--771e399e216ee4db183f01d89826483f59a1c863\/BRAS2514038A\"><\/audio><\/p>\n<p>O prazo para entrega da declara\u00e7\u00e3o do Imposto de Renda 2025, referente ao ano calend\u00e1rio 2024, <strong>termina nesta sexta-feira, 30 de maio<\/strong>. At\u00e9 quinta-feira (29), \u00a036.721.602 declara\u00e7\u00f5es foram entregues. A Receita Federal estima que, ao todo, 46,2 milh\u00f5es declara\u00e7\u00f5es sejam apresentadas neste ano. \u00a0<\/p>\n<h2>Confira a previs\u00e3o por estado\u00a0<\/h2>\n<p><img decoding=\"async\" style=\"width:100%\" alt=\"\" src=\"https:\/\/noticiasdestaque.com.br\/wp-content\/uploads\/2025\/05\/ImpostodeRendaprazoparadeclaraoacabanestasexta30_0864529001748559712.jpeg\" \/><\/p>\n<p>Os contribuintes t\u00eam tr\u00eas op\u00e7\u00f5es para fazer a declara\u00e7\u00e3o: pelo programa para computadores, pelo aplicativo para celular e pelo portal <a href=\"https:\/\/cav.receita.fazenda.gov.br\/autenticacao\/login\" target=\"_blank\">e-CAC<\/a> na plataforma <a href=\"https:\/\/sso.acesso.gov.br\/login?client_id=portal-logado.estaleiro.serpro.gov.br&amp;authorization_id=1971c9fdd2e\" target=\"_blank\">Gov.br<\/a>.<\/p>\n<h2>Confira as possibilidades nos links abaixo:\u00a0<\/h2>\n<ul>\n<li>\n<p><a href=\"https:\/\/www.serpro.gov.br\/\" target=\"_blank\">Declara\u00e7\u00e3o Online<\/a> \u2013 dispon\u00edvel nas plataformas para quem possui conta GOV.BR ouro ou prata.\u00a0<\/p>\n<\/li>\n<li>\n<p><a href=\"https:\/\/www.gov.br\/receitafederal\/pt-br\/centrais-de-conteudo\/download\/pgd\/dirpf\" target=\"_blank\">Programa Gerador da Declara\u00e7\u00e3o (PGD)<\/a> \u2013 para computadores, dispon\u00edvel no site da Receita Federal.\u00a0<\/p>\n<\/li>\n<li><a href=\"https:\/\/www.gov.br\/receitafederal\/pt-br\/centrais-de-conteudo\/download\/pgd\/dirpf\" target=\"_blank\">Meu Imposto de Renda (MIR) <\/a>\u2013 solu\u00e7\u00e3o online para celulares e tablets. \u00a0<\/li>\n<\/ul>\n<h2>Quem \u00e9 obrigado a declarar IRPF em 2025?<\/h2>\n<p>Este ano s\u00e3o obrigados a declarar o Imposto de Renda os seguintes perfis de contribuintes, entre outros:\u00a0<\/p>\n<ul>\n<li>Rendimentos Tribut\u00e1veis: quem teve rendimentos tribut\u00e1veis superiores a R$ 33.888,00 em 2024, como sal\u00e1rios e alugu\u00e9is.<\/li>\n<li>Rendimentos Isentos ou tributados na fonte: quem recebeu valores acima de R$ 200 mil, apesar de isentos, como indeniza\u00e7\u00f5es trabalhistas.<\/li>\n<li>Atividade na Bolsa de Valores: quem fez opera\u00e7\u00f5es na Bolsa com quantia acima de R$ 40 mil ou obteve ganho sujeito \u00e0 tributa\u00e7\u00e3o.<\/li>\n<li>Bens e Direitos: quem tem posse ou propriedade de bens com valores superiores a R$ 800 mil; ou ainda quem realizar a venda de im\u00f3veis com isen\u00e7\u00e3o de Imposto de Renda condicionada \u00e0 aquisi\u00e7\u00e3o de outro im\u00f3vel\u00a0<\/li>\n<\/ul>\n<h2>Multa e consequ\u00eancias\u00a0para quem n\u00e3o declarar o IR<\/h2>\n<p>A apresenta\u00e7\u00e3o da\u00a0declara\u00e7\u00e3o pelo contribuinte \u00e9 obrigat\u00f3ria;\u00a0no caso de apresenta\u00e7\u00e3o ap\u00f3s o prazo previsto ou da n\u00e3o apresenta\u00e7\u00e3o, o contribuinte est\u00e1\u00a0sujeito ao pagamento de multa por atraso.<\/p>\n<p>Conforme a Receita Federal,\u00a0 quem n\u00e3o entregar a declara\u00e7\u00e3o no prazo e tiver imposto a pagar receber\u00e1, ainda,\u00a0<strong>multa m\u00ednima de R$ 165,74 e m\u00e1xima\u00a0de 20% do imposto devido<\/strong>. Em caso de inexist\u00eancia de imposto devido, a multa \u00e9 de R$ 165,74. O especialista em direito tribut\u00e1rio Asafe Gon\u00e7alves\u00a0ressalta outras poss\u00edveis consequ\u00eancias.\u00a0<\/p>\n<p>\u201cE se voc\u00ea n\u00e3o entrega a tua declara\u00e7\u00e3o de Imposto de Renda, n\u00e3o consegue obter nenhum tipo de certid\u00e3o ou outro servi\u00e7o vinculado ao teu CPF dentro da Receita Federal, o que atrapalha a vida. Voc\u00ea tem o risco de cair na malha fina da Receita Federal, podendo ter repercuss\u00e3o penal e criminal por conta do crime de sonega\u00e7\u00e3o fiscal\u201d, destaca.<\/p>\n<h2>Ativos no exterior\u00a0<\/h2>\n<p>De acordo com a Receita Federal, em alinhamento \u00e0s determina\u00e7\u00f5es da Lei n\u00ba 14.754\/2023, tamb\u00e9m ter\u00e1 de prestar contas ao Fisco quem optou por declarar bens e direitos de entidade controlada no exterior pelo Regime de Transpar\u00eancia Fiscal. A exig\u00eancia ser\u00e1 aplicada a quem detinha, em 31 de dezembro de 2024, <em>trusts <\/em>ou contratos similares regidos por lei estrangeira.\u00a0<br \/>\n\u00a0<\/p>\n<p>\t\t\t\t\t\t\t\t\t<img loading=\"lazy\" decoding=\"async\" src=\"https:\/\/brasil61.com\/api\/v1\/serve_pixel\/17677\/82335\" alt=\"Pixel Brasil 61\" class=\"b61_pixel\" width=\"0\" height=\"0\"><\/p>\n<input type=\"hidden\" id=\"baseurl\" value=\"https:\/\/noticiasdestaque.com.br\"><input type=\"hidden\" id=\"audio_nonce\" value=\"6f73a554f1\">","protected":false},"excerpt":{"rendered":"<p>At\u00e9 o dia 29, mais de 36 milh\u00f5es de declara\u00e7\u00f5es foram entregues; quem n\u00e3o enviar est\u00e1 sujeito \u00e0 multa<\/p>\n","protected":false},"author":1,"featured_media":44139,"comment_status":"open","ping_status":"open","sticky":false,"template":"","format":"standard","meta":{"fifu_image_url":"","fifu_image_alt":"","footnotes":""},"categories":[59],"tags":[],"class_list":["post-44138","post","type-post","status-publish","format-standard","has-post-thumbnail","hentry","category-economia"],"distributor_meta":false,"distributor_terms":false,"distributor_media":false,"distributor_original_site_name":"Noticias em Destaque","distributor_original_site_url":"https:\/\/noticiasdestaque.com.br","push-errors":false,"_links":{"self":[{"href":"https:\/\/noticiasdestaque.com.br\/index.php\/wp-json\/wp\/v2\/posts\/44138","targetHints":{"allow":["GET"]}}],"collection":[{"href":"https:\/\/noticiasdestaque.com.br\/index.php\/wp-json\/wp\/v2\/posts"}],"about":[{"href":"https:\/\/noticiasdestaque.com.br\/index.php\/wp-json\/wp\/v2\/types\/post"}],"author":[{"embeddable":true,"href":"https:\/\/noticiasdestaque.com.br\/index.php\/wp-json\/wp\/v2\/users\/1"}],"replies":[{"embeddable":true,"href":"https:\/\/noticiasdestaque.com.br\/index.php\/wp-json\/wp\/v2\/comments?post=44138"}],"version-history":[{"count":0,"href":"https:\/\/noticiasdestaque.com.br\/index.php\/wp-json\/wp\/v2\/posts\/44138\/revisions"}],"wp:featuredmedia":[{"embeddable":true,"href":"https:\/\/noticiasdestaque.com.br\/index.php\/wp-json\/wp\/v2\/media\/44139"}],"wp:attachment":[{"href":"https:\/\/noticiasdestaque.com.br\/index.php\/wp-json\/wp\/v2\/media?parent=44138"}],"wp:term":[{"taxonomy":"category","embeddable":true,"href":"https:\/\/noticiasdestaque.com.br\/index.php\/wp-json\/wp\/v2\/categories?post=44138"},{"taxonomy":"post_tag","embeddable":true,"href":"https:\/\/noticiasdestaque.com.br\/index.php\/wp-json\/wp\/v2\/tags?post=44138"}],"curies":[{"name":"wp","href":"https:\/\/api.w.org\/{rel}","templated":true}]}}