{"id":44131,"date":"2025-05-28T19:30:00","date_gmt":"2025-05-28T22:30:00","guid":{"rendered":"https:\/\/noticiasdestaque.com.br\/index.php\/2025\/05\/28\/aviacao-brasil-evento-homenageia-empresas-aereas-e-destaca-evolucao-do-setor-no-pais\/"},"modified":"2025-05-28T19:30:00","modified_gmt":"2025-05-28T22:30:00","slug":"aviacao-brasil-evento-homenageia-empresas-aereas-e-destaca-evolucao-do-setor-no-pais","status":"publish","type":"post","link":"https:\/\/noticiasdestaque.com.br\/index.php\/2025\/05\/28\/aviacao-brasil-evento-homenageia-empresas-aereas-e-destaca-evolucao-do-setor-no-pais\/","title":{"rendered":"Avia\u00e7\u00e3o + Brasil: evento homenageia empresas a\u00e9reas e destaca evolu\u00e7\u00e3o do setor no pa\u00eds"},"content":{"rendered":"<p>\t\t\t\t\t\t\t\t\t\t<audio controls class=\"b61_audio_player\" data-noticia=\"82322\" src=\"https:\/\/brasil61.com\/rails\/active_storage\/blobs\/eyJfcmFpbHMiOnsibWVzc2FnZSI6IkJBaHBBN2RaQXc9PSIsImV4cCI6bnVsbCwicHVyIjoiYmxvYl9pZCJ9fQ==--3c23240d17396b83576f7f4c081982fd4c422be2\/MPOR250065A\"><\/audio><\/p>\n<p>Aeroportos e empresas a\u00e9reas que se destacaram na presta\u00e7\u00e3o de servi\u00e7os\u00a0durante o ano de 2024 foram homenageados na 10\u00aa edi\u00e7\u00e3o do pr\u00eamio Avia\u00e7\u00e3o + Brasil. O evento, organizado pelo Minist\u00e9rio de Portos e Aeroportos <a href=\"https:\/\/www.gov.br\/portos-e-aeroportos\/pt-br\" target=\"_blank\">(MPor)<\/a> em parceria com o Minist\u00e9rio dos Direitos Humanos e da Cidadania, a Ag\u00eancia Nacional de Avia\u00e7\u00e3o A\u00e9rea <a href=\"https:\/\/www.gov.br\/anac\/pt-br\" target=\"_blank\">(ANAC)<\/a> e o grupo Brasil Export, foi realizado na ter\u00e7a-feira (27).<\/p>\n<p>Na ocasi\u00e3o, tamb\u00e9m foram homenageadas iniciativas que valorizam a inova\u00e7\u00e3o e a acessibilidade no setor a\u00e9reo. Al\u00e9m disso, este ano foi criado o \u201cPr\u00eamio Resili\u00eancia\u201d, destinado a a\u00e7\u00f5es de supera\u00e7\u00e3o de desafios no setor.\u00a0<\/p>\n<p>Presente na cerim\u00f4nia de premia\u00e7\u00e3o, o ministro do MPor, Silvio Costa Filho, falou sobre a import\u00e2ncia dos investimentos que fortalecem o setor. Na avalia\u00e7\u00e3o dele, os recursos aplicados no ano passado contribu\u00edram para a retomada do segmento ap\u00f3s a pandemia de Covid-19, com evolu\u00e7\u00e3o no turismo internacional e nacional, al\u00e9m de proporcionarem gera\u00e7\u00e3o de emprego e renda.<\/p>\n<p>\u201cO maior programa social do pa\u00eds \u00e9 o emprego e a renda para a popula\u00e7\u00e3o. \u00c9 isso que traz dignidade e traz felicidade para as pessoas. E na medida que a gente avan\u00e7a no fortalecimento do n\u00famero de passageiros viajando pelo Brasil, estimula o crescimento do setor de servi\u00e7os, do setor terci\u00e1rio e movimenta a roda da economia brasileira\u201d, destacou.<\/p>\n<p><a href=\"https:\/\/brasil61.com\/n\/transporte-aereo-movimentacao-de-passageiros-no-brasil-supera-em-4-periodo-pre-pandemia-mpor250059\" target=\"_blank\">TRANSPORTE A\u00c9REO: movimenta\u00e7\u00e3o de passageiros no Brasil supera em 4% per\u00edodo pr\u00e9-pandemia<\/a><\/p>\n<p><a href=\"https:\/\/brasil61.com\/n\/mpor-e-anac-lancam-guia-de-combate-ao-assedio-e-a-importunacao-sexual-na-aviacao-civil-mpor250061\" target=\"_blank\">MPor e Anac lan\u00e7am guia de combate ao ass\u00e9dio e \u00e0 importuna\u00e7\u00e3o Sexual na Avia\u00e7\u00e3o Civil<\/a><\/p>\n<p>A secret\u00e1ria-executiva do Minist\u00e9rio de Portos e Aeroportos, Mariana Pescatori, tamb\u00e9m esteve no evento. Segundo ela, esse tipo de premia\u00e7\u00e3o vai al\u00e9m do reconhecimento por um bom trabalho, j\u00e1 que tamb\u00e9m serve de est\u00edmulo para que as companhias busquem cada vez mais melhorar os servi\u00e7os oferecidos \u00e0 popula\u00e7\u00e3o.<\/p>\n<p>\u201cA melhor forma de fazer com que as empresas melhorem cada vez mais, revolucionando o setor, \u00e9 a partir de selos e premia\u00e7\u00f5es. Fizemos uma premia\u00e7\u00e3o de g\u00eanero no setor portu\u00e1rio e a ideia \u00e9 criarmos isso tamb\u00e9m para ter mais setores. Na COP 30, vamos entregar as premia\u00e7\u00f5es\u201d, afirmou.<\/p>\n<h2>Evolu\u00e7\u00e3o do setor aerovi\u00e1rio<\/h2>\n<p>Al\u00e9m da premia\u00e7\u00e3o, o Avia\u00e7\u00e3o + Brasil tamb\u00e9m refor\u00e7ou que o setor tem apresentado evolu\u00e7\u00f5es, com crescimento expressivo no per\u00edodo p\u00f3s-pandemia. S\u00f3 em 2024, o n\u00famero de passageiros transportados chegou a 118 milh\u00f5es, com uma ocupa\u00e7\u00e3o de 83,1% nas aeronaves. Este foi o maior \u00edndice verificado desde 2002.<\/p>\n<p>Durante a cerim\u00f4nia, o secret\u00e1rio Nacional de Avia\u00e7\u00e3o Civil, Tom\u00e9 Franca, comentou sobre o bom desempenho do setor no ano passado, marcado por recorde de passageiros e de investimentos.<\/p>\n<p>&#8220;Quando a gente fala em bilh\u00f5es em investimentos, a gente sempre est\u00e1 cuidando das pessoas. N\u00f3s queremos que os passageiros que transitam pelos nossos aeroportos possam receber um servi\u00e7o \u00e0 altura do povo brasileiro&#8221;, disse.<\/p>\n<p>At\u00e9 o fim de 2026, a expectativa \u00e9 de que os aeroportos brasileiros recebam R$ 10 bilh\u00f5es em investimentos p\u00fablicos e privados. Os recursos ser\u00e3o destinados a melhorias da infraestrutura \u2013 que j\u00e1 podem ser verificadas na nota de satisfa\u00e7\u00e3o dos passageiros com os terminais aerovi\u00e1rios, atingindo um \u00edndice de 4,4 em uma escala que vai at\u00e9 5.<\/p>\n<p>O ministro das Comunica\u00e7\u00f5es, Frederico de Siqueira Filho, tamb\u00e9m participou da premia\u00e7\u00e3o. Na avalia\u00e7\u00e3o dele, os resultados positivos s\u00e3o reflexo de um trabalho em conjunto entre governo, setor privado e sociedade. Al\u00e9m disso, ele considera que a conectividade tamb\u00e9m est\u00e1 atrelada a esse desempenho.<\/p>\n<p>\u201cSabemos que a conectividade digital \u00e9 hoje uma parte essencial na experi\u00eancia de quem viaja. Embarcar em um voo come\u00e7a muitas vezes com um check-in online, passa por aplicativo de transporte, informa\u00e7\u00e3o digital em terminais e termina com a mensagem linkada ao seu smartphone. Muitas vezes com wi-fi gratuito &#8220;, ressaltou.<\/p>\n<p>J\u00e1 para o diretor-presidente substituto da Ag\u00eancia Nacional de Avia\u00e7\u00e3o Civil (Anac), Roberto Honorato, o pr\u00eamio \u00e9 um chamado \u00e0 a\u00e7\u00e3o. \u201cTrata-se de um convite para que todas as empresas, cada profissional do setor, cada um de n\u00f3s reflitamos sobre o papel que desempenha a constru\u00e7\u00e3o de uma cria\u00e7\u00e3o mais humana, mais inclusiva e mais acess\u00edvel para todos os brasileiros\u201d, pontuou.<\/p>\n<p>Segundo o CEO da Aeroportos do Brasil, F\u00e1bio Rog\u00e9rio, que tamb\u00e9m esteve na cerim\u00f4nia, mesmo que a premia\u00e7\u00e3o apresente uma ideia de competitividade, \u00e9 importante destacar que a mensagem principal \u00e9 de colabora\u00e7\u00e3o. \u201c\u00c9 imposs\u00edvel voar sozinho. O setor est\u00e1 pronto para celebrar conquistas em pautas significativas e enfrentar quest\u00f5es sens\u00edveis e fundamentais para a avia\u00e7\u00e3o brasileira\u201d, defendeu.<\/p>\n<h2>Veja a lista dos premiados na 10\u00aa edi\u00e7\u00e3o do pr\u00eamio Aeroportos + Brasil<\/h2>\n<ul>\n<li>Pr\u00eamio Resili\u00eancia \u2013 Aeroporto Salgado Filho (Porto Alegre)<\/li>\n<li>Pr\u00eamio Inova\u00e7\u00e3o e Sustentabilidade (Empresa A\u00e9rea) \u2013 implanta\u00e7\u00e3o da rampa de acesso \u00e0 aeronave Gol Linhas A\u00e9reas<\/li>\n<li>Pr\u00eamio Inova\u00e7\u00e3o e Sustentabilidade (Operador Portu\u00e1rio) \u2013 planejamento e uso de dados para melhorar a efici\u00eancia do atendimento da empresa Aena<\/li>\n<li>Pr\u00eamio Voa Brasil \u2013 Gol Linhas A\u00e9reas<\/li>\n<li>Melhor Aeroporto Regional do Sudeste \u2013 Aeroporto de Uberl\u00e2ndia (MG)<\/li>\n<li>Melhor Aeroporto Regional do Sul \u2013 Aeroporto de Cascavel (PR)<\/li>\n<li>Melhor Aeroporto Regional do Centro-Oeste\/Norte \u2013 Aeroporto de Sinop (MT)<\/li>\n<li>Melhor Aeroporto Regional do Nordeste \u2013 Aeroporto de Campina Grande (PB)<\/li>\n<li>Aeroporto Regional Mais Brasil \u2013 Aeroporto de Cascavel (PR)<\/li>\n<li>Aeroporto Mais Pontual at\u00e9 5 milh\u00f5es de passageiros \u2013 Aeroporto de Macei\u00f3 (AL)<\/li>\n<li>Aeroporto Mais Pontual entre 5 milh\u00f5es e 10 milh\u00f5es de passageiros \u2013 Aeroporto do Recife (PE)<\/li>\n<li>Aeroporto Mais Pontual mais de 10 milh\u00f5es de passageiros \u2013 Aeroporto de Bras\u00edlia (DF)<\/li>\n<li>Empresa A\u00e9rea Mais Pontual \u2013 Latam Airlines Brasil<\/li>\n<li>Melhor Aeroporto at\u00e9 5 milh\u00f5es de passageiros \u2013 Aeroporto de Florian\u00f3polis (SC)<\/li>\n<li>Melhor Aeroporto entre 5 milh\u00f5es e 10 milh\u00f5es de passageiros \u2013 Aeroporto de Curitiba (PR)<\/li>\n<li>Melhor Aeroporto mais de 10 milh\u00f5es de passageiros \u2013 Aeroporto de Campinas (SP)<\/li>\n<li>Empresa A\u00e9rea Mais Brasil \u2013 Azul Linhas A\u00e9reas<\/li>\n<li>Aeroporto Mais Brasil \u2013 Aeroporto de Florian\u00f3polis (SC)<\/li>\n<\/ul>\n<p>\t\t\t\t\t\t\t\t\t<img loading=\"lazy\" decoding=\"async\" src=\"https:\/\/brasil61.com\/api\/v1\/serve_pixel\/17677\/82322\" alt=\"Pixel Brasil 61\" class=\"b61_pixel\" width=\"0\" height=\"0\"><\/p>\n<input type=\"hidden\" id=\"baseurl\" value=\"https:\/\/noticiasdestaque.com.br\"><input type=\"hidden\" id=\"audio_nonce\" value=\"6f73a554f1\">","protected":false},"excerpt":{"rendered":"<p>De acordo com o Minist\u00e9rio de Portos e Aeroportos, s\u00f3 em 2024, o n\u00famero de passageiros transportados chegou a 118 milh\u00f5es, com uma ocupa\u00e7\u00e3o de 83,1% nas aeronaves<\/p>\n","protected":false},"author":1,"featured_media":44132,"comment_status":"open","ping_status":"open","sticky":false,"template":"","format":"standard","meta":{"fifu_image_url":"","fifu_image_alt":"","footnotes":""},"categories":[48],"tags":[],"class_list":["post-44131","post","type-post","status-publish","format-standard","has-post-thumbnail","hentry","category-mundo"],"distributor_meta":false,"distributor_terms":false,"distributor_media":false,"distributor_original_site_name":"Noticias em Destaque","distributor_original_site_url":"https:\/\/noticiasdestaque.com.br","push-errors":false,"_links":{"self":[{"href":"https:\/\/noticiasdestaque.com.br\/index.php\/wp-json\/wp\/v2\/posts\/44131","targetHints":{"allow":["GET"]}}],"collection":[{"href":"https:\/\/noticiasdestaque.com.br\/index.php\/wp-json\/wp\/v2\/posts"}],"about":[{"href":"https:\/\/noticiasdestaque.com.br\/index.php\/wp-json\/wp\/v2\/types\/post"}],"author":[{"embeddable":true,"href":"https:\/\/noticiasdestaque.com.br\/index.php\/wp-json\/wp\/v2\/users\/1"}],"replies":[{"embeddable":true,"href":"https:\/\/noticiasdestaque.com.br\/index.php\/wp-json\/wp\/v2\/comments?post=44131"}],"version-history":[{"count":0,"href":"https:\/\/noticiasdestaque.com.br\/index.php\/wp-json\/wp\/v2\/posts\/44131\/revisions"}],"wp:featuredmedia":[{"embeddable":true,"href":"https:\/\/noticiasdestaque.com.br\/index.php\/wp-json\/wp\/v2\/media\/44132"}],"wp:attachment":[{"href":"https:\/\/noticiasdestaque.com.br\/index.php\/wp-json\/wp\/v2\/media?parent=44131"}],"wp:term":[{"taxonomy":"category","embeddable":true,"href":"https:\/\/noticiasdestaque.com.br\/index.php\/wp-json\/wp\/v2\/categories?post=44131"},{"taxonomy":"post_tag","embeddable":true,"href":"https:\/\/noticiasdestaque.com.br\/index.php\/wp-json\/wp\/v2\/tags?post=44131"}],"curies":[{"name":"wp","href":"https:\/\/api.w.org\/{rel}","templated":true}]}}