{"id":44129,"date":"2025-05-28T19:50:00","date_gmt":"2025-05-28T22:50:00","guid":{"rendered":"https:\/\/noticiasdestaque.com.br\/index.php\/2025\/05\/28\/senado-aprova-projeto-que-amplia-participacao-de-micro-e-pequenas-empresas-em-licitacoes-publicas\/"},"modified":"2025-05-28T19:50:00","modified_gmt":"2025-05-28T22:50:00","slug":"senado-aprova-projeto-que-amplia-participacao-de-micro-e-pequenas-empresas-em-licitacoes-publicas","status":"publish","type":"post","link":"https:\/\/noticiasdestaque.com.br\/index.php\/2025\/05\/28\/senado-aprova-projeto-que-amplia-participacao-de-micro-e-pequenas-empresas-em-licitacoes-publicas\/","title":{"rendered":"Senado aprova projeto que amplia participa\u00e7\u00e3o de micro e pequenas empresas em licita\u00e7\u00f5es p\u00fablicas"},"content":{"rendered":"<p>\t\t\t\t\t\t\t\t\t\t<audio controls class=\"b61_audio_player\" data-noticia=\"82321\" src=\"https:\/\/brasil61.com\/rails\/active_storage\/blobs\/eyJfcmFpbHMiOnsibWVzc2FnZSI6IkJBaHBBOHRaQXc9PSIsImV4cCI6bnVsbCwicHVyIjoiYmxvYl9pZCJ9fQ==--1242be89721333e86c63d2231a6a8d114dbd597c\/BRAS2514032B\"><\/audio><\/p>\n<p>Micro e pequenas empresas <strong>ter\u00e3o est\u00edmulo para serem contratadas em processos de licita\u00e7\u00e3o p\u00fablica<\/strong>. \u00c9 o que prev\u00ea o Projeto de Lei Complementar (PLP 234\/2020), de iniciativa do senador Chico Rodrigues (PSB-RR), aprovado pelo Senado Federal. A proposta <strong>altera o Estatuto Nacional da Microempresa e da Empresa de Pequeno Porte <\/strong>(Lei Complementar n\u00ba 123, de 2006).<\/p>\n<p>Com o objetivo de ampliar a participa\u00e7\u00e3o de micro e pequenas empresas e de microempreendedores individuais em licita\u00e7\u00f5es p\u00fablicas, o autor afirmou que o projeto <strong>ajusta o limite m\u00e1ximo para contrata\u00e7\u00f5es e compras exclusivas desses segmentos pelo poder p\u00fablico<\/strong>. Atualmente fixado em R$ 80 mil, esse teto passar\u00e1 para mais de R$ 125 mil.<\/p>\n<p>Dessa forma, compras e contrata\u00e7\u00f5es realizadas pela administra\u00e7\u00e3o p\u00fablica <strong>de at\u00e9 R$ 125 mil passar\u00e3o a ser feitas exclusivamente<\/strong> com empreendedores desses setores.<\/p>\n<p>Pela proposta, a administra\u00e7\u00e3o p\u00fablica dever\u00e1 exigir dos licitantes, quando aplic\u00e1vel, a subcontrata\u00e7\u00e3o de micro ou pequenas empresas para a execu\u00e7\u00e3o de obras e servi\u00e7os. A mat\u00e9ria foi relatada pelo senador Pl\u00ednio Val\u00e9rio (PSDB-AM).<\/p>\n<p>Rodrigues destacou que, atualmente, h\u00e1 cerca de nove milh\u00f5es de micro e pequenas empresas em atividade no pa\u00eds e mais de 14 milh\u00f5es de microempreendedores individuais (MEIs). Ele tamb\u00e9m ressaltou que os <strong>valores estabelecidos no projeto dever\u00e3o ser atualizados anualmente com base no IPCA<\/strong>, a fim de evitar defasagens.<\/p>\n<p>Por exemplo, no caso dos MEIs, a proposta prev\u00ea que a administra\u00e7\u00e3o p\u00fablica poder\u00e1 contratar exclusivamente desses profissionais compras e servi\u00e7os no valor de at\u00e9 R$ 12 mil \u2014 tamb\u00e9m com atualiza\u00e7\u00e3o anual pela infla\u00e7\u00e3o.<\/p>\n<p>Agora, o texto segue para an\u00e1lise na C\u00e2mara dos Deputados.<\/p>\n<p>\t\t\t\t\t\t\t\t\t<img loading=\"lazy\" decoding=\"async\" src=\"https:\/\/brasil61.com\/api\/v1\/serve_pixel\/17677\/82321\" alt=\"Pixel Brasil 61\" class=\"b61_pixel\" width=\"0\" height=\"0\"><\/p>\n<input type=\"hidden\" id=\"baseurl\" value=\"https:\/\/noticiasdestaque.com.br\"><input type=\"hidden\" id=\"audio_nonce\" value=\"6f73a554f1\">","protected":false},"excerpt":{"rendered":"<p>Proposta ser\u00e1 encaminhada \u00e0 C\u00e2mara dos Deputados<\/p>\n","protected":false},"author":1,"featured_media":44130,"comment_status":"open","ping_status":"open","sticky":false,"template":"","format":"standard","meta":{"fifu_image_url":"","fifu_image_alt":"","footnotes":""},"categories":[50],"tags":[],"class_list":["post-44129","post","type-post","status-publish","format-standard","has-post-thumbnail","hentry","category-politica"],"distributor_meta":false,"distributor_terms":false,"distributor_media":false,"distributor_original_site_name":"Noticias em Destaque","distributor_original_site_url":"https:\/\/noticiasdestaque.com.br","push-errors":false,"_links":{"self":[{"href":"https:\/\/noticiasdestaque.com.br\/index.php\/wp-json\/wp\/v2\/posts\/44129","targetHints":{"allow":["GET"]}}],"collection":[{"href":"https:\/\/noticiasdestaque.com.br\/index.php\/wp-json\/wp\/v2\/posts"}],"about":[{"href":"https:\/\/noticiasdestaque.com.br\/index.php\/wp-json\/wp\/v2\/types\/post"}],"author":[{"embeddable":true,"href":"https:\/\/noticiasdestaque.com.br\/index.php\/wp-json\/wp\/v2\/users\/1"}],"replies":[{"embeddable":true,"href":"https:\/\/noticiasdestaque.com.br\/index.php\/wp-json\/wp\/v2\/comments?post=44129"}],"version-history":[{"count":0,"href":"https:\/\/noticiasdestaque.com.br\/index.php\/wp-json\/wp\/v2\/posts\/44129\/revisions"}],"wp:featuredmedia":[{"embeddable":true,"href":"https:\/\/noticiasdestaque.com.br\/index.php\/wp-json\/wp\/v2\/media\/44130"}],"wp:attachment":[{"href":"https:\/\/noticiasdestaque.com.br\/index.php\/wp-json\/wp\/v2\/media?parent=44129"}],"wp:term":[{"taxonomy":"category","embeddable":true,"href":"https:\/\/noticiasdestaque.com.br\/index.php\/wp-json\/wp\/v2\/categories?post=44129"},{"taxonomy":"post_tag","embeddable":true,"href":"https:\/\/noticiasdestaque.com.br\/index.php\/wp-json\/wp\/v2\/tags?post=44129"}],"curies":[{"name":"wp","href":"https:\/\/api.w.org\/{rel}","templated":true}]}}