{"id":44127,"date":"2025-05-28T19:50:00","date_gmt":"2025-05-28T22:50:00","guid":{"rendered":"https:\/\/noticiasdestaque.com.br\/index.php\/2025\/05\/28\/facisc-apoia-projeto-que-institui-o-dia-nacional-do-associativismo-no-congresso-nacional\/"},"modified":"2025-05-28T19:50:00","modified_gmt":"2025-05-28T22:50:00","slug":"facisc-apoia-projeto-que-institui-o-dia-nacional-do-associativismo-no-congresso-nacional","status":"publish","type":"post","link":"https:\/\/noticiasdestaque.com.br\/index.php\/2025\/05\/28\/facisc-apoia-projeto-que-institui-o-dia-nacional-do-associativismo-no-congresso-nacional\/","title":{"rendered":"Facisc apoia projeto que institui o Dia Nacional do Associativismo no Congresso Nacional"},"content":{"rendered":"<p>\t\t\t\t\t\t\t\t\t\t<audio controls class=\"b61_audio_player\" data-noticia=\"82331\" src=\"https:\/\/brasil61.com\/rails\/active_storage\/blobs\/eyJfcmFpbHMiOnsibWVzc2FnZSI6IkJBaHBBOGhaQXc9PSIsImV4cCI6bnVsbCwicHVyIjoiYmxvYl9pZCJ9fQ==--b3c4079765824838cb7b9a316d8ef691931f3a8d\/CACB250016A\"><\/audio><\/p>\n<p>&#8220;Fortalecer o associativismo \u00e9 fortalecer o Brasil.&#8221; A declara\u00e7\u00e3o de Elson Otto, presidente da Federa\u00e7\u00e3o das Associa\u00e7\u00f5es Comerciais de Santa Catarina (Facisc), resume o esp\u00edrito da proposta que come\u00e7ou a tramitar na C\u00e2mara dos Deputados: a cria\u00e7\u00e3o do Dia Nacional do Associativismo, a ser celebrado em 15 de julho. Representando mais de 42 mil empresas em 149 associa\u00e7\u00f5es no estado, Otto defende que a iniciativa dar\u00e1 visibilidade a um modelo que impulsiona o desenvolvimento econ\u00f4mico e social em todos os n\u00edveis.<\/p>\n<p>\u201cO Dia Nacional do Associativismo \u00e9 muito importante, porque ele fortalece o empreendedorismo, as empresas, o desenvolvimento econ\u00f4mico de cada munic\u00edpio, de cada estado do nosso pa\u00eds. Fortalecer cada vez mais o associativismo como uma forma de desenvolvimento social e econ\u00f4mico do nosso pa\u00eds\u201d, afirmou Otto, durante audi\u00eancia p\u00fablica na ter\u00e7a-feira (27), na Comiss\u00e3o de Assuntos Econ\u00f4micos da C\u00e2mara, que marcou o in\u00edcio dos debates sobre o projeto de lei.<\/p>\n<p>O texto foi protocolado no mesmo dia da audi\u00eancia p\u00fablica e prop\u00f5e instituir oficialmente a data, em homenagem \u00e0 funda\u00e7\u00e3o da Associa\u00e7\u00e3o Comercial da Bahia, em 1811 \u2014 a primeira entidade do sistema da Confedera\u00e7\u00e3o das Associa\u00e7\u00f5es Comerciais e Empresariais do Brasil (CACB). O objetivo \u00e9 valorizar um modelo organizacional que, hoje, re\u00fane mais de 2 mil associa\u00e7\u00f5es e \u00e9 respons\u00e1vel por fomentar setores que geram cerca de 70% dos empregos formais no pa\u00eds.<\/p>\n<h2>Visibilidade a quem faz a diferen\u00e7a<\/h2>\n<p>A iniciativa de criar uma data oficial nasceu da necessidade de dar visibilidade ao trabalho silencioso, mas essencial, das entidades que, de forma volunt\u00e1ria, unem empres\u00e1rios em torno de causas coletivas, solu\u00e7\u00f5es regionais e propostas de desenvolvimento sustent\u00e1vel.<\/p>\n<p>Para Anderson Trautmann, respons\u00e1vel jur\u00eddico da CACB, reconhecer o associativismo com uma data nacional \u00e9 tamb\u00e9m reconhecer a pot\u00eancia de um sistema \u00fanico no pa\u00eds.<\/p>\n<p>\u201cNum mundo t\u00e3o vol\u00e1til, t\u00e3o incerto, t\u00e3o conflituoso, a uni\u00e3o \u00e9 a base para o desenvolvimento \u2014 e \u00e9 isso que a CACB tem como objetivo: a uni\u00e3o em prol do empreendedorismo e do desenvolvimento do nosso pa\u00eds.\u201d<\/p>\n<h2>Alicerce das economias locais<\/h2>\n<p>Al\u00e9m da mobiliza\u00e7\u00e3o nacional, o associativismo tem papel estrat\u00e9gico no fortalecimento das economias locais, estimula a qualifica\u00e7\u00e3o profissional e facilita o di\u00e1logo entre empres\u00e1rios e poder p\u00fablico. Para Elson Otto, essa atua\u00e7\u00e3o na ponta faz toda a diferen\u00e7a:<\/p>\n<p>\u201cA transforma\u00e7\u00e3o que n\u00f3s necessitamos no pa\u00eds depende da uni\u00e3o da classe empreendedora, da classe empresarial. A for\u00e7a da uni\u00e3o j\u00e1 \u00e9 caracterizada: quando estamos juntos, conseguimos alcan\u00e7ar novos objetivos e fortalecer cada vez mais os nossos neg\u00f3cios.\u201d<\/p>\n<h2>Custo zero e alto impacto<\/h2>\n<p>A proposta tem um trunfo importante: n\u00e3o representa custo para os cofres p\u00fablicos, o que pode acelerar sua tramita\u00e7\u00e3o. O projeto deve agora passar pelas comiss\u00f5es da C\u00e2mara e pelo Senado Federal, sem necessidade de vota\u00e7\u00e3o em plen\u00e1rio.<\/p>\n<p>Ao reconhecer oficialmente o Dia Nacional do Associativismo, o Brasil n\u00e3o apenas celebra uma data, mas homenageia um ecossistema que impulsiona empresas, transforma cidades e fortalece a economia com base em colabora\u00e7\u00e3o, pertencimento e vis\u00e3o de futuro.<br \/>\n\u00a0<br \/>\n\u00a0<\/p>\n<p>\t\t\t\t\t\t\t\t\t<img loading=\"lazy\" decoding=\"async\" src=\"https:\/\/brasil61.com\/api\/v1\/serve_pixel\/17677\/82331\" alt=\"Pixel Brasil 61\" class=\"b61_pixel\" width=\"0\" height=\"0\"><\/p>\n<input type=\"hidden\" id=\"baseurl\" value=\"https:\/\/noticiasdestaque.com.br\"><input type=\"hidden\" id=\"audio_nonce\" value=\"6f73a554f1\">","protected":false},"excerpt":{"rendered":"<p> Representando mais de 42 mil empresas, entidade catarinense destaca papel estrat\u00e9gico do associativismo no desenvolvimento regional e nacional<\/p>\n","protected":false},"author":1,"featured_media":44128,"comment_status":"open","ping_status":"open","sticky":false,"template":"","format":"standard","meta":{"fifu_image_url":"","fifu_image_alt":"","footnotes":""},"categories":[59],"tags":[],"class_list":["post-44127","post","type-post","status-publish","format-standard","has-post-thumbnail","hentry","category-economia"],"distributor_meta":false,"distributor_terms":false,"distributor_media":false,"distributor_original_site_name":"Noticias em Destaque","distributor_original_site_url":"https:\/\/noticiasdestaque.com.br","push-errors":false,"_links":{"self":[{"href":"https:\/\/noticiasdestaque.com.br\/index.php\/wp-json\/wp\/v2\/posts\/44127","targetHints":{"allow":["GET"]}}],"collection":[{"href":"https:\/\/noticiasdestaque.com.br\/index.php\/wp-json\/wp\/v2\/posts"}],"about":[{"href":"https:\/\/noticiasdestaque.com.br\/index.php\/wp-json\/wp\/v2\/types\/post"}],"author":[{"embeddable":true,"href":"https:\/\/noticiasdestaque.com.br\/index.php\/wp-json\/wp\/v2\/users\/1"}],"replies":[{"embeddable":true,"href":"https:\/\/noticiasdestaque.com.br\/index.php\/wp-json\/wp\/v2\/comments?post=44127"}],"version-history":[{"count":0,"href":"https:\/\/noticiasdestaque.com.br\/index.php\/wp-json\/wp\/v2\/posts\/44127\/revisions"}],"wp:featuredmedia":[{"embeddable":true,"href":"https:\/\/noticiasdestaque.com.br\/index.php\/wp-json\/wp\/v2\/media\/44128"}],"wp:attachment":[{"href":"https:\/\/noticiasdestaque.com.br\/index.php\/wp-json\/wp\/v2\/media?parent=44127"}],"wp:term":[{"taxonomy":"category","embeddable":true,"href":"https:\/\/noticiasdestaque.com.br\/index.php\/wp-json\/wp\/v2\/categories?post=44127"},{"taxonomy":"post_tag","embeddable":true,"href":"https:\/\/noticiasdestaque.com.br\/index.php\/wp-json\/wp\/v2\/tags?post=44127"}],"curies":[{"name":"wp","href":"https:\/\/api.w.org\/{rel}","templated":true}]}}