{"id":44123,"date":"2025-05-28T19:45:00","date_gmt":"2025-05-28T22:45:00","guid":{"rendered":"https:\/\/noticiasdestaque.com.br\/index.php\/2025\/05\/28\/quinta-feira-comeca-com-dolar-em-alta-a-r-569\/"},"modified":"2025-05-28T19:45:00","modified_gmt":"2025-05-28T22:45:00","slug":"quinta-feira-comeca-com-dolar-em-alta-a-r-569","status":"publish","type":"post","link":"https:\/\/noticiasdestaque.com.br\/index.php\/2025\/05\/28\/quinta-feira-comeca-com-dolar-em-alta-a-r-569\/","title":{"rendered":"Quinta-feira come\u00e7a com d\u00f3lar em alta, a R$ 5,69"},"content":{"rendered":"<p>\t\t\t\t\t\t\t\t\t\t<audio controls class=\"b61_audio_player\" data-noticia=\"82326\" src=\"https:\/\/brasil61.com\/rails\/active_storage\/blobs\/eyJfcmFpbHMiOnsibWVzc2FnZSI6IkJBaHBBOGxaQXc9PSIsImV4cCI6bnVsbCwicHVyIjoiYmxvYl9pZCJ9fQ==--81507ce83145aa75552aaeb6f412a78377bb9659\/BRAS2514035A\"><\/audio><\/p>\n<p>O d\u00f3lar come\u00e7a esta quinta-feira (29) em alta de 0,87%, cotado a R$ 5,69. A alta foi impulsionada por dois fatores principais: o fortalecimento da moeda norte-americana no exterior e a cautela dos investidores diante das incertezas sobre as mudan\u00e7as no IOF no Brasil. A preocupa\u00e7\u00e3o com o impacto fiscal da decis\u00e3o do governo de recuar no aumento do imposto gerou desconfian\u00e7a no mercado, contribuindo para a press\u00e3o sobre o c\u00e2mbio.<\/p>\n<p>No entanto, parte dessa tens\u00e3o diminuiu no meio da tarde, quando a ag\u00eancia Reuters divulgou que o governo pretende compensar a perda de arrecada\u00e7\u00e3o com o resgate de R$ 1,4 bilh\u00e3o de dois fundos garantidores. A medida acalmou um pouco os \u00e2nimos, fazendo o d\u00f3lar recuar temporariamente para abaixo de R$ 5,70 e as taxas de juros ca\u00edrem. Ainda assim, o clima de incerteza permaneceu, mantendo o d\u00f3lar em alta no fechamento.<\/p>\n<p>\n\u00a0<\/p>\n<p>\t\t\t\t\t\t\t\t\t<img loading=\"lazy\" decoding=\"async\" src=\"https:\/\/brasil61.com\/api\/v1\/serve_pixel\/17677\/82326\" alt=\"Pixel Brasil 61\" class=\"b61_pixel\" width=\"0\" height=\"0\"><\/p>\n<input type=\"hidden\" id=\"baseurl\" value=\"https:\/\/noticiasdestaque.com.br\"><input type=\"hidden\" id=\"audio_nonce\" value=\"6f73a554f1\">","protected":false},"excerpt":{"rendered":"<p>Ainda em duvida sobre manuten\u00e7\u00e3o do reajuste do IOF, moeda americana sobe 0,87%<\/p>\n","protected":false},"author":1,"featured_media":44124,"comment_status":"open","ping_status":"open","sticky":false,"template":"","format":"standard","meta":{"fifu_image_url":"","fifu_image_alt":"","footnotes":""},"categories":[59],"tags":[],"class_list":["post-44123","post","type-post","status-publish","format-standard","has-post-thumbnail","hentry","category-economia"],"distributor_meta":false,"distributor_terms":false,"distributor_media":false,"distributor_original_site_name":"Noticias em Destaque","distributor_original_site_url":"https:\/\/noticiasdestaque.com.br","push-errors":false,"_links":{"self":[{"href":"https:\/\/noticiasdestaque.com.br\/index.php\/wp-json\/wp\/v2\/posts\/44123","targetHints":{"allow":["GET"]}}],"collection":[{"href":"https:\/\/noticiasdestaque.com.br\/index.php\/wp-json\/wp\/v2\/posts"}],"about":[{"href":"https:\/\/noticiasdestaque.com.br\/index.php\/wp-json\/wp\/v2\/types\/post"}],"author":[{"embeddable":true,"href":"https:\/\/noticiasdestaque.com.br\/index.php\/wp-json\/wp\/v2\/users\/1"}],"replies":[{"embeddable":true,"href":"https:\/\/noticiasdestaque.com.br\/index.php\/wp-json\/wp\/v2\/comments?post=44123"}],"version-history":[{"count":0,"href":"https:\/\/noticiasdestaque.com.br\/index.php\/wp-json\/wp\/v2\/posts\/44123\/revisions"}],"wp:featuredmedia":[{"embeddable":true,"href":"https:\/\/noticiasdestaque.com.br\/index.php\/wp-json\/wp\/v2\/media\/44124"}],"wp:attachment":[{"href":"https:\/\/noticiasdestaque.com.br\/index.php\/wp-json\/wp\/v2\/media?parent=44123"}],"wp:term":[{"taxonomy":"category","embeddable":true,"href":"https:\/\/noticiasdestaque.com.br\/index.php\/wp-json\/wp\/v2\/categories?post=44123"},{"taxonomy":"post_tag","embeddable":true,"href":"https:\/\/noticiasdestaque.com.br\/index.php\/wp-json\/wp\/v2\/tags?post=44123"}],"curies":[{"name":"wp","href":"https:\/\/api.w.org\/{rel}","templated":true}]}}