{"id":44121,"date":"2025-05-28T09:38:00","date_gmt":"2025-05-28T12:38:00","guid":{"rendered":"https:\/\/noticiasdestaque.com.br\/index.php\/2025\/05\/28\/alta-do-iof-e-vista-como-retrocesso-por-entidades-comerciais-e-empresariais\/"},"modified":"2025-05-28T09:38:00","modified_gmt":"2025-05-28T12:38:00","slug":"alta-do-iof-e-vista-como-retrocesso-por-entidades-comerciais-e-empresariais","status":"publish","type":"post","link":"https:\/\/noticiasdestaque.com.br\/index.php\/2025\/05\/28\/alta-do-iof-e-vista-como-retrocesso-por-entidades-comerciais-e-empresariais\/","title":{"rendered":"Alta do IOF \u00e9 vista como retrocesso por entidades comerciais e empresariais"},"content":{"rendered":"<p>\t\t\t\t\t\t\t\t\t\t<audio controls class=\"b61_audio_player\" data-noticia=\"82313\" src=\"https:\/\/brasil61.com\/rails\/active_storage\/blobs\/eyJfcmFpbHMiOnsibWVzc2FnZSI6IkJBaHBBNEpaQXc9PSIsImV4cCI6bnVsbCwicHVyIjoiYmxvYl9pZCJ9fQ==--066092549054df4de6dd87426033841f193a0a78\/CACB250015B\"><\/audio><\/p>\n<p>A recente decis\u00e3o do governo federal de elevar a al\u00edquota do Imposto sobre Opera\u00e7\u00f5es Financeiras (IOF) causou forte rea\u00e7\u00e3o negativa entre entidades representativas do setor produtivo. Associa\u00e7\u00f5es comerciais, economistas e lideran\u00e7as empresariais veem a medida como um retrocesso, capaz de comprometer o ambiente de neg\u00f3cios e de afastar investimentos em um momento delicado da economia nacional.<\/p>\n<p>A Confedera\u00e7\u00e3o das Associa\u00e7\u00f5es Comerciais e Empresariais do Brasil (CACB) foi uma das primeiras a se posicionar com veem\u00eancia. Para a entidade, a eleva\u00e7\u00e3o do IOF \u2014 feita por decreto \u2014 representa uma penaliza\u00e7\u00e3o direta ao setor produtivo, sobretudo \u00e0s micro, pequenas e m\u00e9dias empresas, que j\u00e1 enfrentam dificuldades de acesso ao cr\u00e9dito. \u201cA medida gera inseguran\u00e7a jur\u00eddica e agrava o custo do capital. O governo desestimula investimentos e impacta negativamente o crescimento econ\u00f4mico\u201d, afirmou a CACB em nota oficial.<\/p>\n<p>O presidente da entidade, Alfredo Cotait Neto, foi ainda mais incisivo ao classificar a decis\u00e3o como um \u201cato de agress\u00e3o\u201d contra quem produz e sustenta a economia do pa\u00eds.\u00a0<br \/>\n\u201cEnquanto o mundo preza pela responsabilidade fiscal e liberdade econ\u00f4mica, o Brasil pune quem gera emprego. N\u00e3o aceitaremos calados mais um cap\u00edtulo dessa guerra contra o empreendedor\u201d, declarou Cotait. Segundo ele, o aumento do IOF \u00e9 uma tentativa desesperada de cobrir um buraco fiscal, ignorando a necessidade real de cortar gastos e tornar o Estado mais eficiente.<\/p>\n<h2>R$ 20 a mais na arrecada\u00e7\u00e3o cobrem o buraco?\u00a0<\/h2>\n<p>Cotait citou dados alarmantes: as despesas dos governos federal, estaduais e municipais ultrapassaram os R$ 2 trilh\u00f5es, enquanto a arrecada\u00e7\u00e3o est\u00e1 em torno de R$ 1,5 trilh\u00e3o. \u201cO governo gasta demais e quer cobrar ainda mais de quem produz. Isso \u00e9 insustent\u00e1vel\u201d, disse o presidente da CACB. Ele defende que o Congresso Nacional barre a medida com urg\u00eancia, para evitar o que classifica como o \u201cafundamento do Brasil real\u201d \u2014 composto por empres\u00e1rios, trabalhadores e consumidores.<\/p>\n<p>Na an\u00e1lise do economista Andr\u00e9 Galhardo, da An\u00e1lise Econ\u00f4mica de S\u00e3o Paulo, embora o impacto fiscal do aumento \u2014 estimado em R$ 20,5 bilh\u00f5es \u2014 seja relevante, n\u00e3o \u00e9 suficiente para cobrir o rombo do pa\u00eds. Segundo ele, o efeito mais imediato foi a mensagem negativa que o governo passou ao mercado.\u00a0<\/p>\n<p>\u201cO an\u00fancio foi feito no mesmo dia em que foi divulgado um congelamento de R$ 31,4 bilh\u00f5es em gastos, o que at\u00e9 poderia soar equilibrado. Mas a sinaliza\u00e7\u00e3o de que o governo precisaria recorrer ao aumento de impostos levantou d\u00favidas sobre a real capacidade de conten\u00e7\u00e3o de despesas no futuro\u201d, avaliou Galhardo. Para ele, o aumento teve impacto sobre o c\u00e2mbio e sobre a curva de juros futuros, mais pelo sinal pol\u00edtico do que pelo efeito econ\u00f4mico direto.<\/p>\n<p>J\u00e1 Cotait, avalia a medida como \u201cuma jogada de desespero para tentar cobrir um buraco fiscal sem encarar o verdadeiro problema: o tamanho do Estado e a gastan\u00e7a desenfreada.\u201d E exemplifica a fala com dados da transpar\u00eancia. A plataforma Gasto Brasil mostra que enquanto as contas do governo federal, estadual e municipal ultrapassaram os R$ 2 trilh\u00f5es, o recolhimento de impostos, mostrado no Impost\u00f4metro, apresenta uma arrecada\u00e7\u00e3o de R$1,5 trilh\u00e3o.<br \/>\n\u00a0<\/p>\n<p>\t\t\t\t\t\t\t\t\t<img loading=\"lazy\" decoding=\"async\" src=\"https:\/\/brasil61.com\/api\/v1\/serve_pixel\/17677\/82313\" alt=\"Pixel Brasil 61\" class=\"b61_pixel\" width=\"0\" height=\"0\"><\/p>\n<input type=\"hidden\" id=\"baseurl\" value=\"https:\/\/noticiasdestaque.com.br\"><input type=\"hidden\" id=\"audio_nonce\" value=\"6f73a554f1\">","protected":false},"excerpt":{"rendered":"<p>Para Alfredo Cotait, presidente da CACB, a decis\u00e3o \u00e9 vista como um \u201cato de agress\u00e3o\u201d contra quem produz e sustenta a economia do pa\u00eds<\/p>\n","protected":false},"author":1,"featured_media":44122,"comment_status":"open","ping_status":"open","sticky":false,"template":"","format":"standard","meta":{"fifu_image_url":"","fifu_image_alt":"","footnotes":""},"categories":[59],"tags":[],"class_list":["post-44121","post","type-post","status-publish","format-standard","has-post-thumbnail","hentry","category-economia"],"distributor_meta":false,"distributor_terms":false,"distributor_media":false,"distributor_original_site_name":"Noticias em Destaque","distributor_original_site_url":"https:\/\/noticiasdestaque.com.br","push-errors":false,"_links":{"self":[{"href":"https:\/\/noticiasdestaque.com.br\/index.php\/wp-json\/wp\/v2\/posts\/44121","targetHints":{"allow":["GET"]}}],"collection":[{"href":"https:\/\/noticiasdestaque.com.br\/index.php\/wp-json\/wp\/v2\/posts"}],"about":[{"href":"https:\/\/noticiasdestaque.com.br\/index.php\/wp-json\/wp\/v2\/types\/post"}],"author":[{"embeddable":true,"href":"https:\/\/noticiasdestaque.com.br\/index.php\/wp-json\/wp\/v2\/users\/1"}],"replies":[{"embeddable":true,"href":"https:\/\/noticiasdestaque.com.br\/index.php\/wp-json\/wp\/v2\/comments?post=44121"}],"version-history":[{"count":0,"href":"https:\/\/noticiasdestaque.com.br\/index.php\/wp-json\/wp\/v2\/posts\/44121\/revisions"}],"wp:featuredmedia":[{"embeddable":true,"href":"https:\/\/noticiasdestaque.com.br\/index.php\/wp-json\/wp\/v2\/media\/44122"}],"wp:attachment":[{"href":"https:\/\/noticiasdestaque.com.br\/index.php\/wp-json\/wp\/v2\/media?parent=44121"}],"wp:term":[{"taxonomy":"category","embeddable":true,"href":"https:\/\/noticiasdestaque.com.br\/index.php\/wp-json\/wp\/v2\/categories?post=44121"},{"taxonomy":"post_tag","embeddable":true,"href":"https:\/\/noticiasdestaque.com.br\/index.php\/wp-json\/wp\/v2\/tags?post=44121"}],"curies":[{"name":"wp","href":"https:\/\/api.w.org\/{rel}","templated":true}]}}