{"id":44119,"date":"2025-05-27T21:50:00","date_gmt":"2025-05-28T00:50:00","guid":{"rendered":"https:\/\/noticiasdestaque.com.br\/index.php\/2025\/05\/27\/camara-debate-criacao-do-dia-nacional-do-associativismo-e-destaca-impacto-do-modelo-na-economia-brasileira\/"},"modified":"2025-05-27T21:50:00","modified_gmt":"2025-05-28T00:50:00","slug":"camara-debate-criacao-do-dia-nacional-do-associativismo-e-destaca-impacto-do-modelo-na-economia-brasileira","status":"publish","type":"post","link":"https:\/\/noticiasdestaque.com.br\/index.php\/2025\/05\/27\/camara-debate-criacao-do-dia-nacional-do-associativismo-e-destaca-impacto-do-modelo-na-economia-brasileira\/","title":{"rendered":"C\u00e2mara debate cria\u00e7\u00e3o do Dia Nacional do Associativismo e destaca impacto do modelo na economia brasileira"},"content":{"rendered":"<p>\t\t\t\t\t\t\t\t\t\t<audio controls class=\"b61_audio_player\" data-noticia=\"82306\" src=\"https:\/\/brasil61.com\/rails\/active_storage\/blobs\/eyJfcmFpbHMiOnsibWVzc2FnZSI6IkJBaHBBL05ZQXc9PSIsImV4cCI6bnVsbCwicHVyIjoiYmxvYl9pZCJ9fQ==--42f01cce92d28407b1413f0c90ed31bb847d2a45\/CACB250014A\"><\/audio><\/p>\n<p>\u00a0A C\u00e2mara dos Deputados realizou nesta ter\u00e7a-feira (27) uma audi\u00eancia p\u00fablica para discutir a cria\u00e7\u00e3o do Dia Nacional do Associativismo, proposta que visa instituir o dia 15 de julho como data oficial em homenagem \u00e0 funda\u00e7\u00e3o da Associa\u00e7\u00e3o Comercial da Bahia, em 1811 \u2014 a primeira do sistema CACB (Confedera\u00e7\u00e3o das Associa\u00e7\u00f5es Comerciais e Empresariais do Brasil). O encontro, promovido pela Comiss\u00e3o de Assuntos Econ\u00f4micos, reuniu representantes de entidades empresariais de todo o pa\u00eds e parlamentares e marcou o in\u00edcio da tramita\u00e7\u00e3o de um projeto de lei sobre o tema.<\/p>\n<p>Autor do requerimento e presidente da sess\u00e3o, o deputado Luiz Gast\u00e3o (PSD-CE) destacou que reconhecer o associativismo \u00e9 essencial para valorizar os empreendedores brasileiros.<\/p>\n<p>\u201cMuitos dos empreendedores, principalmente do interior e pequenas empresas, se valeram do associativismo para poder ter acesso \u00e0s informa\u00e7\u00f5es que v\u00e3o poder ajudar a desenvolver seu neg\u00f3cio, desenvolver sua cidade e desenvolver seu estado. E, por que n\u00e3o dizer tamb\u00e9m, desenvolver o pa\u00eds\u201d, afirmou. Segundo ele, trata-se de um setor presente em todos os munic\u00edpios e respons\u00e1vel por quase 70% dos empregos no pa\u00eds, mas que recebe pouco apoio do governo.<\/p>\n<h2>O associativismo e o reflexo na sociedade<\/h2>\n<p>A proposta tamb\u00e9m foi defendida por l\u00edderes regionais das federa\u00e7\u00f5es que comp\u00f5em a CACB, entidade que re\u00fane mais de 2 mil associa\u00e7\u00f5es comerciais e empresariais, com atua\u00e7\u00e3o nos setores de com\u00e9rcio, ind\u00fastria, servi\u00e7os e agro. Para Valmir Rodrigues, presidente da Federa\u00e7\u00e3o das Associa\u00e7\u00f5es Comerciais de Minas Gerais, o associativismo \u00e9 uma ferramenta concreta para o desenvolvimento de empresas e comunidades.<\/p>\n<p>\u201cTodo setor econ\u00f4mico e produtivo \u00e9 importante. Com\u00e9rcio, servi\u00e7o, agro, ind\u00fastria e quando voc\u00ea tem tudo isso muito bem desenvolvido e participando ativamente da sua cadeia, voc\u00ea fortalece, voc\u00ea gera emprego, voc\u00ea qualifica emprego\u201d, afirmou. Valmir Rodrigues ainda defendeu que o modelo associativista fortalece neg\u00f3cios locais por meio da troca de experi\u00eancias, capacita\u00e7\u00e3o e representatividade pol\u00edtica.<\/p>\n<p>O projeto tamb\u00e9m ganhou apoio da Frente Parlamentar do Empreendedorismo e de diversas associa\u00e7\u00f5es de estados que estiveram representadas no evento, como as associa\u00e7\u00f5es de Goi\u00e1s, Santa Catarina, Para\u00edba, Esp\u00edrito Santo e Par\u00e1.<\/p>\n<p>Al\u00e9m de contribuir para o fortalecimento das empresas, o associativismo \u00e9 um modelo \u00a0reconhecido por sua capacidade de impactar positivamente a sociedade como um todo, ao gerar emprego, qualificar m\u00e3o de obra e promover o desenvolvimento regional. A cria\u00e7\u00e3o de um dia nacional poder\u00e1 ampliar a conscientiza\u00e7\u00e3o sobre o papel estrat\u00e9gico do associativismo na economia.<br \/>\n\u00a0<\/p>\n<p>\t\t\t\t\t\t\t\t\t<img loading=\"lazy\" decoding=\"async\" src=\"https:\/\/brasil61.com\/api\/v1\/serve_pixel\/17677\/82306\" alt=\"Pixel Brasil 61\" class=\"b61_pixel\" width=\"0\" height=\"0\"><\/p>\n<input type=\"hidden\" id=\"baseurl\" value=\"https:\/\/noticiasdestaque.com.br\"><input type=\"hidden\" id=\"audio_nonce\" value=\"6f73a554f1\">","protected":false},"excerpt":{"rendered":"<p>Proposta busca instituir 15 de julho como data oficial para valorizar for\u00e7a que representa mais de 2 mil associa\u00e7\u00f5es e responde por 70% dos empregos no pa\u00eds<\/p>\n","protected":false},"author":1,"featured_media":44120,"comment_status":"open","ping_status":"open","sticky":false,"template":"","format":"standard","meta":{"fifu_image_url":"","fifu_image_alt":"","footnotes":""},"categories":[50],"tags":[],"class_list":["post-44119","post","type-post","status-publish","format-standard","has-post-thumbnail","hentry","category-politica"],"distributor_meta":false,"distributor_terms":false,"distributor_media":false,"distributor_original_site_name":"Noticias em Destaque","distributor_original_site_url":"https:\/\/noticiasdestaque.com.br","push-errors":false,"_links":{"self":[{"href":"https:\/\/noticiasdestaque.com.br\/index.php\/wp-json\/wp\/v2\/posts\/44119","targetHints":{"allow":["GET"]}}],"collection":[{"href":"https:\/\/noticiasdestaque.com.br\/index.php\/wp-json\/wp\/v2\/posts"}],"about":[{"href":"https:\/\/noticiasdestaque.com.br\/index.php\/wp-json\/wp\/v2\/types\/post"}],"author":[{"embeddable":true,"href":"https:\/\/noticiasdestaque.com.br\/index.php\/wp-json\/wp\/v2\/users\/1"}],"replies":[{"embeddable":true,"href":"https:\/\/noticiasdestaque.com.br\/index.php\/wp-json\/wp\/v2\/comments?post=44119"}],"version-history":[{"count":0,"href":"https:\/\/noticiasdestaque.com.br\/index.php\/wp-json\/wp\/v2\/posts\/44119\/revisions"}],"wp:featuredmedia":[{"embeddable":true,"href":"https:\/\/noticiasdestaque.com.br\/index.php\/wp-json\/wp\/v2\/media\/44120"}],"wp:attachment":[{"href":"https:\/\/noticiasdestaque.com.br\/index.php\/wp-json\/wp\/v2\/media?parent=44119"}],"wp:term":[{"taxonomy":"category","embeddable":true,"href":"https:\/\/noticiasdestaque.com.br\/index.php\/wp-json\/wp\/v2\/categories?post=44119"},{"taxonomy":"post_tag","embeddable":true,"href":"https:\/\/noticiasdestaque.com.br\/index.php\/wp-json\/wp\/v2\/tags?post=44119"}],"curies":[{"name":"wp","href":"https:\/\/api.w.org\/{rel}","templated":true}]}}