{"id":44107,"date":"2025-05-27T19:30:00","date_gmt":"2025-05-27T22:30:00","guid":{"rendered":"https:\/\/noticiasdestaque.com.br\/index.php\/2025\/05\/27\/associacao-brasileira-de-desenvolvimento-da-posse-a-nova-diretoria-nesta-quarta-feira-28\/"},"modified":"2025-05-27T19:30:00","modified_gmt":"2025-05-27T22:30:00","slug":"associacao-brasileira-de-desenvolvimento-da-posse-a-nova-diretoria-nesta-quarta-feira-28","status":"publish","type":"post","link":"https:\/\/noticiasdestaque.com.br\/index.php\/2025\/05\/27\/associacao-brasileira-de-desenvolvimento-da-posse-a-nova-diretoria-nesta-quarta-feira-28\/","title":{"rendered":"Associa\u00e7\u00e3o Brasileira de Desenvolvimento d\u00e1 posse \u00e0 nova diretoria nesta quarta-feira (28)"},"content":{"rendered":"<p>\t\t\t\t\t\t\t\t\t\t<audio controls class=\"b61_audio_player\" data-noticia=\"82287\" src=\"https:\/\/brasil61.com\/rails\/active_storage\/blobs\/eyJfcmFpbHMiOnsibWVzc2FnZSI6IkJBaHBBODlZQXc9PSIsImV4cCI6bnVsbCwicHVyIjoiYmxvYl9pZCJ9fQ==--c410ee60cb93807bfc0e6629e436b58ce2e0479f\/BASA250038A\"><\/audio><\/p>\n<p>\u00a0A cerim\u00f4nia de posse da nova diretoria da <strong>Associa\u00e7\u00e3o Brasileira de Desenvolvimento <a href=\"https:\/\/abde.org.br\/\" target=\"_blank\">(ABDE)<\/a> est\u00e1 prevista para esta quarta-feira (28). Entre os novos dirigentes est\u00e1 o diretor de Cr\u00e9dito do <a href=\"https:\/\/www.bancoamazonia.com.br\/\">Banco da Amaz\u00f4nia (BASA)<\/a>, Roberto Schwartz, que dever\u00e1 assumir o cargo para o bi\u00eanio 2025-2027. A elei\u00e7\u00e3o ocorreu no \u00faltimo dia 7.<\/strong><\/p>\n<p>A ABDE \u00e9 respons\u00e1vel, entre outras fun\u00e7\u00f5es, por executar a\u00e7\u00f5es de fortalecimento do <strong>Sistema Nacional de Fomento \u2013 composto por Institui\u00e7\u00f5es Financeiras de Desenvolvimento <\/strong>de todo o pa\u00eds.<\/p>\n<p>Na avalia\u00e7\u00e3o de Schwartz, <strong>o BASA passa a ter um papel estrat\u00e9gico dentro da entidade, uma vez que far\u00e1 parte do centro das decis\u00f5es do Sistema Nacional de Fomento. <\/strong>Segundo ele, esse novo ciclo torna a atua\u00e7\u00e3o do Banco da Amaz\u00f4nia mais relevante, sobretudo em rela\u00e7\u00e3o ao financiamento do desenvolvimento sustent\u00e1vel da Regi\u00e3o Norte.<\/p>\n<p>\u201cParticipando com todos os principais bancos de desenvolvimento do Brasil, o Banco poder\u00e1 desenvolver neg\u00f3cios em parceria, dividir riscos, colher melhores experi\u00eancias e se posicionar em diversos f\u00f3runs. Tudo isso de maneira a gerar benef\u00edcios concretos para a sociedade amaz\u00f4nica e fortalecer institucionalmente a nossa atua\u00e7\u00e3o &#8220;, destaca.<\/p>\n<p><a href=\"https:\/\/brasil61.com\/n\/amabio-basa-atua-em-programa-que-deve-mobilizar-1-bi-de-euros-em-investimentos-na-amazonia-basa240024\" target=\"_blank\">AMABIO: BASA atua em programa que deve mobilizar 1 bi de euros em investimentos na Amaz\u00f4nia<\/a><\/p>\n<p>De acordo com o Banco da Amaz\u00f4nia, a presen\u00e7a de Roberto Schwartz na diretoria da associa\u00e7\u00e3o contribui para o fortalecimento do trabalho da institui\u00e7\u00e3o financeira junto a companhias, por exemplo, que pretendem investir em projetos sustent\u00e1veis, o que tamb\u00e9m contribui para gera\u00e7\u00e3o de emprego e renda.<\/p>\n<p>\u201cO Banco contar com um representante integrando a diretoria da ABDE tem um simbolismo muito forte no que diz respeito \u00e0 participa\u00e7\u00e3o de um agente de desenvolvimento da Amaz\u00f4nia nas principais discuss\u00f5es realizadas pela principal associa\u00e7\u00e3o representativa dos agentes de desenvolvimento sustent\u00e1vel do pa\u00eds\u201d, pontua Schwartz.<\/p>\n<h2>Cerim\u00f4nia de posse<\/h2>\n<p>A cerim\u00f4nia de posse da nova diretoria eleita ser\u00e1 nesta quarta-feira (28), a partir das 8h30, no Audit\u00f3rio da Sede Nacional do Sebrae, em Bras\u00edlia (SGAS 605 \u2013 Asa Sul). O evento reunir\u00e1 autoridades, representantes das institui\u00e7\u00f5es associadas e lideran\u00e7as do setor financeiro.<\/p>\n<p>A elei\u00e7\u00e3o foi realizada no Hotel Windsor, em Bras\u00edlia, e contou com a presen\u00e7a de representantes das 34 institui\u00e7\u00f5es que integram o Sistema Nacional de Fomento. A nova presidente da ABDE ser\u00e1 Maria Fernanda Coelho, diretora de Cr\u00e9dito Digital para Micro, Pequenas e M\u00e9dias Empresas do BNDES.<\/p>\n<h2>Sobre o Roberto Schwartz<\/h2>\n<p>Roberto Schwartz \u00e9 empregado de carreira do Banco da Amaz\u00f4nia e conta com gradua\u00e7\u00e3o em Ci\u00eancias Econ\u00f4micas pela UFPA. Tamb\u00e9m possui MBA em Gest\u00e3o de Neg\u00f3cios Financeiros pela FGV, al\u00e9m da certifica\u00e7\u00e3o CPA-20.<\/p>\n<p>Com 18 anos de experi\u00eancia banc\u00e1ria &#8211; sendo 12 anos em cargos de gest\u00e3o &#8211; Schwartz atuou como coordenador de Estudos Macroecon\u00f4micos e Regionais, gerente executivo nas \u00e1reas de Planejamento, Cr\u00e9dito e Riscos Corporativos, e atualmente \u00e9 diretor de Cr\u00e9dito do BASA.<\/p>\n<p>Durante sua carreira, ele liderou projetos estrat\u00e9gicos como a reformula\u00e7\u00e3o dos modelos de risco de cr\u00e9dito, a implanta\u00e7\u00e3o de metodologias automatizadas de concess\u00e3o de cr\u00e9dito, e a estrutura\u00e7\u00e3o da gest\u00e3o de risco de cr\u00e9dito, contribuindo diretamente para a redu\u00e7\u00e3o hist\u00f3rica da inadimpl\u00eancia e aumento da efici\u00eancia operacional do Banco.<\/p>\n<h2>A Associa\u00e7\u00e3o Brasileira de Desenvolvimento<\/h2>\n<p>A Associa\u00e7\u00e3o Brasileira de Desenvolvimento (ABDE) \u00e9 respons\u00e1vel por elaborar estrat\u00e9gias e a\u00e7\u00f5es que visam fortalecer o Sistema Nacional de Fomento (SNF). Esse sistema \u00e9 formado por Institui\u00e7\u00f5es Financeiras de Desenvolvimento espalhadas pelo Brasil, como bancos p\u00fablicos federais e bancos de desenvolvimento controlados por estados da federa\u00e7\u00e3o, por exemplo.<\/p>\n<p>A ABDE atua no aprimoramento da gest\u00e3o dos associados para que as Institui\u00e7\u00f5es Financeiras de Desenvolvimento financiem o desenvolvimento do pa\u00eds de forma mais assertiva. A atua\u00e7\u00e3o da associa\u00e7\u00e3o transita por diversas \u00e1reas, como o setor produtivo, o governo e o mercado financeiro, por exemplo.<\/p>\n<p>Outra fun\u00e7\u00e3o da entidade \u00e9 promover o interc\u00e2mbio de informa\u00e7\u00f5es por meio de propostas de aperfei\u00e7oamento e implanta\u00e7\u00e3o de boas pr\u00e1ticas com as Comiss\u00f5es Tem\u00e1ticas. Al\u00e9m disso, oferece cursos e produz estudos econ\u00f4micos.<br \/>\n\u00a0<\/p>\n<p>\t\t\t\t\t\t\t\t\t<img loading=\"lazy\" decoding=\"async\" src=\"https:\/\/brasil61.com\/api\/v1\/serve_pixel\/17677\/82287\" alt=\"Pixel Brasil 61\" class=\"b61_pixel\" width=\"0\" height=\"0\"><\/p>\n<input type=\"hidden\" id=\"baseurl\" value=\"https:\/\/noticiasdestaque.com.br\"><input type=\"hidden\" id=\"audio_nonce\" value=\"6f73a554f1\">","protected":false},"excerpt":{"rendered":"<p>Entre os novos dirigentes est\u00e1 o diretor de Cr\u00e9dito do Banco da Amaz\u00f4nia, Roberto Schwartz<\/p>\n","protected":false},"author":1,"featured_media":44108,"comment_status":"open","ping_status":"open","sticky":false,"template":"","format":"standard","meta":{"fifu_image_url":"","fifu_image_alt":"","footnotes":""},"categories":[59],"tags":[],"class_list":["post-44107","post","type-post","status-publish","format-standard","has-post-thumbnail","hentry","category-economia"],"distributor_meta":false,"distributor_terms":false,"distributor_media":false,"distributor_original_site_name":"Noticias em Destaque","distributor_original_site_url":"https:\/\/noticiasdestaque.com.br","push-errors":false,"_links":{"self":[{"href":"https:\/\/noticiasdestaque.com.br\/index.php\/wp-json\/wp\/v2\/posts\/44107","targetHints":{"allow":["GET"]}}],"collection":[{"href":"https:\/\/noticiasdestaque.com.br\/index.php\/wp-json\/wp\/v2\/posts"}],"about":[{"href":"https:\/\/noticiasdestaque.com.br\/index.php\/wp-json\/wp\/v2\/types\/post"}],"author":[{"embeddable":true,"href":"https:\/\/noticiasdestaque.com.br\/index.php\/wp-json\/wp\/v2\/users\/1"}],"replies":[{"embeddable":true,"href":"https:\/\/noticiasdestaque.com.br\/index.php\/wp-json\/wp\/v2\/comments?post=44107"}],"version-history":[{"count":0,"href":"https:\/\/noticiasdestaque.com.br\/index.php\/wp-json\/wp\/v2\/posts\/44107\/revisions"}],"wp:featuredmedia":[{"embeddable":true,"href":"https:\/\/noticiasdestaque.com.br\/index.php\/wp-json\/wp\/v2\/media\/44108"}],"wp:attachment":[{"href":"https:\/\/noticiasdestaque.com.br\/index.php\/wp-json\/wp\/v2\/media?parent=44107"}],"wp:term":[{"taxonomy":"category","embeddable":true,"href":"https:\/\/noticiasdestaque.com.br\/index.php\/wp-json\/wp\/v2\/categories?post=44107"},{"taxonomy":"post_tag","embeddable":true,"href":"https:\/\/noticiasdestaque.com.br\/index.php\/wp-json\/wp\/v2\/tags?post=44107"}],"curies":[{"name":"wp","href":"https:\/\/api.w.org\/{rel}","templated":true}]}}