{"id":44093,"date":"2025-05-25T18:50:00","date_gmt":"2025-05-25T21:50:00","guid":{"rendered":"https:\/\/noticiasdestaque.com.br\/index.php\/2025\/05\/25\/projeto-da-claro-e-onu-mulheres-vai-capacitar-brasileiras-vitimas-de-violencia-e-refugiadas-em-letramento-digital\/"},"modified":"2025-05-25T18:50:00","modified_gmt":"2025-05-25T21:50:00","slug":"projeto-da-claro-e-onu-mulheres-vai-capacitar-brasileiras-vitimas-de-violencia-e-refugiadas-em-letramento-digital","status":"publish","type":"post","link":"https:\/\/noticiasdestaque.com.br\/index.php\/2025\/05\/25\/projeto-da-claro-e-onu-mulheres-vai-capacitar-brasileiras-vitimas-de-violencia-e-refugiadas-em-letramento-digital\/","title":{"rendered":"Projeto da Claro e ONU Mulheres vai capacitar brasileiras v\u00edtimas de viol\u00eancia e refugiadas em letramento digital"},"content":{"rendered":"<p>\t\t\t\t\t\t\t\t\t\t<audio controls class=\"b61_audio_player\" data-noticia=\"82256\" src=\"https:\/\/brasil61.com\/rails\/active_storage\/blobs\/eyJfcmFpbHMiOnsibWVzc2FnZSI6IkJBaHBBNDFYQXc9PSIsImV4cCI6bnVsbCwicHVyIjoiYmxvYl9pZCJ9fQ==--8b3d3f29e7c4ad4303202cf325fe17ca97aff7a2\/MCOM250182A\"><\/audio><\/p>\n<p><strong>Mulheres em situa\u00e7\u00e3o de viol\u00eancia dom\u00e9stica e refugiadas<\/strong>, residentes em 10 capitais brasileiras, v\u00e3o receber <strong>capacita\u00e7\u00e3o em direitos humanos e letramento digital<\/strong> por meio de um acordo firmado entre a <strong>ONU Mulheres<\/strong> e a <strong>operadora Claro<\/strong>, com incentivo da <strong>Anatel <\/strong>e apoio do <strong>Minist\u00e9rio das Comunica\u00e7\u00f5es<\/strong>. A parceria foi assinada nesta ter\u00e7a-feira (20), em evento que contou com a presen\u00e7a do ministro das Comunica\u00e7\u00f5es, Frederico de Siqueira Filho.<\/p>\n<p>A iniciativa tem como objetivo principal oferecer \u00e0s participantes as ferramentas necess\u00e1rias para conquistar autonomia financeira, acesso \u00e0 informa\u00e7\u00e3o e novas oportunidades de trabalho \u2013 fatores determinantes para romper o ciclo de viol\u00eancia.<\/p>\n<p>Para o ministro das Comunica\u00e7\u00f5es, Frederico de Siqueira Filho, a tecnologia tem um papel transformador. \u201cConectar essas mulheres ao mundo digital \u00e9 dar a elas acesso ao conhecimento, ao mercado de trabalho e \u00e0 independ\u00eancia. \u00c9 abrir portas para uma nova vida\u201d, afirmou.<\/p>\n<p>Ao todo, <strong>1.300 mulheres ser\u00e3o beneficiadas<\/strong> por um ciclo de forma\u00e7\u00e3o de um ano, com encontros presenciais conduzidos por organiza\u00e7\u00f5es da sociedade civil com atua\u00e7\u00e3o regional, que ser\u00e3o selecionadas por edital. Cada uma dessas entidades parceiras receber\u00e1 um investimento semente para a implementa\u00e7\u00e3o do programa, al\u00e9m de infraestrutura com conectividade e equipamentos oferecidos pela Claro. A supervis\u00e3o das atividades ficar\u00e1 sob responsabilidade da <strong>ONU Mulheres<\/strong>.<\/p>\n<p>No in\u00edcio do programa, todas as participantes receber\u00e3o um chip com plano gratuito de internet por 12 meses. Ao final da capacita\u00e7\u00e3o, aquelas com mais de 75% de frequ\u00eancia tamb\u00e9m ser\u00e3o presenteadas com um smartphone da operadora \u2013 ferramenta essencial para que possam colocar em pr\u00e1tica as habilidades desenvolvidas.<\/p>\n<p>A iniciativa \u00e9 resultado de um esfor\u00e7o articulado entre a Anatel e a ONU Mulheres, com apoio t\u00e9cnico da operadora, e refor\u00e7a a import\u00e2ncia de pol\u00edticas p\u00fablicas e a\u00e7\u00f5es privadas integradas no combate \u00e0 desigualdade de g\u00eanero.<\/p>\n<p>\u201c\u00c9 um momento que marca mais uma entrega do poder p\u00fablico, representado aqui pela Anatel junto ao Minist\u00e9rio das Comunica\u00e7\u00f5es, e que marca tamb\u00e9m o compromisso social da Claro e da ONU Mulheres para essa pauta t\u00e3o importante nos nossos dias. Cada um de n\u00f3s tem essa responsabilidade de garantir um futuro melhor para todas as mulheres, para todas as meninas para que de fato elas possam olhar para o futuro e sentir essa sensa\u00e7\u00e3o de pertencimento\u201d, disse o presidente da Anatel, Carlos Baigorri.<\/p>\n<p>De acordo com Jos\u00e9 F\u00e9lix, presidente da Claro, a empresa buscou unir sua expertise tecnol\u00f3gica ao compromisso com a transforma\u00e7\u00e3o social. \u201cNeste projeto, colocamos o que temos de melhor \u2013 conectividade, tecnologia e responsabilidade \u2013 a servi\u00e7o de quem mais precisa. E ningu\u00e9m melhor do que a ONU Mulheres para somar nesse esfor\u00e7o.\u201d<\/p>\n<p>A representante interina da <strong>ONU Mulheres<\/strong> no Brasil, Ana Carolina Querino, ressaltou que a digitaliza\u00e7\u00e3o do trabalho, embora traga avan\u00e7os, tamb\u00e9m pode ampliar desigualdades. \u201c\u00c9 estrat\u00e9gico garantir que mulheres tenham acesso ao conhecimento digital, especialmente aquelas em maior vulnerabilidade. S\u00f3 assim ser\u00e3o capazes de efetivar seus direitos tamb\u00e9m com o uso das novas tecnologias\u201d, completou.<\/p>\n<p>Os n\u00fameros refor\u00e7am a urg\u00eancia da iniciativa. Segundo a pesquisa \u201cVis\u00edvel e Invis\u00edvel: a Vitimiza\u00e7\u00e3o de Mulheres no Brasil\u201d, do F\u00f3rum Brasileiro de Seguran\u00e7a P\u00fablica com o Datafolha, mais de 27,6 milh\u00f5es de mulheres sofreram algum tipo de viol\u00eancia no pa\u00eds entre fevereiro de 2024 e fevereiro de 2025.<\/p>\n<p>\t\t\t\t\t\t\t\t\t<img loading=\"lazy\" decoding=\"async\" src=\"https:\/\/brasil61.com\/api\/v1\/serve_pixel\/17677\/82256\" alt=\"Pixel Brasil 61\" class=\"b61_pixel\" width=\"0\" height=\"0\"><\/p>\n<input type=\"hidden\" id=\"baseurl\" value=\"https:\/\/noticiasdestaque.com.br\"><input type=\"hidden\" id=\"audio_nonce\" value=\"6f73a554f1\">","protected":false},"excerpt":{"rendered":"<p>Iniciativa in\u00e9dita nasce com incentivo da Anatel e prev\u00ea chip, celular, capacita\u00e7\u00e3o e apoio em infraestrutura para mais de mil mulheres em situa\u00e7\u00e3o de vulnerabilidade<\/p>\n","protected":false},"author":1,"featured_media":44094,"comment_status":"open","ping_status":"open","sticky":false,"template":"","format":"standard","meta":{"fifu_image_url":"","fifu_image_alt":"","footnotes":""},"categories":[48],"tags":[],"class_list":["post-44093","post","type-post","status-publish","format-standard","has-post-thumbnail","hentry","category-mundo"],"distributor_meta":false,"distributor_terms":false,"distributor_media":false,"distributor_original_site_name":"Noticias em Destaque","distributor_original_site_url":"https:\/\/noticiasdestaque.com.br","push-errors":false,"_links":{"self":[{"href":"https:\/\/noticiasdestaque.com.br\/index.php\/wp-json\/wp\/v2\/posts\/44093","targetHints":{"allow":["GET"]}}],"collection":[{"href":"https:\/\/noticiasdestaque.com.br\/index.php\/wp-json\/wp\/v2\/posts"}],"about":[{"href":"https:\/\/noticiasdestaque.com.br\/index.php\/wp-json\/wp\/v2\/types\/post"}],"author":[{"embeddable":true,"href":"https:\/\/noticiasdestaque.com.br\/index.php\/wp-json\/wp\/v2\/users\/1"}],"replies":[{"embeddable":true,"href":"https:\/\/noticiasdestaque.com.br\/index.php\/wp-json\/wp\/v2\/comments?post=44093"}],"version-history":[{"count":0,"href":"https:\/\/noticiasdestaque.com.br\/index.php\/wp-json\/wp\/v2\/posts\/44093\/revisions"}],"wp:featuredmedia":[{"embeddable":true,"href":"https:\/\/noticiasdestaque.com.br\/index.php\/wp-json\/wp\/v2\/media\/44094"}],"wp:attachment":[{"href":"https:\/\/noticiasdestaque.com.br\/index.php\/wp-json\/wp\/v2\/media?parent=44093"}],"wp:term":[{"taxonomy":"category","embeddable":true,"href":"https:\/\/noticiasdestaque.com.br\/index.php\/wp-json\/wp\/v2\/categories?post=44093"},{"taxonomy":"post_tag","embeddable":true,"href":"https:\/\/noticiasdestaque.com.br\/index.php\/wp-json\/wp\/v2\/tags?post=44093"}],"curies":[{"name":"wp","href":"https:\/\/api.w.org\/{rel}","templated":true}]}}