{"id":44087,"date":"2025-05-25T18:00:00","date_gmt":"2025-05-25T21:00:00","guid":{"rendered":"https:\/\/noticiasdestaque.com.br\/index.php\/2025\/05\/25\/boletim-legislativo-pec-da-reeleicao-cpi-do-inss-e-licenciamento-ambiental-no-radar-do-congresso\/"},"modified":"2025-05-25T18:00:00","modified_gmt":"2025-05-25T21:00:00","slug":"boletim-legislativo-pec-da-reeleicao-cpi-do-inss-e-licenciamento-ambiental-no-radar-do-congresso","status":"publish","type":"post","link":"https:\/\/noticiasdestaque.com.br\/index.php\/2025\/05\/25\/boletim-legislativo-pec-da-reeleicao-cpi-do-inss-e-licenciamento-ambiental-no-radar-do-congresso\/","title":{"rendered":"Boletim Legislativo: PEC da Reelei\u00e7\u00e3o, CPI do INSS e Licenciamento Ambiental no radar do Congresso"},"content":{"rendered":"<p>\t\t\t\t\t\t\t\t\t\t<audio controls class=\"b61_audio_player\" data-noticia=\"82217\" src=\"https:\/\/brasil61.com\/rails\/active_storage\/blobs\/eyJfcmFpbHMiOnsibWVzc2FnZSI6IkJBaHBBMjFYQXc9PSIsImV4cCI6bnVsbCwicHVyIjoiYmxvYl9pZCJ9fQ==--b0d9fb16573501b23b9148d4df34348b24378f47\/BRAS2514009A\"><\/audio><\/p>\n<p dir=\"ltr\">O Congresso Nacional come\u00e7a a semana com a expectativa de movimenta\u00e7\u00f5es importantes em torno de pautas que t\u00eam gerado intensos debates. Embora a sess\u00e3o deliberativa conjunta inicialmente prevista para esta segunda-feira (27) tenha sido adiada para 17 de junho \u2014 devido \u00e0 falta de consenso sobre os vetos presidenciais e \u00e0 instala\u00e7\u00e3o da CPMI do INSS \u2014, temas estrat\u00e9gicos seguem avan\u00e7ando nas Casas Legislativas.<\/p>\n<p dir=\"ltr\">Entre eles, ganha destaque a PEC 12\/2022, aprovada na semana passada na Comiss\u00e3o de Constitui\u00e7\u00e3o e Justi\u00e7a (CCJ) do Senado. A proposta deve entrar na pauta do plen\u00e1rio nos pr\u00f3ximos dias e prev\u00ea o fim da reelei\u00e7\u00e3o consecutiva para cargos do Executivo, estendendo os mandatos de quatro para cinco anos. A medida tamb\u00e9m uniformiza a dura\u00e7\u00e3o dos mandatos de todos os cargos eletivos e unifica o calend\u00e1rio eleitoral, com elei\u00e7\u00f5es simult\u00e2neas a cada cinco anos.<\/p>\n<p dir=\"ltr\">Na C\u00e2mara dos Deputados, os parlamentares devem analisar nesta semana os destaques do PL 1466\/2025, aprovado no \u00faltimo dia 21. O texto altera cargos do Executivo e concede reajustes salariais a servidores p\u00fablicos, com impacto de R$ 17,9 bilh\u00f5es em 2025. Ap\u00f3s essa etapa, o projeto segue para o Senado.<\/p>\n<p dir=\"ltr\">Outra vota\u00e7\u00e3o aguardada \u00e9 a do PL 2159\/2021, que trata do novo marco legal do licenciamento ambiental. A proposta j\u00e1 foi aprovada no Senado por 54 votos a favor e 13 contra. Agora o texto volta para a C\u00e2mara, porque sofreu altera\u00e7\u00f5es. Se aprovado sem mudan\u00e7as, ser\u00e1 enviado \u00e0 san\u00e7\u00e3o presidencial.<\/p>\n<p dir=\"ltr\">Por fim, segue no radar a instala\u00e7\u00e3o da CPMI do INSS, com a leitura do requerimento prevista para a pr\u00f3xima sess\u00e3o conjunta do Congresso, em 17 de junho. A comiss\u00e3o investigar\u00e1 fraudes no sistema previdenci\u00e1rio.<\/p>\n<p dir=\"ltr\">A semana promete ser decisiva para temas que impactam diretamente a administra\u00e7\u00e3o p\u00fablica, o calend\u00e1rio eleitoral e o equil\u00edbrio entre desenvolvimento econ\u00f4mico e sustentabilidade.<\/p>\n<p>\t\t\t\t\t\t\t\t\t<img loading=\"lazy\" decoding=\"async\" src=\"https:\/\/brasil61.com\/api\/v1\/serve_pixel\/17677\/82217\" alt=\"Pixel Brasil 61\" class=\"b61_pixel\" width=\"0\" height=\"0\"><\/p>\n<input type=\"hidden\" id=\"baseurl\" value=\"https:\/\/noticiasdestaque.com.br\"><input type=\"hidden\" id=\"audio_nonce\" value=\"6f73a554f1\">","protected":false},"excerpt":{"rendered":"<p>Projetos que tiveram in\u00edcio na semana passada devem ter continuidade <\/p>\n","protected":false},"author":1,"featured_media":44088,"comment_status":"open","ping_status":"open","sticky":false,"template":"","format":"standard","meta":{"fifu_image_url":"","fifu_image_alt":"","footnotes":""},"categories":[50],"tags":[],"class_list":["post-44087","post","type-post","status-publish","format-standard","has-post-thumbnail","hentry","category-politica"],"distributor_meta":false,"distributor_terms":false,"distributor_media":false,"distributor_original_site_name":"Noticias em Destaque","distributor_original_site_url":"https:\/\/noticiasdestaque.com.br","push-errors":false,"_links":{"self":[{"href":"https:\/\/noticiasdestaque.com.br\/index.php\/wp-json\/wp\/v2\/posts\/44087","targetHints":{"allow":["GET"]}}],"collection":[{"href":"https:\/\/noticiasdestaque.com.br\/index.php\/wp-json\/wp\/v2\/posts"}],"about":[{"href":"https:\/\/noticiasdestaque.com.br\/index.php\/wp-json\/wp\/v2\/types\/post"}],"author":[{"embeddable":true,"href":"https:\/\/noticiasdestaque.com.br\/index.php\/wp-json\/wp\/v2\/users\/1"}],"replies":[{"embeddable":true,"href":"https:\/\/noticiasdestaque.com.br\/index.php\/wp-json\/wp\/v2\/comments?post=44087"}],"version-history":[{"count":0,"href":"https:\/\/noticiasdestaque.com.br\/index.php\/wp-json\/wp\/v2\/posts\/44087\/revisions"}],"wp:featuredmedia":[{"embeddable":true,"href":"https:\/\/noticiasdestaque.com.br\/index.php\/wp-json\/wp\/v2\/media\/44088"}],"wp:attachment":[{"href":"https:\/\/noticiasdestaque.com.br\/index.php\/wp-json\/wp\/v2\/media?parent=44087"}],"wp:term":[{"taxonomy":"category","embeddable":true,"href":"https:\/\/noticiasdestaque.com.br\/index.php\/wp-json\/wp\/v2\/categories?post=44087"},{"taxonomy":"post_tag","embeddable":true,"href":"https:\/\/noticiasdestaque.com.br\/index.php\/wp-json\/wp\/v2\/tags?post=44087"}],"curies":[{"name":"wp","href":"https:\/\/api.w.org\/{rel}","templated":true}]}}