{"id":44071,"date":"2025-05-23T19:05:00","date_gmt":"2025-05-23T22:05:00","guid":{"rendered":"https:\/\/noticiasdestaque.com.br\/index.php\/2025\/05\/23\/gripe-aviaria-apenas-dois-casos-confirmados-e-12-seguem-sob-investigacao-nao-ha-restricao-de-consumo\/"},"modified":"2025-05-23T19:05:00","modified_gmt":"2025-05-23T22:05:00","slug":"gripe-aviaria-apenas-dois-casos-confirmados-e-12-seguem-sob-investigacao-nao-ha-restricao-de-consumo","status":"publish","type":"post","link":"https:\/\/noticiasdestaque.com.br\/index.php\/2025\/05\/23\/gripe-aviaria-apenas-dois-casos-confirmados-e-12-seguem-sob-investigacao-nao-ha-restricao-de-consumo\/","title":{"rendered":"Gripe avi\u00e1ria: apenas dois casos confirmados e 12 seguem sob investiga\u00e7\u00e3o; n\u00e3o h\u00e1 restri\u00e7\u00e3o de consumo"},"content":{"rendered":"<p>\t\t\t\t\t\t\t\t\t\t<audio controls class=\"b61_audio_player\" data-noticia=\"82215\" src=\"https:\/\/brasil61.com\/rails\/active_storage\/blobs\/eyJfcmFpbHMiOnsibWVzc2FnZSI6IkJBaHBBenRYQXc9PSIsImV4cCI6bnVsbCwicHVyIjoiYmxvYl9pZCJ9fQ==--557260c88a210435ef1157d6f35b0a47cd87cbdd\/BRAS2514007A\"><\/audio><\/p>\n<p>Desde a confirma\u00e7\u00e3o do primeiro caso de gripe avi\u00e1ria (H5N1) em uma granja comercial no Brasil, em Montenegro (RS), apenas um segundo caso foi confirmado em um zool\u00f3gico de Sapucaia do Sul (RS). O <strong>pa\u00eds ainda investiga 12 casos suspeitos, sendo dois em granjas comerciais<\/strong> \u2013 \u00a0em Aguiarn\u00f3polis (TO) e Ipumirim (SC). <strong>Os outros sete focos foram registrados em produ\u00e7\u00f5es dom\u00e9sticas e de subsist\u00eancia<\/strong> nos estados do Cear\u00e1, Par\u00e1, Santa Catarina, Mato Grosso do Sul e Rio Grande do Sul.\u00a0<\/p>\n<p>Com rela\u00e7\u00e3o aos dois casos suspeitos em granjas comerciais de Aguiarn\u00f3polis (TO) e Ipumirim (SC), o Minist\u00e9rio da Agricultura e Pecu\u00e1ria (Mapa) informou, em nota, que as <strong>investiga\u00e7\u00f5es das amostras coletadas nestas granjas seguem em andamento<\/strong>.<\/p>\n<p>Segundo o minist\u00e9rio,\u00a0as an\u00e1lises iniciais apontaram para resultados com baixa carga viral ou poss\u00edvel degrada\u00e7\u00e3o do material gen\u00e9tico viral \u2013 o que inviabilizou o sequenciamento direto do v\u00edrus. A Pasta explicou que, para estes casos, o Laborat\u00f3rio Federal de Defesa Agropecu\u00e1ria em S\u00e3o Paulo (LFDA), refer\u00eancia no pa\u00eds para a doen\u00e7a, adotou o protocolo previsto pela Organiza\u00e7\u00e3o Mundial de Sa\u00fade Animal (OMSA).<\/p>\n<p>Com isso, as amostras est\u00e3o sendo inoculadas em ovos embrionados com o intuito de isolar o pat\u00f3geno e aumentar a quantidade de material gen\u00e9tico dispon\u00edvel para realizar provas complementares, conforme preveem os protocolos. O minist\u00e9rio informou, ainda, que o mesmo procedimento j\u00e1 foi adotado em 33 amostras suspeitas ao longo do \u00faltimo ano em 1.529 amostras analisadas, o que representa cerca de 2,2% do total.<\/p>\n<p>\u201cTodas as etapas est\u00e3o sendo conduzidas com rigor t\u00e9cnico, de acordo com os padr\u00f5es internacionais, e seguem como prioridades da defesa agropecu\u00e1ria brasileira\u201d, diz um trecho da nota.<\/p>\n<p><strong>Confira os munic\u00edpios que possuem produ\u00e7\u00f5es dom\u00e9sticas e de subsist\u00eancia com investiga\u00e7\u00e3o de casos em andamento:<\/strong><\/p>\n<ul>\n<li>Gaurama (RS);<\/li>\n<li>Capela de Santana (RS);<\/li>\n<li>Conc\u00f3rdia (SC);<\/li>\n<li>Ang\u00e9lica (MS);<\/li>\n<li>Salitre (CE);<\/li>\n<li>Eldorado do Caraj\u00e1s (PA), sendo dois estabelecimentos<\/li>\n<\/ul>\n<p>Tamb\u00e9m h\u00e1 tr\u00eas casos suspeitos em investiga\u00e7\u00e3o envolvendo animais silvestres em tr\u00eas estados, nos munic\u00edpios de Castelo (ES), Ilh\u00e9us (BA) e Icapu\u00ed (CE).<\/p>\n<p>Os dados constam no <a href=\"https:\/\/mapa-indicadores.agricultura.gov.br\/publico\/extensions\/SRN\/SRN.html\" target=\"_blank\">painel de monitoramento de s\u00edndromes respirat\u00f3rias e nervosas em aves<\/a>, do Minist\u00e9rio da Agricultura e Pecu\u00e1ria (Mapa), atualizados na \u00faltima sexta-feira (23).<\/p>\n<h2>Marco zero<\/h2>\n<p>O Mapa anunciou que o servi\u00e7o veterin\u00e1rio oficial concluiu a desinfec\u00e7\u00e3o da \u00e1rea afetada em Montenegro (RS) \u2013 onde foi confirmado um foco de H1N5. Dessa forma, <strong>come\u00e7ou na quinta-feira (22) o per\u00edodo de 28 dias de vazio sanit\u00e1rio.<\/strong><\/p>\n<p>O chamado \u201cmarco zero\u201d do ciclo de 28 dias de observa\u00e7\u00e3o \u00e9 previsto nos protocolos internacionais. Isso significa que, caso n\u00e3o sejam registrados novos focos nesse per\u00edodo, o Brasil poder\u00e1 se autodeclarar livre da doen\u00e7a naquela regi\u00e3o.\u00a0<\/p>\n<h2>Conten\u00e7\u00e3o\u00a0<\/h2>\n<p>O Mapa tem seguido o Plano de Conting\u00eancia com a\u00e7\u00f5es para prevenir, controlar e impedir a dissemina\u00e7\u00e3o do v\u00edrus no pa\u00eds. A Pasta declarou situa\u00e7\u00e3o de emerg\u00eancia zoossanit\u00e1ria da gripe avi\u00e1ria no munic\u00edpio de Montenegro (RS) por 60 dias. A situa\u00e7\u00e3o sanit\u00e1ria \u00e9 v\u00e1lida para um raio de 10 km em torno do foco de detec\u00e7\u00e3o da doen\u00e7a.\u00a0<\/p>\n<p>O Minist\u00e9rio da Agricultura e Pecu\u00e1ria informou\u00a0em nota\u00a0que, no raio de 10 km da granja afetada, 540 estabelecimentos rurais foram identificados \u2013 dentre os quais, al\u00e9m da granja do foco, mais dois atuam com avicultura comercial. Segundo o Mapa, todos os estabelecimentos j\u00e1 foram vistoriados.<\/p>\n<h2>Sem risco \u00e0 sa\u00fade<\/h2>\n<p>Em nota, a Associa\u00e7\u00e3o Brasileira de Prote\u00edna Animal (ABPA) e a Associa\u00e7\u00e3o Ga\u00facha de Avicultura (ASGAV) refor\u00e7aram que a situa\u00e7\u00e3o n\u00e3o representa risco ao\u00a0consumidor final.\u00a0O Mapa tamb\u00e9m reiterou, em nota oficial, que <strong>\u201co consumo de carne de aves e de ovos n\u00e3o apresenta risco para a sa\u00fade\u201d<\/strong>.<\/p>\n<h2>Suspens\u00e3o de exporta\u00e7\u00f5es<\/h2>\n<p>O Mapa atualizou as restri\u00e7\u00f5es tempor\u00e1rias impostas \u00e0s exporta\u00e7\u00f5es brasileiras de carne de aves em fun\u00e7\u00e3o da detec\u00e7\u00e3o de Influenza Avi\u00e1ria de Alta Patogenicidade (IAAP) no munic\u00edpio de Montenegro (RS). At\u00e9 o momento, o Brasil suspendeu a exporta\u00e7\u00e3o de carne de aves para 20 pa\u00edses.<\/p>\n<p>A R\u00fassia, Bielorr\u00fassia, Arm\u00eania e Quirguist\u00e3o retiraram a suspens\u00e3o do pa\u00eds todo e reduziram a restri\u00e7\u00e3o geogr\u00e1fica para o estado do Rio Grande do Sul.<\/p>\n<p>Em nota, a Pasta afirmou que segue em articula\u00e7\u00e3o com as autoridades sanit\u00e1rias dos pa\u00edses importadores com a presta\u00e7\u00e3o \u00e1gil e transparente de todas as informa\u00e7\u00f5es t\u00e9cnicas necess\u00e1rias sobre o caso. \u201cAs a\u00e7\u00f5es adotadas visam garantir a seguran\u00e7a sanit\u00e1ria e a retomada segura das exporta\u00e7\u00f5es o mais breve poss\u00edvel\u201d, diz o Mapa.<\/p>\n<p><strong>Confira como as suspens\u00f5es est\u00e3o distribu\u00eddas\u00a0<\/strong><\/p>\n<ul>\n<li>Suspens\u00e3o total das exporta\u00e7\u00f5es de carne de aves do Brasil: China, Uni\u00e3o Europeia, M\u00e9xico, Iraque, Coreia do Sul, Chile, Filipinas, \u00c1frica do Sul, Jord\u00e2nia, Peru, Canad\u00e1, Rep\u00fablica Dominicana, Uruguai, Mal\u00e1sia, Argentina, Timor-Leste, Marrocos, Bol\u00edvia, Sri Lanka e Paquist\u00e3o.<\/li>\n<li>Suspens\u00e3o para o estado do Rio Grande do Sul: Ar\u00e1bia Saudita, Turquia, Reino Unido, Bahrein, Cuba, Maced\u00f4nia, Montenegro, Cazaquist\u00e3o, B\u00f3snia e Herzegovina, Tajiquist\u00e3o e Ucr\u00e2nia.\u00a0<\/li>\n<li>Suspens\u00e3o para o munic\u00edpio de Montenegro (RS): Emirados \u00c1rabes Unidos e Jap\u00e3o.\u00a0<br \/>\n\t\u00a0<\/li>\n<\/ul>\n<p>\t\t\t\t\t\t\t\t\t<img loading=\"lazy\" decoding=\"async\" src=\"https:\/\/brasil61.com\/api\/v1\/serve_pixel\/17677\/82215\" alt=\"Pixel Brasil 61\" class=\"b61_pixel\" width=\"0\" height=\"0\"><\/p>\n<input type=\"hidden\" id=\"baseurl\" value=\"https:\/\/noticiasdestaque.com.br\"><input type=\"hidden\" id=\"audio_nonce\" value=\"6f73a554f1\">","protected":false},"excerpt":{"rendered":"<p>Investiga\u00e7\u00f5es de suspeitas de gripe avi\u00e1ria em granjas comerciais em Aguiarn\u00f3polis (TO) e Ipumirim (SC) seguem em andamento. Minist\u00e9rio da Agricultura reitera que n\u00e3o h\u00e1 restri\u00e7\u00e3o de consumo de carne de aves e de ovos<\/p>\n","protected":false},"author":1,"featured_media":44072,"comment_status":"open","ping_status":"open","sticky":false,"template":"","format":"standard","meta":{"fifu_image_url":"","fifu_image_alt":"","footnotes":""},"categories":[48],"tags":[],"class_list":["post-44071","post","type-post","status-publish","format-standard","has-post-thumbnail","hentry","category-mundo"],"distributor_meta":false,"distributor_terms":false,"distributor_media":false,"distributor_original_site_name":"Noticias em Destaque","distributor_original_site_url":"https:\/\/noticiasdestaque.com.br","push-errors":false,"_links":{"self":[{"href":"https:\/\/noticiasdestaque.com.br\/index.php\/wp-json\/wp\/v2\/posts\/44071","targetHints":{"allow":["GET"]}}],"collection":[{"href":"https:\/\/noticiasdestaque.com.br\/index.php\/wp-json\/wp\/v2\/posts"}],"about":[{"href":"https:\/\/noticiasdestaque.com.br\/index.php\/wp-json\/wp\/v2\/types\/post"}],"author":[{"embeddable":true,"href":"https:\/\/noticiasdestaque.com.br\/index.php\/wp-json\/wp\/v2\/users\/1"}],"replies":[{"embeddable":true,"href":"https:\/\/noticiasdestaque.com.br\/index.php\/wp-json\/wp\/v2\/comments?post=44071"}],"version-history":[{"count":0,"href":"https:\/\/noticiasdestaque.com.br\/index.php\/wp-json\/wp\/v2\/posts\/44071\/revisions"}],"wp:featuredmedia":[{"embeddable":true,"href":"https:\/\/noticiasdestaque.com.br\/index.php\/wp-json\/wp\/v2\/media\/44072"}],"wp:attachment":[{"href":"https:\/\/noticiasdestaque.com.br\/index.php\/wp-json\/wp\/v2\/media?parent=44071"}],"wp:term":[{"taxonomy":"category","embeddable":true,"href":"https:\/\/noticiasdestaque.com.br\/index.php\/wp-json\/wp\/v2\/categories?post=44071"},{"taxonomy":"post_tag","embeddable":true,"href":"https:\/\/noticiasdestaque.com.br\/index.php\/wp-json\/wp\/v2\/tags?post=44071"}],"curies":[{"name":"wp","href":"https:\/\/api.w.org\/{rel}","templated":true}]}}