{"id":44060,"date":"2025-05-22T22:20:00","date_gmt":"2025-05-23T01:20:00","guid":{"rendered":"https:\/\/noticiasdestaque.com.br\/index.php\/2025\/05\/22\/em-10-anos-o-que-mudou-nas-relacoes-entre-a-mineracao-e-as-comunidades\/"},"modified":"2025-05-22T22:20:00","modified_gmt":"2025-05-23T01:20:00","slug":"em-10-anos-o-que-mudou-nas-relacoes-entre-a-mineracao-e-as-comunidades","status":"publish","type":"post","link":"https:\/\/noticiasdestaque.com.br\/index.php\/2025\/05\/22\/em-10-anos-o-que-mudou-nas-relacoes-entre-a-mineracao-e-as-comunidades\/","title":{"rendered":"Em 10 anos, o que mudou nas rela\u00e7\u00f5es entre a minera\u00e7\u00e3o e as comunidades?"},"content":{"rendered":"<p>Com o tema geral\u00a0<strong>\u201cO que impede um futuro sustent\u00e1vel?\u201d<\/strong>, ser\u00e1 realizado em Belo Horizonte, nos dias 27 e 28 de maio, a d\u00e9cima edi\u00e7\u00e3o do \u201cMinera\u00e7\u00e3o &amp;\/X Comunidades\u201d, organizado pela publica\u00e7\u00e3o Brasil Mineral, coroando uma trajet\u00f3ria de di\u00e1logos transformadores e constituindo-se em um marco na constru\u00e7\u00e3o de pontes entre o setor mineral e as comunidades, uma rela\u00e7\u00e3o nem sempre harmoniosa.<\/p>\n<p>O evento se iniciar\u00e1 na manh\u00e3 do dia 27 de maio, com uma mesa-redonda sob o tema\u00a0<strong>\u201cComo construir pol\u00edticas p\u00fablicas envolvendo as comunidades?\u201d<\/strong>, tendo como debatedores convidados: Anderson Cabido (prefeito de Congonhas); Frederico Bedran Oliveira (advogado e conselheiro de Brasil Mineral); Mauro Henrique Souza (ANM); Raul Jungmann (IBRAM); Paulo Misk (ABPM); Maria Am\u00e9lia Enr\u00edquez (UFPA\/conselho Brasil Mineral) e contando com a modera\u00e7\u00e3o de Elmer Prata Salom\u00e3o (do conselho Brasil Mineral).<\/p>\n<p>Na sequ\u00eancia, haver\u00e1 a mesa-redonda\u00a0<strong>Mesa-redonda \u201cComunidades Sustent\u00e1veis: Empoderamento, Pereniza\u00e7\u00e3o e Futuro\u201d,\u00a0<\/strong>reunindo Ana Cunha (Kinross); Othon Villefort Maia (AngloGold Ashanti); Cristiano Parreiras (Morro do Ip\u00ea\/Sindiextra); Cristiane Holanda (Nexa); e Gleuza Jesue (Vale). O moderador desta mesa ser\u00e1 Renato Ciminelli (Mercado Mineral e Brasil Mineral).<\/p>\n<p>Na parte da tarde, as atividades se iniciam com a palestra\u00a0<strong>\u201cO que importa mais em uma crise: reputa\u00e7\u00e3o, multas ou respeito?\u201d,\u00a0<\/strong>pelo jornalista e consultor especialista em gest\u00e3o de crises Valdeci Verdelho, que dar\u00e1 o tom para um dos temas centrais desta edi\u00e7\u00e3o do Minera\u00e7\u00e3o &amp;\/X Comunidades, que \u00e9 a discuss\u00e3o sobre os 10 anos do acidente de Mariana. Valdeci Verdelho ser\u00e1 sucedido por Rosane Santos, diretora da Samarco, que far\u00e1 a palestra\u00a0<strong>\u201cMariana 10 anos \u2013 O que aprendemos?\u201d,\u00a0<\/strong>seguida de uma mesa-redonda com o mesmo tema e que ter\u00e1 como participantes Rosane Santos (Samarco); Miguelito Teixeira e Luciana Souza (representantes de comunidades atingidas em MG e ES); Valdeci Verdelho (Verdelho Comunica\u00e7\u00e3o); Wilson Brumer (ex-presidente do conselho do IBRAM); e Silv\u00e9rio Joaquim Aparecido da Luz (Prefeito de Rio Doce). A modera\u00e7\u00e3o desta mesa-redonda caber\u00e1 ao advogado Adriano Trindade (Mattos Filho\/conselho Brasil Mineral).<\/p>\n<p>Coroando as atividades do dia 27, ser\u00e1 realizado o\u00a0<strong>F\u00f3rum de L\u00edderes, em que\u00a0<\/strong>dirigentes de empresas debatem o tema \u201cO que impede um futuro sustent\u00e1vel?\u201d. Participar\u00e3o do f\u00f3rum Leandro Farias (da CBA), Jo\u00e3o Luiz Carvalho (Geopar); Eduardo Le\u00e3o (G Mining Ventures) e Daniel Medeiros (Vale). O mediador ser\u00e1 Luciano de Freitas Borges (AdHoc Consultores\/conselho Brasil Mineral)<\/p>\n<h2><strong>IA na gest\u00e3o de relacionamentos com comunidades e Pr\u00eamio Minera\u00e7\u00e3o &amp; Comunidades<\/strong><\/h2>\n<p>O segundo dia (28\/5) se inicia com a Mesa-redonda<strong>: \u201cEscuta ativa ou escuta afetiva \u2013 como criar v\u00ednculos de confian\u00e7a<\/strong>\u201d, da qual participar\u00e3o como debatedores Carolina Lopes (Metso); Emanuela S\u00e3o Pedro (AIC); Victor Martins (Integratio); e Fl\u00e1via Veronese (Aclara). Luciana Gutmann (Brazilian Nickel) far\u00e1 a media\u00e7\u00e3o. \u00a0<\/p>\n<p>A segunda Mesa-Redonda do dia abordar\u00e1 o tema\u00a0<strong>\u201c<\/strong><strong>Uso social futuro de \u00e1reas mineradas, custeio da reabilita\u00e7\u00e3o e como envolver a sociedade\u201d,\u00a0<\/strong>reunindo V\u00e2nia Andrade (conselho Brasil Mineral); D\u00e9bora Tocci (conselho Brasil Mineral); Luiz Ant\u00f4nio Vessani (ABPM); F\u00e1bio Perlatti (ANM); e Patr\u00edcia Fernandes (FEAM\/MG). A modera\u00e7\u00e3o ficar\u00e1 sob a responsabilidade de Camilo Farace (conselho Brasil Mineral).<\/p>\n<p><strong>\u00a0\u201cA IA na gest\u00e3o de relacionamentos com comunidades\u201d,\u00a0<\/strong>um outro tema de destaque no evento, ser\u00e1 abordada por Aislan Greca (Petrobras). Em seguida haver\u00e1 o\u00a0<strong>\u201cGest\u00e3o dos impactos da m\u00e3o de obra flutuante na minera\u00e7\u00e3o\u201d,\u00a0<\/strong>com a participa\u00e7\u00e3o de Max Delfino (Aura Minerals) e Ar\u00e3o Portugal (AP Consultoria\/conselho Brasil Mineral).<\/p>\n<p>A parte da tarde do segundo dia est\u00e1 recheada de atividades tamb\u00e9m muito relevantes, se iniciando com a\u00a0<strong>Mesa-redonda: \u201cDi\u00e1logo Corajoso &#8211; a atua\u00e7\u00e3o das igrejas em rela\u00e7\u00e3o \u00e0 minera\u00e7\u00e3o\u201d,\u00a0<\/strong>que ter\u00e1 como debatedores: Bispa Marinez Bassoto (Bispa Primaz da Igreja Episcopal Anglicana do Brasil); Ivan Sim\u00f5es (Anglo American); M\u00f4nica Santos (representante das v\u00edtimas de desastres na minera\u00e7\u00e3o); Romi Bencke (Conselho Nacional das Igrejas Crist\u00e3s no Brasil) e ser\u00e1 moderada por Rolf Fuchs (Integratio\/conselho Brasil Mineral).<\/p>\n<p>Em seguida haver\u00e1 a apresenta\u00e7\u00e3o dos cinco\u00a0<strong>trabalhos premiados no Pr\u00eamio Minera\u00e7\u00e3o &amp; Comunidades e o painel: \u201cESG e ODS &#8211; est\u00e1 chegando o final da onda? O que vem depois?<\/strong>\u201d, moderado por Juliana Ramalho (do escrit\u00f3rio Mattos Filho) e que contar\u00e1 com os seguintes debatedores: Fernando Cl\u00e1udio (AngloGold Ashanti); Rafael Benke (Proactiva); Amaury Oliva (Febraban); e Gabriela Blanchet (Chapter Zero Brazil\/IBGC).<\/p>\n<p>E, fechando as atividades, acontecer\u00e1 a cerim\u00f4nia de entrega dos trof\u00e9us do pr\u00eamio\u00a0<strong>Minera\u00e7\u00e3o &amp; Comunidades.<\/strong><\/p>\n<p><strong>O 10\u00ba. Minera\u00e7\u00e3o &amp;\/X Comunidades\u00a0<\/strong>conta com apoio institucional da Fiemg\/Sindiextra, apoio t\u00e9cnico da Integratio e patroc\u00ednio das empresas Geosol, Metso, CBA, Samarco, Brazilian Nickel, Kinross, Vale (categoria Ouro), Bemisa e Nexa (Prata), Aclara, Aura Minerals, PLS (categoria Cobre).\u00a0<\/p>\n<p>\t\t\t\t\t\t\t\t\t<img loading=\"lazy\" decoding=\"async\" src=\"https:\/\/brasil61.com\/api\/v1\/serve_pixel\/17677\/82202\" alt=\"Pixel Brasil 61\" class=\"b61_pixel\" width=\"0\" height=\"0\"><\/p>\n<input type=\"hidden\" id=\"baseurl\" value=\"https:\/\/noticiasdestaque.com.br\"><input type=\"hidden\" id=\"audio_nonce\" value=\"6f73a554f1\">","protected":false},"excerpt":{"rendered":"<p>O 10\u00ba Minera\u00e7\u00e3o &amp;\/X Comunidades acontecer\u00e1 em Belo Horizonte nos dias 27 e 28 de maio com o tema &#8220;O que impede um futuro sustent\u00e1vel?&#8221;, promovendo di\u00e1logos entre o setor mineral e comunidades atrav\u00e9s de mesas-redondas, palestras e debates sobre sustentabilidade, relacionamento comunit\u00e1rio e os 10 anos do acidente de Mariana.<\/p>\n","protected":false},"author":1,"featured_media":44061,"comment_status":"open","ping_status":"open","sticky":false,"template":"","format":"standard","meta":{"fifu_image_url":"","fifu_image_alt":"","footnotes":""},"categories":[59],"tags":[],"class_list":["post-44060","post","type-post","status-publish","format-standard","has-post-thumbnail","hentry","category-economia"],"distributor_meta":false,"distributor_terms":false,"distributor_media":false,"distributor_original_site_name":"Noticias em Destaque","distributor_original_site_url":"https:\/\/noticiasdestaque.com.br","push-errors":false,"_links":{"self":[{"href":"https:\/\/noticiasdestaque.com.br\/index.php\/wp-json\/wp\/v2\/posts\/44060","targetHints":{"allow":["GET"]}}],"collection":[{"href":"https:\/\/noticiasdestaque.com.br\/index.php\/wp-json\/wp\/v2\/posts"}],"about":[{"href":"https:\/\/noticiasdestaque.com.br\/index.php\/wp-json\/wp\/v2\/types\/post"}],"author":[{"embeddable":true,"href":"https:\/\/noticiasdestaque.com.br\/index.php\/wp-json\/wp\/v2\/users\/1"}],"replies":[{"embeddable":true,"href":"https:\/\/noticiasdestaque.com.br\/index.php\/wp-json\/wp\/v2\/comments?post=44060"}],"version-history":[{"count":0,"href":"https:\/\/noticiasdestaque.com.br\/index.php\/wp-json\/wp\/v2\/posts\/44060\/revisions"}],"wp:featuredmedia":[{"embeddable":true,"href":"https:\/\/noticiasdestaque.com.br\/index.php\/wp-json\/wp\/v2\/media\/44061"}],"wp:attachment":[{"href":"https:\/\/noticiasdestaque.com.br\/index.php\/wp-json\/wp\/v2\/media?parent=44060"}],"wp:term":[{"taxonomy":"category","embeddable":true,"href":"https:\/\/noticiasdestaque.com.br\/index.php\/wp-json\/wp\/v2\/categories?post=44060"},{"taxonomy":"post_tag","embeddable":true,"href":"https:\/\/noticiasdestaque.com.br\/index.php\/wp-json\/wp\/v2\/tags?post=44060"}],"curies":[{"name":"wp","href":"https:\/\/api.w.org\/{rel}","templated":true}]}}