{"id":44052,"date":"2025-05-22T22:00:00","date_gmt":"2025-05-23T01:00:00","guid":{"rendered":"https:\/\/noticiasdestaque.com.br\/index.php\/2025\/05\/22\/movimentacao-portuaria-cresce-quase-7-na-regiao-norte-em-marco-de-2025\/"},"modified":"2025-05-22T22:00:00","modified_gmt":"2025-05-23T01:00:00","slug":"movimentacao-portuaria-cresce-quase-7-na-regiao-norte-em-marco-de-2025","status":"publish","type":"post","link":"https:\/\/noticiasdestaque.com.br\/index.php\/2025\/05\/22\/movimentacao-portuaria-cresce-quase-7-na-regiao-norte-em-marco-de-2025\/","title":{"rendered":"Movimenta\u00e7\u00e3o portu\u00e1ria cresce quase 7% na Regi\u00e3o Norte em mar\u00e7o de 2025"},"content":{"rendered":"<p>\t\t\t\t\t\t\t\t\t\t<audio controls class=\"b61_audio_player\" data-noticia=\"82183\" src=\"https:\/\/brasil61.com\/rails\/active_storage\/blobs\/eyJfcmFpbHMiOnsibWVzc2FnZSI6IkJBaHBBOTFXQXc9PSIsImV4cCI6bnVsbCwicHVyIjoiYmxvYl9pZCJ9fQ==--493d712f5d7f482e156dce336dadaf9ea3b9c54d\/MPOR250062A\"><\/audio><\/p>\n<p>Os portos p\u00fablicos do Norte do Brasil registraram, em mar\u00e7o de 2025, um salto na movimenta\u00e7\u00e3o de praticamente 7%, na compara\u00e7\u00e3o com o mesmo per\u00edodo do ano passado. O resultado foi impulsionado pelo aumento nas cargas gerais, que ultrapassaram 200% de crescimento.<\/p>\n<p>Os dados foram divulgados nesta quinta-feira (22) pelo <a href=\"https:\/\/www.gov.br\/portos-e-aeroportos\/pt-br\" target=\"_blank\">Minist\u00e9rio de Portos e Aeroportos<\/a>. De acordo com a Pasta, o destaque foi para a exporta\u00e7\u00e3o de soja, com mais de 2 milh\u00f5es de toneladas movimentadas.\u00a0<\/p>\n<p>Na avalia\u00e7\u00e3o do ministro Silvio Costa Filho, esse desempenho positivo est\u00e1 relacionado \u00e0 pol\u00edtica de investimentos no setor, que tem contribu\u00eddo para melhorias na log\u00edstica e no aumento da capacidade dos portos brasileiros. \u201cEstamos falando de investimentos bilion\u00e1rios, voltados \u00e0 moderniza\u00e7\u00e3o e ao futuro do setor portu\u00e1rio nacional. S\u00e3o obras estruturantes, que aumentam a efici\u00eancia dos terminais, atraem novos neg\u00f3cios e tornam nossos portos cada vez mais competitivos no cen\u00e1rio global. \u00c9 a maior carteira de investimentos da hist\u00f3ria do setor e ela est\u00e1 abrindo caminho para um novo ciclo de crescimento sustent\u00e1vel da nossa economia\u201d, destaca.<\/p>\n<h2>Portos do Arco Norte<\/h2>\n<p>O secret\u00e1rio Nacional de Portos, Alex \u00c1vila, afirma que o crescimento expressivo nas movimenta\u00e7\u00f5es portu\u00e1rias na regi\u00e3o se deve, sobretudo, \u00e0 participa\u00e7\u00e3o dos portos do Arco Norte, que t\u00eam papel fundamental no escoamento da safra agr\u00edcola.<\/p>\n<p>\u201cJ\u00e1 v\u00ednhamos sinalizando essa tend\u00eancia, principalmente no que se refere \u00e0s cargas de graneis vegetais, e estamos vendo a concretiza\u00e7\u00e3o de uma transforma\u00e7\u00e3o log\u00edstica. At\u00e9 o fim desta d\u00e9cada, os portos das regi\u00f5es Norte e Nordeste devem responder por quase 50% do escoamento de graneis vegetais do pa\u00eds \u2014 um cen\u00e1rio condizente com o fato de que essas regi\u00f5es j\u00e1 produzem quase metade da nossa safra\u201d, pontua.<\/p>\n<p><a href=\"https:\/\/brasil61.com\/n\/portos-da-regiao-sul-registram-maior-volume-de-movimentacao-para-marco-nos-ultimos-10-anos-mpor250060\" target=\"_blank\">Portos da Regi\u00e3o Sul registram maior volume de movimenta\u00e7\u00e3o para mar\u00e7o nos \u00faltimos 10 anos<\/a><\/p>\n<p><a href=\"https:\/\/brasil61.com\/n\/fundo-da-marinha-mercante-regiao-norte-tem-r-2-bilhoes-em-projetos-aprovados-mpor250057\" target=\"_blank\">Fundo da Marinha Mercante: Regi\u00e3o Norte tem R$ 2 bilh\u00f5es em projetos aprovados<\/a><\/p>\n<p>O Arco Norte compreende um plano estrat\u00e9gico que inclui portos ou esta\u00e7\u00f5es de transbordo de alguns estados, como Amap\u00e1, Amazonas, Par\u00e1, Rond\u00f4nia e Maranh\u00e3o. A \u00e1rea \u00e9 considerada essencial para escoamento dos gr\u00e3os, principalmente os produzidos no Centro-Oeste.<\/p>\n<h2>Desempenho por estado<\/h2>\n<p>O levantamento mostra que, no estado do Amap\u00e1, por exemplo, o desempenho portu\u00e1rio contou com um avan\u00e7o de 47,33% nas movimenta\u00e7\u00f5es em mar\u00e7o deste ano, em rela\u00e7\u00e3o ao mesmo m\u00eas de 2024. O resultado foi puxado, entre outros fatores, pelo fluxo de graneis s\u00f3lidos. Esse tipo de carga responde por 51,34% do total movimentado. Na unidade da federa\u00e7\u00e3o, o destaque vai para o Porto de Santana, que teve o melhor desempenho.<\/p>\n<p>J\u00e1 no Par\u00e1, foi registrado um aumento de 2,76%. O salto foi impulsionado, principalmente, pelas cargas gerais, que contaram com expressiva eleva\u00e7\u00e3o de 271,32%. Os portos de Santar\u00e9m e Vila do Conde foram os protagonistas desse avan\u00e7o. Enquanto o primeiro movimentou 1,7 milh\u00e3o de toneladas, o segundo somou 1,4 milh\u00e3o de toneladas no per\u00edodo analisado.<\/p>\n<h2>Investimento no setor portu\u00e1rio<\/h2>\n<p>Na \u00faltima semana, o Minist\u00e9rio de Portos e Aeroportos confirmou o segundo bloco de leil\u00f5es portu\u00e1rios de 2025. A previs\u00e3o \u00e9 de que sejam investidos R$ 1,03 bilh\u00e3o.<\/p>\n<p>Esta iniciativa deve beneficiar empreendimentos localizados nos portos do Rio de Janeiro (RJ), Porto Alegre (RS), Vila do Conde (PA) e Macei\u00f3 (AL). O leil\u00e3o deve ser realizado ainda em julho deste ano, ap\u00f3s a aprova\u00e7\u00e3o dos estudos e a delibera\u00e7\u00e3o e publica\u00e7\u00e3o do edital pela Antaq.<br \/>\nTerminais do segundo bloco de leil\u00f5es<\/p>\n<h2>O novo bloco de leil\u00f5es re\u00fane os seguintes terminais:<\/h2>\n<ul>\n<li>VCD29, do Porto de Vila do Conde (PA)<\/li>\n<li>RDJ07, no Porto do Rio de Janeiro (RJ)<\/li>\n<li>POA26, do Porto de Porto Alegre (RS)<\/li>\n<li>TMP Macei\u00f3, no Porto de Macei\u00f3 (AL)<\/li>\n<\/ul>\n<p>Segundo o ministro Silvio Costa Filho, tamb\u00e9m h\u00e1 uma previs\u00e3o de amplia\u00e7\u00e3o da capacidade log\u00edstica para o escoamento da produ\u00e7\u00e3o agr\u00edcola do Brasil. Essa medida, segundo o chefe da Pasta, contribui para o fortalecimento da infraestrutura do setor, al\u00e9m de gerar emprego e renda para a popula\u00e7\u00e3o.<\/p>\n<p>\t\t\t\t\t\t\t\t\t<img loading=\"lazy\" decoding=\"async\" src=\"https:\/\/brasil61.com\/api\/v1\/serve_pixel\/17677\/82183\" alt=\"Pixel Brasil 61\" class=\"b61_pixel\" width=\"0\" height=\"0\"><\/p>\n<input type=\"hidden\" id=\"baseurl\" value=\"https:\/\/noticiasdestaque.com.br\"><input type=\"hidden\" id=\"audio_nonce\" value=\"6f73a554f1\">","protected":false},"excerpt":{"rendered":"<p>Resultado foi impulsionado pelo aumento nas cargas gerais, que ultrapassaram 200% de crescimento<\/p>\n","protected":false},"author":1,"featured_media":44053,"comment_status":"open","ping_status":"open","sticky":false,"template":"","format":"standard","meta":{"fifu_image_url":"","fifu_image_alt":"","footnotes":""},"categories":[59],"tags":[],"class_list":["post-44052","post","type-post","status-publish","format-standard","has-post-thumbnail","hentry","category-economia"],"distributor_meta":false,"distributor_terms":false,"distributor_media":false,"distributor_original_site_name":"Noticias em Destaque","distributor_original_site_url":"https:\/\/noticiasdestaque.com.br","push-errors":false,"_links":{"self":[{"href":"https:\/\/noticiasdestaque.com.br\/index.php\/wp-json\/wp\/v2\/posts\/44052","targetHints":{"allow":["GET"]}}],"collection":[{"href":"https:\/\/noticiasdestaque.com.br\/index.php\/wp-json\/wp\/v2\/posts"}],"about":[{"href":"https:\/\/noticiasdestaque.com.br\/index.php\/wp-json\/wp\/v2\/types\/post"}],"author":[{"embeddable":true,"href":"https:\/\/noticiasdestaque.com.br\/index.php\/wp-json\/wp\/v2\/users\/1"}],"replies":[{"embeddable":true,"href":"https:\/\/noticiasdestaque.com.br\/index.php\/wp-json\/wp\/v2\/comments?post=44052"}],"version-history":[{"count":0,"href":"https:\/\/noticiasdestaque.com.br\/index.php\/wp-json\/wp\/v2\/posts\/44052\/revisions"}],"wp:featuredmedia":[{"embeddable":true,"href":"https:\/\/noticiasdestaque.com.br\/index.php\/wp-json\/wp\/v2\/media\/44053"}],"wp:attachment":[{"href":"https:\/\/noticiasdestaque.com.br\/index.php\/wp-json\/wp\/v2\/media?parent=44052"}],"wp:term":[{"taxonomy":"category","embeddable":true,"href":"https:\/\/noticiasdestaque.com.br\/index.php\/wp-json\/wp\/v2\/categories?post=44052"},{"taxonomy":"post_tag","embeddable":true,"href":"https:\/\/noticiasdestaque.com.br\/index.php\/wp-json\/wp\/v2\/tags?post=44052"}],"curies":[{"name":"wp","href":"https:\/\/api.w.org\/{rel}","templated":true}]}}