{"id":44046,"date":"2025-05-21T21:50:00","date_gmt":"2025-05-22T00:50:00","guid":{"rendered":"https:\/\/noticiasdestaque.com.br\/index.php\/2025\/05\/21\/mpor-e-anac-lancam-guia-de-combate-ao-assedio-e-a-importunacao-sexual-na-aviacao-civil\/"},"modified":"2025-05-21T21:50:00","modified_gmt":"2025-05-22T00:50:00","slug":"mpor-e-anac-lancam-guia-de-combate-ao-assedio-e-a-importunacao-sexual-na-aviacao-civil","status":"publish","type":"post","link":"https:\/\/noticiasdestaque.com.br\/index.php\/2025\/05\/21\/mpor-e-anac-lancam-guia-de-combate-ao-assedio-e-a-importunacao-sexual-na-aviacao-civil\/","title":{"rendered":"MPor e Anac lan\u00e7am guia de combate ao ass\u00e9dio e \u00e0 importuna\u00e7\u00e3o Sexual na Avia\u00e7\u00e3o Civil"},"content":{"rendered":"<p>\t\t\t\t\t\t\t\t\t\t<audio controls class=\"b61_audio_player\" data-noticia=\"82165\" src=\"https:\/\/brasil61.com\/rails\/active_storage\/blobs\/eyJfcmFpbHMiOnsibWVzc2FnZSI6IkJBaHBBOXhWQXc9PSIsImV4cCI6bnVsbCwicHVyIjoiYmxvYl9pZCJ9fQ==--a154e4f542ea90605e3481db88bb801c6754d8b5\/MPOR250061A\"><\/audio><\/p>\n<p>Como parte da campanha &#8220;Ass\u00e9dio n\u00e3o decola&#8221;, o Minist\u00e9rio de Portos e Aeroportos <a href=\"https:\/\/www.gov.br\/portos-e-aeroportos\/pt-br\" target=\"_blank\">(MPor)<\/a> e a Ag\u00eancia Nacional de Avia\u00e7\u00e3o Civil <a href=\"https:\/\/www.gov.br\/anac\/pt-br\" target=\"_blank\">(Anac)<\/a> lan\u00e7aram um guia de Combate ao Ass\u00e9dio e \u00e0 Importuna\u00e7\u00e3o Sexual na Avia\u00e7\u00e3o Civil.<\/p>\n<p>O material, apresentado nesta quarta-feira (21), cont\u00e9m informa\u00e7\u00f5es sobre situa\u00e7\u00f5es de ass\u00e9dio, acolhimento de v\u00edtimas, den\u00fancias e como prestar apoio. O intuito da iniciativa \u00e9 orientar companhias de avia\u00e7\u00e3o, al\u00e9m de profissionais, passageiros e usu\u00e1rios do setor.<\/p>\n<p><a href=\"https:\/\/www.gov.br\/portos-e-aeroportos\/pt-br\/assuntos\/transporte-aereo\/cartilha-digital-assedio-aviacao-civil\/digital_cartilha-assedio-sexual_aviacao-civil.pdf\" target=\"_blank\">Acesse aqui o Guia de Combate ao Ass\u00e9dio no Setor da Avia\u00e7\u00e3o Civil<\/a>.<\/p>\n<p>Segundo o secret\u00e1rio Nacional de Avia\u00e7\u00e3o, Tom\u00e9 Franca, a iniciativa visa promover um ambiente de trabalho mais respeitoso, saud\u00e1vel e prop\u00edcio ao desenvolvimento profissional das mulheres. Diante disso, ele destacou a import\u00e2ncia da campanha. \u201cVamos levar essa campanha para todos os aeroportos, para todas as companhias a\u00e9reas e associa\u00e7\u00f5es do setor, para que mais mulheres possam atuar com seguran\u00e7a em ambientes que respeitem suas identidades\u201d, disse.<\/p>\n<p><a href=\"https:\/\/brasil61.com\/n\/voa-brasil-numero-de-reservas-efetuadas-por-meio-do-programa-chega-a-40-mil-mpor250058\" target=\"_blank\">Voa Brasil: n\u00famero de reservas efetuadas por meio do programa chega a 40 mil<\/a><\/p>\n<p><a href=\"https:\/\/brasil61.com\/n\/inclusao-pesquisa-do-mpor-identifica-barreiras-enfrentadas-por-pessoas-com-deficiencia-em-aeroportos-mpor250042\" target=\"_blank\">Inclus\u00e3o: Pesquisa do Mpor identifica barreiras enfrentadas por pessoas com defici\u00eancia em aeroportos<\/a><\/p>\n<p>Para o ministro Silvio Costa Filho, a campanha desempenha um trabalho &#8220;educativo e pedag\u00f3gico&#8221;. O intuito, segundo o chefe da Pasta, \u00e9 fazer com que as empresas \u2013 sejam aeroportu\u00e1rias ou da avia\u00e7\u00e3o civil \u2013 absorvam a ideia da valoriza\u00e7\u00e3o das mulheres. \u201cO objetivo \u00e9 promover ambientes mais seguros\u201d, afirmou.<\/p>\n<h2>Manifesto \u201cHe for She\u201d<\/h2>\n<p>Durante o evento de lan\u00e7amento do guia, que ocorreu no Aeroporto de Bras\u00edlia, tamb\u00e9m foi assinado o manifesto \u201cHe for She\u201d, dentro de uma campanha promovida pela ONU Mulheres.\u00a0<\/p>\n<p>Nesse caso, o intuito \u00e9 mobilizar homens como aliados pela igualdade de g\u00eanero e viol\u00eancia contra as mulheres.<\/p>\n<p>Na ocasi\u00e3o, a ministra das Mulheres, M\u00e1rcia Lopes, frisou a import\u00e2ncia de transformar estruturas historicamente marcadas por machismo, racismo e outras formas de opress\u00e3o, refor\u00e7ando que essa mudan\u00e7a exige coragem e comprometimento. \u201cAss\u00e9dio n\u00e3o decola tem que estar presente, tem que estar na boca de todo o povo brasileiro, come\u00e7ando pelas crian\u00e7as e adolescentes\u201d, disse a ministra.<\/p>\n<p>\t\t\t\t\t\t\t\t\t<img loading=\"lazy\" decoding=\"async\" src=\"https:\/\/brasil61.com\/api\/v1\/serve_pixel\/17677\/82165\" alt=\"Pixel Brasil 61\" class=\"b61_pixel\" width=\"0\" height=\"0\"><\/p>\n<input type=\"hidden\" id=\"baseurl\" value=\"https:\/\/noticiasdestaque.com.br\"><input type=\"hidden\" id=\"audio_nonce\" value=\"6f73a554f1\">","protected":false},"excerpt":{"rendered":"<p>O material, apresentado nesta quarta-feira (21), cont\u00e9m informa\u00e7\u00f5es sobre situa\u00e7\u00f5es de ass\u00e9dio, acolhimento de v\u00edtimas, den\u00fancias e como prestar apoio<\/p>\n","protected":false},"author":1,"featured_media":44047,"comment_status":"open","ping_status":"open","sticky":false,"template":"","format":"standard","meta":{"fifu_image_url":"","fifu_image_alt":"","footnotes":""},"categories":[48],"tags":[],"class_list":["post-44046","post","type-post","status-publish","format-standard","has-post-thumbnail","hentry","category-mundo"],"distributor_meta":false,"distributor_terms":false,"distributor_media":false,"distributor_original_site_name":"Noticias em Destaque","distributor_original_site_url":"https:\/\/noticiasdestaque.com.br","push-errors":false,"_links":{"self":[{"href":"https:\/\/noticiasdestaque.com.br\/index.php\/wp-json\/wp\/v2\/posts\/44046","targetHints":{"allow":["GET"]}}],"collection":[{"href":"https:\/\/noticiasdestaque.com.br\/index.php\/wp-json\/wp\/v2\/posts"}],"about":[{"href":"https:\/\/noticiasdestaque.com.br\/index.php\/wp-json\/wp\/v2\/types\/post"}],"author":[{"embeddable":true,"href":"https:\/\/noticiasdestaque.com.br\/index.php\/wp-json\/wp\/v2\/users\/1"}],"replies":[{"embeddable":true,"href":"https:\/\/noticiasdestaque.com.br\/index.php\/wp-json\/wp\/v2\/comments?post=44046"}],"version-history":[{"count":0,"href":"https:\/\/noticiasdestaque.com.br\/index.php\/wp-json\/wp\/v2\/posts\/44046\/revisions"}],"wp:featuredmedia":[{"embeddable":true,"href":"https:\/\/noticiasdestaque.com.br\/index.php\/wp-json\/wp\/v2\/media\/44047"}],"wp:attachment":[{"href":"https:\/\/noticiasdestaque.com.br\/index.php\/wp-json\/wp\/v2\/media?parent=44046"}],"wp:term":[{"taxonomy":"category","embeddable":true,"href":"https:\/\/noticiasdestaque.com.br\/index.php\/wp-json\/wp\/v2\/categories?post=44046"},{"taxonomy":"post_tag","embeddable":true,"href":"https:\/\/noticiasdestaque.com.br\/index.php\/wp-json\/wp\/v2\/tags?post=44046"}],"curies":[{"name":"wp","href":"https:\/\/api.w.org\/{rel}","templated":true}]}}