{"id":44044,"date":"2025-05-21T21:40:00","date_gmt":"2025-05-22T00:40:00","guid":{"rendered":"https:\/\/noticiasdestaque.com.br\/index.php\/2025\/05\/21\/transporte-aereo-movimentacao-de-passageiros-no-brasil-supera-em-4-periodo-pre-pandemia\/"},"modified":"2025-05-21T21:40:00","modified_gmt":"2025-05-22T00:40:00","slug":"transporte-aereo-movimentacao-de-passageiros-no-brasil-supera-em-4-periodo-pre-pandemia","status":"publish","type":"post","link":"https:\/\/noticiasdestaque.com.br\/index.php\/2025\/05\/21\/transporte-aereo-movimentacao-de-passageiros-no-brasil-supera-em-4-periodo-pre-pandemia\/","title":{"rendered":"TRANSPORTE A\u00c9REO: movimenta\u00e7\u00e3o de passageiros no Brasil supera em 4% per\u00edodo pr\u00e9-pandemia"},"content":{"rendered":"<p>\t\t\t\t\t\t\t\t\t\t<audio controls class=\"b61_audio_player\" data-noticia=\"82162\" src=\"https:\/\/brasil61.com\/rails\/active_storage\/blobs\/eyJfcmFpbHMiOnsibWVzc2FnZSI6IkJBaHBBK0JWQXc9PSIsImV4cCI6bnVsbCwicHVyIjoiYmxvYl9pZCJ9fQ==--a91d595e04a59663efce9750ba4d4ff119cfbea1\/MPOR250059A\"><\/audio><\/p>\n<p>A quantidade de passageiros que utilizaram o transporte a\u00e9reo nos quatro primeiros meses de 2025 no Brasil j\u00e1 \u00e9 4% maior do que a verificada no per\u00edodo pr\u00e9-pandemia, ou seja, em 2019. O dado consta no Relat\u00f3rio de Demanda e Oferta da Ag\u00eancia Nacional de Avia\u00e7\u00e3o Civil <a href=\"https:\/\/www.gov.br\/anac\/pt-br\" target=\"_blank\">(Anac)<\/a>.<\/p>\n<p>Para o Minist\u00e9rio de Portos e Aeroportos <a href=\"https:\/\/www.gov.br\/portos-e-aeroportos\/pt-br\" target=\"_blank\">(MPor)<\/a>, a tend\u00eancia \u00e9 que, at\u00e9 dezembro deste ano, a movimenta\u00e7\u00e3o nos aeroportos do pa\u00eds ultrapasse 123 milh\u00f5es de passageiros \u2013 o que renderia a melhor marca da hist\u00f3ria.<\/p>\n<p><a href=\"https:\/\/brasil61.com\/n\/voa-brasil-numero-de-reservas-efetuadas-por-meio-do-programa-chega-a-40-mil-mpor250058\" target=\"_blank\">Voa Brasil: n\u00famero de reservas efetuadas por meio do programa chega a 40 mil<\/a><\/p>\n<p>Segundo o ministro S\u00edlvio Costa Filho, esse desempenho positivo tamb\u00e9m serve para medir o desenvolvimento da economia do pa\u00eds, j\u00e1 que demonstra que o brasileiro adquiriu maior capacidade financeira para viajar, seja internamente ou para fora do Brasil. \u201cEstamos com o menor \u00edndice de desemprego da hist\u00f3ria. Contrariando os pessimistas, teremos novamente um PIB crescendo acima de 2%. No setor portu\u00e1rio, estamos modernizando nossos aeroportos, ampliando o bem-estar dos passageiros, preparando nossas cidades para o desenvolvimento econ\u00f4mico previsto para os pr\u00f3ximos anos\u201d, destaca.<\/p>\n<h2>Voos internacionais e dom\u00e9sticos<\/h2>\n<p>O crescimento do n\u00famero de passageiros neste in\u00edcio de ano j\u00e1 era verificado em an\u00e1lise sobre os voos internacionais, que chegaram a 9,5 milh\u00f5es de passageiros at\u00e9 abril. O resultado representa um aumento de 15% na compara\u00e7\u00e3o com 2019.<\/p>\n<p>A evolu\u00e7\u00e3o tamb\u00e9m foi notada em rela\u00e7\u00e3o aos voos dom\u00e9sticos, que registraram um salto de 0,7% frente ao per\u00edodo pr\u00e9-pandemia. Nesse caso, o total de pessoas transportadas em quatro meses chegou a 31,6 milh\u00f5es.<\/p>\n<h2>Movimenta\u00e7\u00e3o de passageiro em abril<\/h2>\n<p>Em abril deste ano, a movimenta\u00e7\u00e3o de passageiros contou com 7,9 milh\u00f5es de passageiros processados no mercado dom\u00e9stico e 2,1 milh\u00f5es no mercado internacional. Ou seja, um total de aproximadamente 10 milh\u00f5es. O resultado corresponde a um salto de 9,6% em rela\u00e7\u00e3o ao mesmo per\u00edodo do ano passado.<\/p>\n<p>Quanto ao mercado internacional, foi a primeira vez que o setor superou 2 milh\u00f5es de passageiros no quarto m\u00eas do ano, desde o in\u00edcio da s\u00e9rie hist\u00f3rica, em janeiro de 2000.<\/p>\n<p>Segundo o secret\u00e1rio Nacional de Avia\u00e7\u00e3o Civil, Tom\u00e9 Franca, o m\u00eas de abril foi marcado pelo expressivo crescimento do fluxo internacional. Para ele, esse quadro mostra como o setor tem evolu\u00eddo. \u201c\u00c9 inconteste que a avia\u00e7\u00e3o civil brasileira segue em crescimento dentro e fora do pa\u00eds, o que nos anima a trabalhar por mais infraestrutura e apoio ao setor\u201d, avalia.<\/p>\n<h2>Movimenta\u00e7\u00e3o de carga<\/h2>\n<p>O levantamento tamb\u00e9m apresentou n\u00fameros relacionados \u00e0 movimenta\u00e7\u00e3o de carga a\u00e9rea nos quatro primeiros meses do ano. Nesse per\u00edodo, o total registrado foi de 437 mil toneladas. O volume est\u00e1 acima do registrado antes da pandemia \u2013 quando a quantidade foi de 386 mil toneladas.<\/p>\n<p>Em abril de 2025, o volume transportado nos voos internacionais chegou a 74,8 mil toneladas, ou seja, um aumento de 4,4% na compara\u00e7\u00e3o com o mesmo m\u00eas do ano passado. J\u00e1 a movimenta\u00e7\u00e3o de carga dom\u00e9stica atingiu 35,9 mil toneladas, o que revela um recuo de 12,5% em rela\u00e7\u00e3o ao total movimentado em abril de 2024.<br \/>\n\u00a0<\/p>\n<p>\t\t\t\t\t\t\t\t\t<img loading=\"lazy\" decoding=\"async\" src=\"https:\/\/brasil61.com\/api\/v1\/serve_pixel\/17677\/82162\" alt=\"Pixel Brasil 61\" class=\"b61_pixel\" width=\"0\" height=\"0\"><\/p>\n<input type=\"hidden\" id=\"baseurl\" value=\"https:\/\/noticiasdestaque.com.br\"><input type=\"hidden\" id=\"audio_nonce\" value=\"6f73a554f1\">","protected":false},"excerpt":{"rendered":"<p>O crescimento do n\u00famero de passageiros neste in\u00edcio de ano j\u00e1 era verificado em an\u00e1lise sobre os voos internacionais, que chegaram a 9,5 milh\u00f5es de passageiros at\u00e9 abril<\/p>\n","protected":false},"author":1,"featured_media":44045,"comment_status":"open","ping_status":"open","sticky":false,"template":"","format":"standard","meta":{"fifu_image_url":"","fifu_image_alt":"","footnotes":""},"categories":[48],"tags":[],"class_list":["post-44044","post","type-post","status-publish","format-standard","has-post-thumbnail","hentry","category-mundo"],"distributor_meta":false,"distributor_terms":false,"distributor_media":false,"distributor_original_site_name":"Noticias em Destaque","distributor_original_site_url":"https:\/\/noticiasdestaque.com.br","push-errors":false,"_links":{"self":[{"href":"https:\/\/noticiasdestaque.com.br\/index.php\/wp-json\/wp\/v2\/posts\/44044","targetHints":{"allow":["GET"]}}],"collection":[{"href":"https:\/\/noticiasdestaque.com.br\/index.php\/wp-json\/wp\/v2\/posts"}],"about":[{"href":"https:\/\/noticiasdestaque.com.br\/index.php\/wp-json\/wp\/v2\/types\/post"}],"author":[{"embeddable":true,"href":"https:\/\/noticiasdestaque.com.br\/index.php\/wp-json\/wp\/v2\/users\/1"}],"replies":[{"embeddable":true,"href":"https:\/\/noticiasdestaque.com.br\/index.php\/wp-json\/wp\/v2\/comments?post=44044"}],"version-history":[{"count":0,"href":"https:\/\/noticiasdestaque.com.br\/index.php\/wp-json\/wp\/v2\/posts\/44044\/revisions"}],"wp:featuredmedia":[{"embeddable":true,"href":"https:\/\/noticiasdestaque.com.br\/index.php\/wp-json\/wp\/v2\/media\/44045"}],"wp:attachment":[{"href":"https:\/\/noticiasdestaque.com.br\/index.php\/wp-json\/wp\/v2\/media?parent=44044"}],"wp:term":[{"taxonomy":"category","embeddable":true,"href":"https:\/\/noticiasdestaque.com.br\/index.php\/wp-json\/wp\/v2\/categories?post=44044"},{"taxonomy":"post_tag","embeddable":true,"href":"https:\/\/noticiasdestaque.com.br\/index.php\/wp-json\/wp\/v2\/tags?post=44044"}],"curies":[{"name":"wp","href":"https:\/\/api.w.org\/{rel}","templated":true}]}}