{"id":44016,"date":"2025-05-20T18:50:00","date_gmt":"2025-05-20T21:50:00","guid":{"rendered":"https:\/\/noticiasdestaque.com.br\/index.php\/2025\/05\/20\/divulgados-os-vencedores-do-premio-mineracao-comunidades-2025\/"},"modified":"2025-05-20T18:50:00","modified_gmt":"2025-05-20T21:50:00","slug":"divulgados-os-vencedores-do-premio-mineracao-comunidades-2025","status":"publish","type":"post","link":"https:\/\/noticiasdestaque.com.br\/index.php\/2025\/05\/20\/divulgados-os-vencedores-do-premio-mineracao-comunidades-2025\/","title":{"rendered":"Divulgados os vencedores do Pr\u00eamio Minera\u00e7\u00e3o &amp; Comunidades 2025"},"content":{"rendered":"<p>A <strong>organiza\u00e7\u00e3o do Pr\u00eamio Minera\u00e7\u00e3o &amp; Comunidades<\/strong> anunciou os projetos vencedores da edi\u00e7\u00e3o 2025, que reconhece boas pr\u00e1ticas de empresas e institui\u00e7\u00f5es do setor mineral em suas rela\u00e7\u00f5es com comunidades. A premia\u00e7\u00e3o contempla cinco categorias: Comunica\u00e7\u00e3o, relacionamento e engajamento; Desenvolvimento, cidadania e gest\u00e3o de renda; Resgate e valoriza\u00e7\u00e3o de culturas e tradi\u00e7\u00f5es; Respeito e harmonia com comunidades, inclusive tradicionais; e Responsabilidade Socioambiental Participativa.<\/p>\n<p>Na categoria <strong>Comunica\u00e7\u00e3o, relacionamento e engajamento<\/strong>, o projeto vencedor foi &#8220;Espa\u00e7o Jacobina Minera\u00e7\u00e3o \u2013 Conectando a Empresa \u00e0 Comunidade&#8221;, da <strong>Jacobina Minera\u00e7\u00e3o Pan American Silver Brasil<\/strong>, de autoria de Isadora Cerqueira Souza, Cassiana Souza Lima de Queiroz e B\u00e1rbara Castro Loureiro de Souza Sousa. A iniciativa se destacou pela cria\u00e7\u00e3o de um espa\u00e7o dedicado ao di\u00e1logo transparente entre empresa e comunidade.<\/p>\n<p>Na categoria <strong>Desenvolvimento, cidadania e gest\u00e3o de renda<\/strong>, o premiado foi o &#8220;Programa Partilhar&#8221;, da Vale, voltado ao fortalecimento de organiza\u00e7\u00f5es sociais e \u00e0 gera\u00e7\u00e3o de renda em comunidades do entorno. O projeto \u00e9 assinado por Christiane Medeiros (respons\u00e1vel t\u00e9cnica), com a participa\u00e7\u00e3o de Emylli Santos, Fernando Matias, Kessia Vieira, Lucas Fran\u00e7a, Marilza Cruz, Sueli Lucena e Thiago Alves do Valle.<\/p>\n<p>Na categoria Resgate e valoriza\u00e7\u00e3o de culturas e tradi\u00e7\u00f5es, venceu o projeto &#8220;Cerrado Imaterial \u2013 Ber\u00e7o da Vida&#8221;, da Bela Vista Cultural \/ CMOC Brasil, de autoria de Davidson Miranda. A iniciativa promove a valoriza\u00e7\u00e3o do patrim\u00f4nio cultural e imaterial do Cerrado, contribuindo para o reconhecimento e preserva\u00e7\u00e3o das tradi\u00e7\u00f5es locais.<\/p>\n<p>J\u00e1 na categoria <strong>Respeito e harmonia com comunidades<\/strong>, inclusive tradicionais, o destaque foi o projeto &#8220;Desafio D&amp;I&#8221;, da Mosaic, desenvolvido por Paulo Eduardo Batista e Caroline F\u00e1varo Oliveira Valera. A proposta foi reconhecida pelo est\u00edmulo \u00e0 diversidade e inclus\u00e3o, promovendo o respeito m\u00fatuo e a constru\u00e7\u00e3o de rela\u00e7\u00f5es mais equitativas com comunidades tradicionais.<\/p>\n<p>Na categoria Responsabilidade Socioambiental Participativa, o projeto vencedor foi &#8220;Constru\u00e7\u00e3o de barraginhas e recupera\u00e7\u00e3o de nascentes no entorno do empreendimento CMOC Brasil&#8221;, uma iniciativa conjunta da <strong>CMOC Brasil<\/strong> e <strong>Universidade Federal de Catal\u00e3o (UFCAT)<\/strong>. O trabalho foi desenvolvido por Rafael de \u00c1vila Rodrigues, Antover Panazzolo Sarmento, Marcos Vinicius Agapito Mendes, Jos\u00e9 Leomar Vaz, Fl\u00e1via de Paula Adorno, Davidson Miranda, Bruno Bretas, Higor Manfrin e Diana Mendes, e se destacou pelas a\u00e7\u00f5es integradas de conserva\u00e7\u00e3o ambiental com participa\u00e7\u00e3o comunit\u00e1ria.<\/p>\n<p>Ao todo, foram mais de 80 trabalhos inscritos, superando positivamente as expectativas da Comiss\u00e3o Organizadora e evidenciando o crescente compromisso do setor mineral com pr\u00e1ticas mais sustent\u00e1veis e integradas \u00e0s realidades locais.<\/p>\n<p>Um dos destaques desta edi\u00e7\u00e3o foi a atua\u00e7\u00e3o qualificada do corpo de jurados, composto por Maria Am\u00e9lia Enr\u00edquez, V\u00e2nia Andrade, Ar\u00e3o Portugal e D\u00e9bora Tocci, todos Conselheiros de Brasil Mineral, especialistas de reconhecida experi\u00eancia nas \u00e1reas de minera\u00e7\u00e3o, sustentabilidade, responsabilidade social, meio ambiente e relacionamento comunit\u00e1rio. A diversidade de perfis e o rigor t\u00e9cnico nas avalia\u00e7\u00f5es conferiram ainda mais credibilidade ao processo de sele\u00e7\u00e3o, assegurando que os projetos premiados representassem verdadeiramente o que h\u00e1 de mais relevante e transformador nas pr\u00e1ticas socioambientais do setor.<\/p>\n<p>A apresenta\u00e7\u00e3o dos trabalhos vencedores acontecer\u00e1 na tarde do dia 28 de maio, durante o <strong>10\u00ba Minera\u00e7\u00e3o &amp;\/X Comunidades<\/strong>, evento que se consolidou como um dos principais f\u00f3runs de debate sobre as rela\u00e7\u00f5es entre minera\u00e7\u00e3o e sociedade. A cerim\u00f4nia de premia\u00e7\u00e3o ser\u00e1 realizada na sequ\u00eancia, celebrando as iniciativas que se destacaram pela contribui\u00e7\u00e3o efetiva ao desenvolvimento sustent\u00e1vel e ao fortalecimento dos la\u00e7os com as comunidades.<\/p>\n<p>A equipe da <strong>Brasil Mineral<\/strong> parabeniza todos os vencedores e participantes por suas contribui\u00e7\u00f5es para uma minera\u00e7\u00e3o mais humana, inclusiva e conectada com os territ\u00f3rios onde atua.<\/p>\n<p>\t\t\t\t\t\t\t\t\t<img loading=\"lazy\" decoding=\"async\" src=\"https:\/\/brasil61.com\/api\/v1\/serve_pixel\/17677\/82112\" alt=\"Pixel Brasil 61\" class=\"b61_pixel\" width=\"0\" height=\"0\"><\/p>\n<input type=\"hidden\" id=\"baseurl\" value=\"https:\/\/noticiasdestaque.com.br\"><input type=\"hidden\" id=\"audio_nonce\" value=\"6f73a554f1\">","protected":false},"excerpt":{"rendered":"<p>A premia\u00e7\u00e3o contempla cinco categorias: Comunica\u00e7\u00e3o, relacionamento e engajamento; Desenvolvimento, cidadania e gest\u00e3o de renda; Resgate e valoriza\u00e7\u00e3o de culturas e tradi\u00e7\u00f5es; Respeito e harmonia com comunidades, inclusive tradicionais; e Responsabilidade Socioambiental Participativa.<\/p>\n","protected":false},"author":1,"featured_media":44017,"comment_status":"open","ping_status":"open","sticky":false,"template":"","format":"standard","meta":{"fifu_image_url":"","fifu_image_alt":"","footnotes":""},"categories":[59],"tags":[],"class_list":["post-44016","post","type-post","status-publish","format-standard","has-post-thumbnail","hentry","category-economia"],"distributor_meta":false,"distributor_terms":false,"distributor_media":false,"distributor_original_site_name":"Noticias em Destaque","distributor_original_site_url":"https:\/\/noticiasdestaque.com.br","push-errors":false,"_links":{"self":[{"href":"https:\/\/noticiasdestaque.com.br\/index.php\/wp-json\/wp\/v2\/posts\/44016","targetHints":{"allow":["GET"]}}],"collection":[{"href":"https:\/\/noticiasdestaque.com.br\/index.php\/wp-json\/wp\/v2\/posts"}],"about":[{"href":"https:\/\/noticiasdestaque.com.br\/index.php\/wp-json\/wp\/v2\/types\/post"}],"author":[{"embeddable":true,"href":"https:\/\/noticiasdestaque.com.br\/index.php\/wp-json\/wp\/v2\/users\/1"}],"replies":[{"embeddable":true,"href":"https:\/\/noticiasdestaque.com.br\/index.php\/wp-json\/wp\/v2\/comments?post=44016"}],"version-history":[{"count":0,"href":"https:\/\/noticiasdestaque.com.br\/index.php\/wp-json\/wp\/v2\/posts\/44016\/revisions"}],"wp:featuredmedia":[{"embeddable":true,"href":"https:\/\/noticiasdestaque.com.br\/index.php\/wp-json\/wp\/v2\/media\/44017"}],"wp:attachment":[{"href":"https:\/\/noticiasdestaque.com.br\/index.php\/wp-json\/wp\/v2\/media?parent=44016"}],"wp:term":[{"taxonomy":"category","embeddable":true,"href":"https:\/\/noticiasdestaque.com.br\/index.php\/wp-json\/wp\/v2\/categories?post=44016"},{"taxonomy":"post_tag","embeddable":true,"href":"https:\/\/noticiasdestaque.com.br\/index.php\/wp-json\/wp\/v2\/tags?post=44016"}],"curies":[{"name":"wp","href":"https:\/\/api.w.org\/{rel}","templated":true}]}}