{"id":44004,"date":"2025-05-19T20:00:00","date_gmt":"2025-05-19T23:00:00","guid":{"rendered":"https:\/\/noticiasdestaque.com.br\/index.php\/2025\/05\/19\/municipios-brasileiros-acumulam-rombo-fiscal-e-prefeitos-vao-a-brasilia-pedir-socorro\/"},"modified":"2025-05-19T20:00:00","modified_gmt":"2025-05-19T23:00:00","slug":"municipios-brasileiros-acumulam-rombo-fiscal-e-prefeitos-vao-a-brasilia-pedir-socorro","status":"publish","type":"post","link":"https:\/\/noticiasdestaque.com.br\/index.php\/2025\/05\/19\/municipios-brasileiros-acumulam-rombo-fiscal-e-prefeitos-vao-a-brasilia-pedir-socorro\/","title":{"rendered":"Munic\u00edpios brasileiros acumulam rombo fiscal e prefeitos v\u00e3o a Bras\u00edlia pedir socorro"},"content":{"rendered":"<p>\t\t\t\t\t\t\t\t\t\t<audio controls class=\"b61_audio_player\" data-noticia=\"82076\" src=\"https:\/\/brasil61.com\/rails\/active_storage\/blobs\/eyJfcmFpbHMiOnsibWVzc2FnZSI6IkJBaHBBNHRVQXc9PSIsImV4cCI6bnVsbCwicHVyIjoiYmxvYl9pZCJ9fQ==--ff70dbfcd6b92d004c14e7b9d1d6fd793a879263\/BRAS2513985A\"><\/audio><\/p>\n<p>A primeira atividade da XXVI Marcha a Bras\u00edlia em Defesa dos Munic\u00edpios, que come\u00e7ou nesta segunda (19) em Bras\u00edlia, foi uma coletiva de imprensa promovida pela Confedera\u00e7\u00e3o Nacional do Munic\u00edpios (CNM) \u2014 organizadora do evento. Durante a entrevista, Paulo Ziulkoski, presidente da CNM, falou sobre as prioridades deste ano. Entre elas, a reforma tribut\u00e1ria e a sustentabilidade fiscal dos munic\u00edpios.\u00a0<\/p>\n<p>Para Ziulkoski, a chamada PEC da Sustentabilidade precisa ser debatida, bem como as mudan\u00e7as causadas pelas emendas:<\/p>\n<p>\u201cSe voc\u00eas tivessem uma ideia e pudessem viver um dia na prefeitura para ver o que est\u00e1 acontecendo na \u00e1rea da sa\u00fade, da assist\u00eancia social etc. \u00c9 terr\u00edvel a situa\u00e7\u00e3o na ponta, do cidad\u00e3o brasileiro, n\u00e3o \u00e9 dos prefeitos. Dizem que aqui \u00e9 o sindicato dos prefeitos; pelo contr\u00e1rio, aqui \u00e9 o sindicato da popula\u00e7\u00e3o brasileira&#8221;.<\/p>\n<h2>Contas no vermelho<\/h2>\n<p>Segundo um levantamento da CNM,\u00a0divulgado pelo jornal Valor Econ\u00f4mico, mais da metade das prefeituras brasileiras (54%) fecharam o ano de 2024 no vermelho. O d\u00e9ficit fiscal dos munic\u00edpios somou R$ 32,6 bilh\u00f5es \u2014 mais que o dobro do registrado em 2023, quando o rombo foi de R$ 15,3 bilh\u00f5es. Em dois anos, o buraco nas contas locais j\u00e1 passa de R$ 48 bilh\u00f5es.<\/p>\n<p>O estudo, baseado em dados de 4,8 mil prefeituras, revela que as despesas cresceram mais do que as receitas. Enquanto a arrecada\u00e7\u00e3o dos munic\u00edpios aumentou 9,9% de 2023 para 2024, os gastos subiram 11,34%. Um dos principais respons\u00e1veis por essa alta foi o aumento dos investimentos, que cresceram 25% acima da infla\u00e7\u00e3o, totalizando R$ 135,2 bilh\u00f5es \u2014 uma alta ligada, em parte, ao calend\u00e1rio eleitoral.<\/p>\n<p>Outras despesas importantes tamb\u00e9m subiram: os gastos com pessoal cresceram 5% em termos reais, enquanto outras despesas correntes avan\u00e7aram 14%. O resultado negativo se espalha por todos os tamanhos de cidades. As grandes, com mais de 300 mil habitantes, acumularam um d\u00e9ficit de R$ 18,5 bilh\u00f5es. As m\u00e9dias, entre 50 mil e 300 mil moradores, tiveram resultado negativo de R$ 8,4 bilh\u00f5es. J\u00e1 os pequenos munic\u00edpios, com menos de 50 mil habitantes, encerraram o per\u00edodo com d\u00e9ficit de R$ 5,8 bilh\u00f5es.<\/p>\n<p>Os valores do levantamento n\u00e3o foram comentados por Ziulkoski durante a coletiva, mas ser\u00e3o levados na reuni\u00e3o que o presidente da Confedera\u00e7\u00e3o ter\u00e1 com o ministro Fernando Haddad nos pr\u00f3ximos dias.\u00a0<\/p>\n<p>Diante desse cen\u00e1rio, os prefeitos levar\u00e3o ao Congresso e ao governo federal uma s\u00e9rie de reivindica\u00e7\u00f5es. A principal delas \u00e9 a aprova\u00e7\u00e3o da Proposta de Emenda \u00e0 Constitui\u00e7\u00e3o (PEC) 66, que prev\u00ea o parcelamento das d\u00edvidas previdenci\u00e1rias das prefeituras, entre outras medidas de al\u00edvio fiscal.<\/p>\n<p><img decoding=\"async\" style=\"width:100%\" alt=\"\" src=\"https:\/\/noticiasdestaque.com.br\/wp-content\/uploads\/2025\/05\/MunicpiosbrasileirosacumulamrombofiscaleprefeitosvoaBrasliapedirsocorro_0358716001747695864.jpeg\" \/><\/p>\n<p>Foto: Divulga\u00e7\u00e3o\u00a0UPB<\/p>\n<p>S\u00e3o 1.321 participantes entre prefeitos, vices e vereadores que lutam pela aprova\u00e7\u00e3o da PEC 66.\u00a0A expectativa de quem veio de longe\u00a0\u00e9 de sair de Bras\u00edlia com boas respostas, como a comitiva da Bahia, liderada pelo presidente da Uni\u00e3o dos Munic\u00edpios da Bahia (UPB) e prefeito de Andara\u00ed, Wilson Cardoso:<\/p>\n<p>\u201cS\u00f3 tem um caminho para que os munic\u00edpios votem a se desenvolver e deem paz aos gestores que assumem agora para governar, que \u00e9 a aprova\u00e7\u00e3o da PEC 66.\u201d<\/p>\n<h2>XXVI Marcha<\/h2>\n<p>Com o tema \u201cAutonomia Municipal: a For\u00e7a que Transforma o Brasil\u201d, a Marcha deste ano deve reunir mais de 13 mil participantes, incluindo prefeitos, vereadores e secret\u00e1rios municipais. Al\u00e9m do presidente Lula e do vice Geraldo Alckmin, s\u00e3o esperadas as presen\u00e7as de ministros, parlamentares e lideran\u00e7as do Executivo e Legislativo.<\/p>\n<p>A expectativa dos gestores locais \u00e9 que a mobiliza\u00e7\u00e3o pressione por medidas concretas que permitam \u00e0s prefeituras continuar investindo em sa\u00fade, educa\u00e7\u00e3o e infraestrutura sem comprometer ainda mais suas finan\u00e7as.<br \/>\n\u00a0<\/p>\n<p>\t\t\t\t\t\t\t\t\t<img loading=\"lazy\" decoding=\"async\" src=\"https:\/\/brasil61.com\/api\/v1\/serve_pixel\/17677\/82076\" alt=\"Pixel Brasil 61\" class=\"b61_pixel\" width=\"0\" height=\"0\"><\/p>\n<input type=\"hidden\" id=\"baseurl\" value=\"https:\/\/noticiasdestaque.com.br\"><input type=\"hidden\" id=\"audio_nonce\" value=\"6f73a554f1\">","protected":false},"excerpt":{"rendered":"<p>Sustentabilidade fiscal e previdenci\u00e1ria das prefeituras est\u00e1 entre as pautas priorit\u00e1rias da XXVI Marcha a Bras\u00edlia em Defesa dos Munic\u00edpios<\/p>\n","protected":false},"author":1,"featured_media":44005,"comment_status":"open","ping_status":"open","sticky":false,"template":"","format":"standard","meta":{"fifu_image_url":"","fifu_image_alt":"","footnotes":""},"categories":[50],"tags":[],"class_list":["post-44004","post","type-post","status-publish","format-standard","has-post-thumbnail","hentry","category-politica"],"distributor_meta":false,"distributor_terms":false,"distributor_media":false,"distributor_original_site_name":"Noticias em Destaque","distributor_original_site_url":"https:\/\/noticiasdestaque.com.br","push-errors":false,"_links":{"self":[{"href":"https:\/\/noticiasdestaque.com.br\/index.php\/wp-json\/wp\/v2\/posts\/44004","targetHints":{"allow":["GET"]}}],"collection":[{"href":"https:\/\/noticiasdestaque.com.br\/index.php\/wp-json\/wp\/v2\/posts"}],"about":[{"href":"https:\/\/noticiasdestaque.com.br\/index.php\/wp-json\/wp\/v2\/types\/post"}],"author":[{"embeddable":true,"href":"https:\/\/noticiasdestaque.com.br\/index.php\/wp-json\/wp\/v2\/users\/1"}],"replies":[{"embeddable":true,"href":"https:\/\/noticiasdestaque.com.br\/index.php\/wp-json\/wp\/v2\/comments?post=44004"}],"version-history":[{"count":0,"href":"https:\/\/noticiasdestaque.com.br\/index.php\/wp-json\/wp\/v2\/posts\/44004\/revisions"}],"wp:featuredmedia":[{"embeddable":true,"href":"https:\/\/noticiasdestaque.com.br\/index.php\/wp-json\/wp\/v2\/media\/44005"}],"wp:attachment":[{"href":"https:\/\/noticiasdestaque.com.br\/index.php\/wp-json\/wp\/v2\/media?parent=44004"}],"wp:term":[{"taxonomy":"category","embeddable":true,"href":"https:\/\/noticiasdestaque.com.br\/index.php\/wp-json\/wp\/v2\/categories?post=44004"},{"taxonomy":"post_tag","embeddable":true,"href":"https:\/\/noticiasdestaque.com.br\/index.php\/wp-json\/wp\/v2\/tags?post=44004"}],"curies":[{"name":"wp","href":"https:\/\/api.w.org\/{rel}","templated":true}]}}