{"id":43996,"date":"2025-05-19T20:00:00","date_gmt":"2025-05-19T23:00:00","guid":{"rendered":"https:\/\/noticiasdestaque.com.br\/index.php\/2025\/05\/19\/terca-comeca-com-dolar-em-queda-a-r-565\/"},"modified":"2025-05-19T20:00:00","modified_gmt":"2025-05-19T23:00:00","slug":"terca-comeca-com-dolar-em-queda-a-r-565","status":"publish","type":"post","link":"https:\/\/noticiasdestaque.com.br\/index.php\/2025\/05\/19\/terca-comeca-com-dolar-em-queda-a-r-565\/","title":{"rendered":"Ter\u00e7a come\u00e7a com d\u00f3lar em queda, a R$ 5,65"},"content":{"rendered":"<p>\t\t\t\t\t\t\t\t\t\t<audio controls class=\"b61_audio_player\" data-noticia=\"82061\" src=\"https:\/\/brasil61.com\/rails\/active_storage\/blobs\/eyJfcmFpbHMiOnsibWVzc2FnZSI6IkJBaHBBNXRVQXc9PSIsImV4cCI6bnVsbCwicHVyIjoiYmxvYl9pZCJ9fQ==--de82eceea4e7b12ef58080db00e266923e64c259\/BRAS2513983A\"><\/audio><\/p>\n<p>\nNesta ter\u00e7a-feira (20) o d\u00f3lar \u00e9 cotado a R$ 5,65, em queda de 0,25%. A queda foi por conta de um movimento global de perda da moeda americana frente a outras moedas fortes e emergentes. A queda foi influenciada pelo rebaixamento da nota de cr\u00e9dito dos Estados Unidos pela ag\u00eancia Moody\u2019s, que gerou preocupa\u00e7\u00e3o com a d\u00edvida e os juros no pa\u00eds. Com isso, investidores mudaram suas estrat\u00e9gias e passaram a desfazer posi\u00e7\u00f5es no d\u00f3lar, pressionando a cota\u00e7\u00e3o para baixo.<\/p>\n<p>A queda da divisa americana tamb\u00e9m foi influenciada por declara\u00e7\u00f5es do presidente do Banco Central, Gabriel Gal\u00edpolo, que defendeu a manuten\u00e7\u00e3o dos juros altos por mais tempo no Brasil. Isso sinalizou ao mercado um compromisso firme com o controle da infla\u00e7\u00e3o, o que aumentou a confian\u00e7a dos investidores nos ativos brasileiros e ajudou a fortalecer o real frente ao d\u00f3lar.<\/p>\n<p>\u00a0<\/p>\n<p>\t\t\t\t\t\t\t\t\t<img loading=\"lazy\" decoding=\"async\" src=\"https:\/\/brasil61.com\/api\/v1\/serve_pixel\/17677\/82061\" alt=\"Pixel Brasil 61\" class=\"b61_pixel\" width=\"0\" height=\"0\"><\/p>\n<input type=\"hidden\" id=\"baseurl\" value=\"https:\/\/noticiasdestaque.com.br\"><input type=\"hidden\" id=\"audio_nonce\" value=\"6f73a554f1\">","protected":false},"excerpt":{"rendered":"<p>Rebaixamento da nota de cr\u00e9dito dos Estados Unidos e declara\u00e7\u00f5es do presidente do Banco Central influenciaram na queda <\/p>\n","protected":false},"author":1,"featured_media":43997,"comment_status":"open","ping_status":"open","sticky":false,"template":"","format":"standard","meta":{"fifu_image_url":"","fifu_image_alt":"","footnotes":""},"categories":[59],"tags":[],"class_list":["post-43996","post","type-post","status-publish","format-standard","has-post-thumbnail","hentry","category-economia"],"distributor_meta":false,"distributor_terms":false,"distributor_media":false,"distributor_original_site_name":"Noticias em Destaque","distributor_original_site_url":"https:\/\/noticiasdestaque.com.br","push-errors":false,"_links":{"self":[{"href":"https:\/\/noticiasdestaque.com.br\/index.php\/wp-json\/wp\/v2\/posts\/43996","targetHints":{"allow":["GET"]}}],"collection":[{"href":"https:\/\/noticiasdestaque.com.br\/index.php\/wp-json\/wp\/v2\/posts"}],"about":[{"href":"https:\/\/noticiasdestaque.com.br\/index.php\/wp-json\/wp\/v2\/types\/post"}],"author":[{"embeddable":true,"href":"https:\/\/noticiasdestaque.com.br\/index.php\/wp-json\/wp\/v2\/users\/1"}],"replies":[{"embeddable":true,"href":"https:\/\/noticiasdestaque.com.br\/index.php\/wp-json\/wp\/v2\/comments?post=43996"}],"version-history":[{"count":0,"href":"https:\/\/noticiasdestaque.com.br\/index.php\/wp-json\/wp\/v2\/posts\/43996\/revisions"}],"wp:featuredmedia":[{"embeddable":true,"href":"https:\/\/noticiasdestaque.com.br\/index.php\/wp-json\/wp\/v2\/media\/43997"}],"wp:attachment":[{"href":"https:\/\/noticiasdestaque.com.br\/index.php\/wp-json\/wp\/v2\/media?parent=43996"}],"wp:term":[{"taxonomy":"category","embeddable":true,"href":"https:\/\/noticiasdestaque.com.br\/index.php\/wp-json\/wp\/v2\/categories?post=43996"},{"taxonomy":"post_tag","embeddable":true,"href":"https:\/\/noticiasdestaque.com.br\/index.php\/wp-json\/wp\/v2\/tags?post=43996"}],"curies":[{"name":"wp","href":"https:\/\/api.w.org\/{rel}","templated":true}]}}