{"id":43990,"date":"2025-05-19T00:10:00","date_gmt":"2025-05-19T03:10:00","guid":{"rendered":"https:\/\/noticiasdestaque.com.br\/index.php\/2025\/05\/19\/em-meio-a-marcha-de-prefeitos-congresso-tera-semana-agitada-nos-bastidores\/"},"modified":"2025-05-19T00:10:00","modified_gmt":"2025-05-19T03:10:00","slug":"em-meio-a-marcha-de-prefeitos-congresso-tera-semana-agitada-nos-bastidores","status":"publish","type":"post","link":"https:\/\/noticiasdestaque.com.br\/index.php\/2025\/05\/19\/em-meio-a-marcha-de-prefeitos-congresso-tera-semana-agitada-nos-bastidores\/","title":{"rendered":"Em meio \u00e0 Marcha de Prefeitos, Congresso ter\u00e1 semana agitada nos bastidores"},"content":{"rendered":"<p>\t\t\t\t\t\t\t\t\t\t<audio controls class=\"b61_audio_player\" data-noticia=\"82034\" src=\"https:\/\/brasil61.com\/rails\/active_storage\/blobs\/eyJfcmFpbHMiOnsibWVzc2FnZSI6IkJBaHBBd0pVQXc9PSIsImV4cCI6bnVsbCwicHVyIjoiYmxvYl9pZCJ9fQ==--88348c11a973c9a51dc9c465b5f4f00cc293b469\/BRAS2513976A\"><\/audio><\/p>\n<p>A tradicional Marcha dos Prefeitos a Bras\u00edlia, organizada pela Confedera\u00e7\u00e3o Nacional dos Munic\u00edpios (CNM), ocorre nesta semana, reunindo gestores municipais de todo o pa\u00eds. Os prefeitos buscam pressionar o Congresso a fim de fortalecer o di\u00e1logo federativo e apresentar demandas priorit\u00e1rias do movimento municipalista. Melhorias no pacto federativo, regras sobre emendas parlamentares, reforma tribut\u00e1ria e a sustentabilidade fiscal devem estar entre as pautas.\u00a0<\/p>\n<p>A presen\u00e7a massiva dos l\u00edderes municipais promete intensificar as negocia\u00e7\u00f5es e influenciar as vota\u00e7\u00f5es em andamento.<\/p>\n<h2>Comiss\u00e3o Especial Debate Isen\u00e7\u00e3o do IR<\/h2>\n<p>A Comiss\u00e3o Especial da C\u00e2mara dos Deputados continua as discuss\u00f5es sobre o projeto que prop\u00f5e a isen\u00e7\u00e3o do Imposto de Renda para pessoas f\u00edsicas que ganham at\u00e9 R$ 5 mil mensais. O presidente da C\u00e2mara, Hugo Motta (Republicanos-PB), enfatizou a import\u00e2ncia de aprovar a medida at\u00e9 30 de setembro, para que possa entrar em vigor em 2026, conforme o princ\u00edpio da noventena.<\/p>\n<h2>CPI do INSS<\/h2>\n<p>A proposta de cria\u00e7\u00e3o de uma Comiss\u00e3o Parlamentar de Inqu\u00e9rito (CPI) para investigar irregularidades no Instituto Nacional do Seguro Social (INSS) est\u00e1 em fase de negocia\u00e7\u00f5es. Os debates continuam nos bastidores e o presidente da C\u00e2mara, Hugo Motta, j\u00e1 disse que o Congresso est\u00e1 buscando solu\u00e7\u00f5es para a crise no \u00f3rg\u00e3o, incluindo projetos que visem aprimorar a gest\u00e3o e a transpar\u00eancia.\u00a0<\/p>\n<h2>Recurso de Hugo Motta sobre Decis\u00e3o do STF<\/h2>\n<p>O deputado Hugo Motta apresentou recurso contra decis\u00e3o do Supremo Tribunal Federal (STF) que suspendeu a\u00e7\u00e3o penal contra o deputado Alexandre Ramagem (PL-RJ). O recurso busca reverter a decis\u00e3o e permitir o prosseguimento das investiga\u00e7\u00f5es. A movimenta\u00e7\u00e3o de Motta reflete as tens\u00f5es entre o Legislativo e o Judici\u00e1rio em torno de casos envolvendo parlamentares.<\/p>\n<h2>Anistia<\/h2>\n<p>No Senado, parlamentares buscam construir uma alternativa ao projeto de anistia para os condenados pelos atos de 8 de janeiro. O\u00a0presidente da Casa, Davi Alcolumbre, vem falando sobre um texto alternativo para a proposta apresentada pela oposi\u00e7\u00e3o. A pauta enfrenta resist\u00eancia\u00a0e l\u00edderes partid\u00e1rios trabalham para encontrar um texto que equilibre as demandas por justi\u00e7a e reconcilia\u00e7\u00e3o. O debate \u00e9 sens\u00edvel e promete dividir opini\u00f5es dentro e fora do Congresso.<br \/>\n\u00a0<\/p>\n<p>\t\t\t\t\t\t\t\t\t<img loading=\"lazy\" decoding=\"async\" src=\"https:\/\/brasil61.com\/api\/v1\/serve_pixel\/17677\/82034\" alt=\"Pixel Brasil 61\" class=\"b61_pixel\" width=\"0\" height=\"0\"><\/p>\n<input type=\"hidden\" id=\"baseurl\" value=\"https:\/\/noticiasdestaque.com.br\"><input type=\"hidden\" id=\"audio_nonce\" value=\"6f73a554f1\">","protected":false},"excerpt":{"rendered":"<p>Debates sobre anistia aos presos de 8 de janeiro e movimenta\u00e7\u00e3o para a CPI do INSS continuam no radar dos parlamentares <\/p>\n","protected":false},"author":1,"featured_media":43991,"comment_status":"open","ping_status":"open","sticky":false,"template":"","format":"standard","meta":{"fifu_image_url":"","fifu_image_alt":"","footnotes":""},"categories":[50],"tags":[],"class_list":["post-43990","post","type-post","status-publish","format-standard","has-post-thumbnail","hentry","category-politica"],"distributor_meta":false,"distributor_terms":false,"distributor_media":false,"distributor_original_site_name":"Noticias em Destaque","distributor_original_site_url":"https:\/\/noticiasdestaque.com.br","push-errors":false,"_links":{"self":[{"href":"https:\/\/noticiasdestaque.com.br\/index.php\/wp-json\/wp\/v2\/posts\/43990","targetHints":{"allow":["GET"]}}],"collection":[{"href":"https:\/\/noticiasdestaque.com.br\/index.php\/wp-json\/wp\/v2\/posts"}],"about":[{"href":"https:\/\/noticiasdestaque.com.br\/index.php\/wp-json\/wp\/v2\/types\/post"}],"author":[{"embeddable":true,"href":"https:\/\/noticiasdestaque.com.br\/index.php\/wp-json\/wp\/v2\/users\/1"}],"replies":[{"embeddable":true,"href":"https:\/\/noticiasdestaque.com.br\/index.php\/wp-json\/wp\/v2\/comments?post=43990"}],"version-history":[{"count":0,"href":"https:\/\/noticiasdestaque.com.br\/index.php\/wp-json\/wp\/v2\/posts\/43990\/revisions"}],"wp:featuredmedia":[{"embeddable":true,"href":"https:\/\/noticiasdestaque.com.br\/index.php\/wp-json\/wp\/v2\/media\/43991"}],"wp:attachment":[{"href":"https:\/\/noticiasdestaque.com.br\/index.php\/wp-json\/wp\/v2\/media?parent=43990"}],"wp:term":[{"taxonomy":"category","embeddable":true,"href":"https:\/\/noticiasdestaque.com.br\/index.php\/wp-json\/wp\/v2\/categories?post=43990"},{"taxonomy":"post_tag","embeddable":true,"href":"https:\/\/noticiasdestaque.com.br\/index.php\/wp-json\/wp\/v2\/tags?post=43990"}],"curies":[{"name":"wp","href":"https:\/\/api.w.org\/{rel}","templated":true}]}}