{"id":43969,"date":"2025-05-16T00:10:00","date_gmt":"2025-05-16T03:10:00","guid":{"rendered":"https:\/\/noticiasdestaque.com.br\/index.php\/2025\/05\/16\/ibovespa-fecha-ultima-sessao-acima-dos-139-mil-pontos\/"},"modified":"2025-05-16T00:10:00","modified_gmt":"2025-05-16T03:10:00","slug":"ibovespa-fecha-ultima-sessao-acima-dos-139-mil-pontos","status":"publish","type":"post","link":"https:\/\/noticiasdestaque.com.br\/index.php\/2025\/05\/16\/ibovespa-fecha-ultima-sessao-acima-dos-139-mil-pontos\/","title":{"rendered":"Ibovespa fecha \u00faltima sess\u00e3o acima dos 139 mil pontos"},"content":{"rendered":"<p>\t\t\t\t\t\t\t\t\t\t<audio controls class=\"b61_audio_player\" data-noticia=\"82016\" src=\"https:\/\/brasil61.com\/rails\/active_storage\/blobs\/eyJfcmFpbHMiOnsibWVzc2FnZSI6IkJBaHBBOVpUQXc9PSIsImV4cCI6bnVsbCwicHVyIjoiYmxvYl9pZCJ9fQ==--dbbadaaf1de399ae1c66c3f1157e3f0f4e3f1d88\/BRAS2513971A\"><\/audio><\/p>\n<p>O \u00edndice da bolsa de valores brasileira (Ibovespa) fechou a \u00faltima sess\u00e3o acima dos 139 mil pontos.<\/p>\n<p>A cota\u00e7\u00e3o foi registrada em meio \u00e0 not\u00edcia de que o governo trabalha com inten\u00e7\u00e3o de publicar uma s\u00e9rie de medidas para melhorar a popularidade. O ministro da Fazenda, Fernando Haddad, negou a informa\u00e7\u00e3o.\u00a0<\/p>\n<p>Na sess\u00e3o, entre as a\u00e7\u00f5es com maiores altas est\u00e3o as da Ser Educacional e da Moura Dubeux, com respectivas altas de 9,89% e 16,46%.\u00a0<\/p>\n<p>J\u00e1 as maiores baixas foram de a\u00e7\u00f5es da Positivo Tecnologia, com queda de 12,33%; e da UNICASA, com recuo de 11,98%.\u00a0<\/p>\n<p>O volume total negociado na B3 foi de R$ 25,2 bilh\u00f5es.\u00a0<\/p>\n<p>Os dados podem ser consultados no site da B3.\u00a0<br \/>\n\u00a0<\/p>\n<p>\t\t\t\t\t\t\t\t\t<img loading=\"lazy\" decoding=\"async\" src=\"https:\/\/brasil61.com\/api\/v1\/serve_pixel\/17677\/82016\" alt=\"Pixel Brasil 61\" class=\"b61_pixel\" width=\"0\" height=\"0\"><\/p>\n<input type=\"hidden\" id=\"baseurl\" value=\"https:\/\/noticiasdestaque.com.br\"><input type=\"hidden\" id=\"audio_nonce\" value=\"6f73a554f1\">","protected":false},"excerpt":{"rendered":"<p>O volume total negociado na B3 foi de R$ 25,2 bilh\u00f5es<\/p>\n","protected":false},"author":1,"featured_media":43970,"comment_status":"open","ping_status":"open","sticky":false,"template":"","format":"standard","meta":{"fifu_image_url":"","fifu_image_alt":"","footnotes":""},"categories":[59],"tags":[],"class_list":["post-43969","post","type-post","status-publish","format-standard","has-post-thumbnail","hentry","category-economia"],"distributor_meta":false,"distributor_terms":false,"distributor_media":false,"distributor_original_site_name":"Noticias em Destaque","distributor_original_site_url":"https:\/\/noticiasdestaque.com.br","push-errors":false,"_links":{"self":[{"href":"https:\/\/noticiasdestaque.com.br\/index.php\/wp-json\/wp\/v2\/posts\/43969","targetHints":{"allow":["GET"]}}],"collection":[{"href":"https:\/\/noticiasdestaque.com.br\/index.php\/wp-json\/wp\/v2\/posts"}],"about":[{"href":"https:\/\/noticiasdestaque.com.br\/index.php\/wp-json\/wp\/v2\/types\/post"}],"author":[{"embeddable":true,"href":"https:\/\/noticiasdestaque.com.br\/index.php\/wp-json\/wp\/v2\/users\/1"}],"replies":[{"embeddable":true,"href":"https:\/\/noticiasdestaque.com.br\/index.php\/wp-json\/wp\/v2\/comments?post=43969"}],"version-history":[{"count":0,"href":"https:\/\/noticiasdestaque.com.br\/index.php\/wp-json\/wp\/v2\/posts\/43969\/revisions"}],"wp:featuredmedia":[{"embeddable":true,"href":"https:\/\/noticiasdestaque.com.br\/index.php\/wp-json\/wp\/v2\/media\/43970"}],"wp:attachment":[{"href":"https:\/\/noticiasdestaque.com.br\/index.php\/wp-json\/wp\/v2\/media?parent=43969"}],"wp:term":[{"taxonomy":"category","embeddable":true,"href":"https:\/\/noticiasdestaque.com.br\/index.php\/wp-json\/wp\/v2\/categories?post=43969"},{"taxonomy":"post_tag","embeddable":true,"href":"https:\/\/noticiasdestaque.com.br\/index.php\/wp-json\/wp\/v2\/tags?post=43969"}],"curies":[{"name":"wp","href":"https:\/\/api.w.org\/{rel}","templated":true}]}}