{"id":43947,"date":"2025-05-14T00:10:00","date_gmt":"2025-05-14T03:10:00","guid":{"rendered":"https:\/\/noticiasdestaque.com.br\/index.php\/2025\/05\/14\/brasil-tera-politica-nacional-para-expandir-internet-via-cabos-submarinos\/"},"modified":"2025-05-14T00:10:00","modified_gmt":"2025-05-14T03:10:00","slug":"brasil-tera-politica-nacional-para-expandir-internet-via-cabos-submarinos","status":"publish","type":"post","link":"https:\/\/noticiasdestaque.com.br\/index.php\/2025\/05\/14\/brasil-tera-politica-nacional-para-expandir-internet-via-cabos-submarinos\/","title":{"rendered":"Brasil ter\u00e1 pol\u00edtica nacional para expandir internet via cabos submarinos"},"content":{"rendered":"<p>\t\t\t\t\t\t\t\t\t\t<audio controls class=\"b61_audio_player\" data-noticia=\"81956\" src=\"https:\/\/brasil61.com\/rails\/active_storage\/blobs\/eyJfcmFpbHMiOnsibWVzc2FnZSI6IkJBaHBBOHBTQXc9PSIsImV4cCI6bnVsbCwicHVyIjoiYmxvYl9pZCJ9fQ==--0fafa03d1d319947ce27757b797d8b2ea52a1559\/MCOM250165A\"><\/audio><\/p>\n<p>O ministro das Comunica\u00e7\u00f5es, Frederico de Siqueira Filho, anunciou que o governo brasileiro vai desenvolver uma Pol\u00edtica Nacional de Cabos Submarinos para ampliar a infraestrutura digital no pa\u00eds.<\/p>\n<p>A proposta abrir\u00e1 a possibilidade para a cria\u00e7\u00e3o de incentivos para que novas rotas de cabos sejam instaladas em locais que est\u00e3o fora do mapa da conectividade submarina \u2014 principalmente nas regi\u00f5es Norte e Sul do pa\u00eds, que atualmente n\u00e3o contam com nenhum ponto de ancoragem.<\/p>\n<p>O ministro das Comunica\u00e7\u00f5es, Frederico de Siqueira Filho, refor\u00e7a a import\u00e2ncia da conectividade nas a\u00e9reas mais afastadas do pa\u00eds:<\/p>\n<p>\u201cO Brasil precisa de pol\u00edticas p\u00fablicas que chegam aonde as pessoas vivem, com respeito a cada territ\u00f3rio, a cada regi\u00e3o e solu\u00e7\u00f5es pragm\u00e1ticas e sens\u00edveis para um pa\u00eds t\u00e3o diverso e plural como o nosso. A nossa miss\u00e3o \u00e9 conectar as comunidades isoladas, expandir infovias e permitir que sa\u00fade, educa\u00e7\u00e3o, pesquisa e cidadania avancem pelo leito dos rios com fibra \u00f3tica, acessos de sat\u00e9lite e presen\u00e7a efetiva do governo do presidente Lula naquela regi\u00e3o.\u201d<\/p>\n<p>A expectativa \u00e9 de que a medida possa transformar a infraestrutura digital do pa\u00eds, aumentando a capacidade, velocidade e a seguran\u00e7a da internet e garantir maior equil\u00edbrio regional no acesso \u00e0s redes internacionais de dados.<\/p>\n<p>Para ouvir a sociedade e o setor de telecomunica\u00e7\u00f5es, o Minist\u00e9rio das Comunica\u00e7\u00f5es lan\u00e7ou uma tomada de subs\u00eddios na plataforma <a href=\"https:\/\/www.gov.br\/participamaisbrasil\/mcom-tomada-subsidios-cabos-submarinos\">Participa Mais Brasil<\/a>, do governo federal.<\/p>\n<p>A previs\u00e3o \u00e9 que a Pol\u00edtica Nacional de Cabos Submarinos seja lan\u00e7ada oficialmente at\u00e9 o fim do ano, ap\u00f3s a an\u00e1lise das contribui\u00e7\u00f5es.<\/p>\n<p>Para mais informa\u00e7\u00f5es acesse,<a href=\"http:\/\/gov.br\/mcom\"> gov.br\/mcom<\/a>.<br \/>\n\u00a0<\/p>\n<p>\t\t\t\t\t\t\t\t\t<img loading=\"lazy\" decoding=\"async\" src=\"https:\/\/brasil61.com\/api\/v1\/serve_pixel\/17677\/81956\" alt=\"Pixel Brasil 61\" class=\"b61_pixel\" width=\"0\" height=\"0\"><\/p>\n<input type=\"hidden\" id=\"baseurl\" value=\"https:\/\/noticiasdestaque.com.br\"><input type=\"hidden\" id=\"audio_nonce\" value=\"6f73a554f1\">","protected":false},"excerpt":{"rendered":"<p>Proposta do Minist\u00e9rio das Comunica\u00e7\u00f5es abre possibilidade da cria\u00e7\u00e3o de incentivos para a instala\u00e7\u00e3o de novas rotas de cabos em locais fora do mapa da conectividade submarina <\/p>\n","protected":false},"author":1,"featured_media":43948,"comment_status":"open","ping_status":"open","sticky":false,"template":"","format":"standard","meta":{"fifu_image_url":"","fifu_image_alt":"","footnotes":""},"categories":[50],"tags":[],"class_list":["post-43947","post","type-post","status-publish","format-standard","has-post-thumbnail","hentry","category-politica"],"distributor_meta":false,"distributor_terms":false,"distributor_media":false,"distributor_original_site_name":"Noticias em Destaque","distributor_original_site_url":"https:\/\/noticiasdestaque.com.br","push-errors":false,"_links":{"self":[{"href":"https:\/\/noticiasdestaque.com.br\/index.php\/wp-json\/wp\/v2\/posts\/43947","targetHints":{"allow":["GET"]}}],"collection":[{"href":"https:\/\/noticiasdestaque.com.br\/index.php\/wp-json\/wp\/v2\/posts"}],"about":[{"href":"https:\/\/noticiasdestaque.com.br\/index.php\/wp-json\/wp\/v2\/types\/post"}],"author":[{"embeddable":true,"href":"https:\/\/noticiasdestaque.com.br\/index.php\/wp-json\/wp\/v2\/users\/1"}],"replies":[{"embeddable":true,"href":"https:\/\/noticiasdestaque.com.br\/index.php\/wp-json\/wp\/v2\/comments?post=43947"}],"version-history":[{"count":0,"href":"https:\/\/noticiasdestaque.com.br\/index.php\/wp-json\/wp\/v2\/posts\/43947\/revisions"}],"wp:featuredmedia":[{"embeddable":true,"href":"https:\/\/noticiasdestaque.com.br\/index.php\/wp-json\/wp\/v2\/media\/43948"}],"wp:attachment":[{"href":"https:\/\/noticiasdestaque.com.br\/index.php\/wp-json\/wp\/v2\/media?parent=43947"}],"wp:term":[{"taxonomy":"category","embeddable":true,"href":"https:\/\/noticiasdestaque.com.br\/index.php\/wp-json\/wp\/v2\/categories?post=43947"},{"taxonomy":"post_tag","embeddable":true,"href":"https:\/\/noticiasdestaque.com.br\/index.php\/wp-json\/wp\/v2\/tags?post=43947"}],"curies":[{"name":"wp","href":"https:\/\/api.w.org\/{rel}","templated":true}]}}