{"id":43945,"date":"2025-05-14T00:10:00","date_gmt":"2025-05-14T03:10:00","guid":{"rendered":"https:\/\/noticiasdestaque.com.br\/index.php\/2025\/05\/14\/contas-de-luz-e-agua-projeto-pode-alterar-regra-para-datas-de-vencimento\/"},"modified":"2025-05-14T00:10:00","modified_gmt":"2025-05-14T03:10:00","slug":"contas-de-luz-e-agua-projeto-pode-alterar-regra-para-datas-de-vencimento","status":"publish","type":"post","link":"https:\/\/noticiasdestaque.com.br\/index.php\/2025\/05\/14\/contas-de-luz-e-agua-projeto-pode-alterar-regra-para-datas-de-vencimento\/","title":{"rendered":"Contas de luz e \u00e1gua: projeto pode alterar regra para datas de vencimento"},"content":{"rendered":"<p>\t\t\t\t\t\t\t\t\t\t<audio controls class=\"b61_audio_player\" data-noticia=\"81937\" src=\"https:\/\/brasil61.com\/rails\/active_storage\/blobs\/eyJfcmFpbHMiOnsibWVzc2FnZSI6IkJBaHBBN0ZTQXc9PSIsImV4cCI6bnVsbCwicHVyIjoiYmxvYl9pZCJ9fQ==--6e6595f173bd9c52db9e98a5d0d8fc53b629df1b\/BRAS2513953A\"><\/audio><\/p>\n<p>Contas de servi\u00e7o p\u00fablico, como luz e \u00e1gua, poder\u00e3o ter suas datas de vencimento alteradas. A Comiss\u00e3o de Defesa do Consumidor da C\u00e2mara dos Deputados aprovou o <a href=\"https:\/\/www.camara.leg.br\/proposicoesWeb\/fichadetramitacao?idProposicao=2386376\">Projeto de Lei 4371\/23<\/a>, que prop\u00f5e uma nova organiza\u00e7\u00e3o para o vencimento desses boletos. A ideia \u00e9 que as datas n\u00e3o se concentrem no fim do m\u00eas, mas sejam distribu\u00eddas entre a primeira e a segunda quinzena, sempre com pelo menos dois dias de intervalo entre elas.<\/p>\n<p>Segundo o deputado Duarte Jr. (PSB-MA), autor da proposta, a pr\u00e1tica atual \u2014 que concentra os vencimentos no final do m\u00eas \u2014 acaba sobrecarregando o or\u00e7amento familiar. \u201cIsso compromete o planejamento financeiro e cria dificuldades para muitos brasileiros\u201d, justificou.<\/p>\n<p>O relator da proposta, deputado Aureo Ribeiro (Solidariedade-RJ), deu parecer favor\u00e1vel ap\u00f3s ajustes no texto. Para ele, a mudan\u00e7a atende a uma demanda real da popula\u00e7\u00e3o, ao permitir mais flexibilidade para quem precisa organizar seus pagamentos.<\/p>\n<h2>Mudan\u00e7a na Lei<\/h2>\n<p>O projeto modifica a atual Lei de Concess\u00f5es de Servi\u00e7os P\u00fablicos, que j\u00e1 obriga as empresas a oferecerem, no m\u00ednimo, seis op\u00e7\u00f5es de datas para quita\u00e7\u00e3o das faturas.\u00a0A novidade est\u00e1 na exig\u00eancia de que essas datas sejam mais bem distribu\u00eddas ao longo do m\u00eas.\u00a0<\/p>\n<p>A tramita\u00e7\u00e3o segue em car\u00e1ter conclusivo e ainda passar\u00e1 pelas Comiss\u00f5es de Administra\u00e7\u00e3o e Servi\u00e7o P\u00fablico; e de Constitui\u00e7\u00e3o e Justi\u00e7a e de Cidadania. Para virar lei, precisa ser aprovada na C\u00e2mara e no Senado.<br \/>\n\u00a0<\/p>\n<p>\t\t\t\t\t\t\t\t\t<img loading=\"lazy\" decoding=\"async\" src=\"https:\/\/brasil61.com\/api\/v1\/serve_pixel\/17677\/81937\" alt=\"Pixel Brasil 61\" class=\"b61_pixel\" width=\"0\" height=\"0\"><\/p>\n<input type=\"hidden\" id=\"baseurl\" value=\"https:\/\/noticiasdestaque.com.br\"><input type=\"hidden\" id=\"audio_nonce\" value=\"6f73a554f1\">","protected":false},"excerpt":{"rendered":"<p>Proposta busca equilibrar datas de vencimento de contas e facilitar a vida do consumidor<\/p>\n","protected":false},"author":1,"featured_media":43946,"comment_status":"open","ping_status":"open","sticky":false,"template":"","format":"standard","meta":{"fifu_image_url":"","fifu_image_alt":"","footnotes":""},"categories":[50],"tags":[],"class_list":["post-43945","post","type-post","status-publish","format-standard","has-post-thumbnail","hentry","category-politica"],"distributor_meta":false,"distributor_terms":false,"distributor_media":false,"distributor_original_site_name":"Noticias em Destaque","distributor_original_site_url":"https:\/\/noticiasdestaque.com.br","push-errors":false,"_links":{"self":[{"href":"https:\/\/noticiasdestaque.com.br\/index.php\/wp-json\/wp\/v2\/posts\/43945","targetHints":{"allow":["GET"]}}],"collection":[{"href":"https:\/\/noticiasdestaque.com.br\/index.php\/wp-json\/wp\/v2\/posts"}],"about":[{"href":"https:\/\/noticiasdestaque.com.br\/index.php\/wp-json\/wp\/v2\/types\/post"}],"author":[{"embeddable":true,"href":"https:\/\/noticiasdestaque.com.br\/index.php\/wp-json\/wp\/v2\/users\/1"}],"replies":[{"embeddable":true,"href":"https:\/\/noticiasdestaque.com.br\/index.php\/wp-json\/wp\/v2\/comments?post=43945"}],"version-history":[{"count":0,"href":"https:\/\/noticiasdestaque.com.br\/index.php\/wp-json\/wp\/v2\/posts\/43945\/revisions"}],"wp:featuredmedia":[{"embeddable":true,"href":"https:\/\/noticiasdestaque.com.br\/index.php\/wp-json\/wp\/v2\/media\/43946"}],"wp:attachment":[{"href":"https:\/\/noticiasdestaque.com.br\/index.php\/wp-json\/wp\/v2\/media?parent=43945"}],"wp:term":[{"taxonomy":"category","embeddable":true,"href":"https:\/\/noticiasdestaque.com.br\/index.php\/wp-json\/wp\/v2\/categories?post=43945"},{"taxonomy":"post_tag","embeddable":true,"href":"https:\/\/noticiasdestaque.com.br\/index.php\/wp-json\/wp\/v2\/tags?post=43945"}],"curies":[{"name":"wp","href":"https:\/\/api.w.org\/{rel}","templated":true}]}}