{"id":43923,"date":"2025-05-12T07:00:00","date_gmt":"2025-05-12T10:00:00","guid":{"rendered":"https:\/\/noticiasdestaque.com.br\/index.php\/2025\/05\/12\/dolar-conclui-ultimo-pregao-em-queda-de-011-a-r-565\/"},"modified":"2025-05-12T07:00:00","modified_gmt":"2025-05-12T10:00:00","slug":"dolar-conclui-ultimo-pregao-em-queda-de-011-a-r-565","status":"publish","type":"post","link":"https:\/\/noticiasdestaque.com.br\/index.php\/2025\/05\/12\/dolar-conclui-ultimo-pregao-em-queda-de-011-a-r-565\/","title":{"rendered":"D\u00f3lar conclui \u00faltimo preg\u00e3o em queda de 0,11%, a R$ 5,65"},"content":{"rendered":"<p>\t\t\t\t\t\t\t\t\t\t<audio controls class=\"b61_audio_player\" data-noticia=\"81889\" src=\"https:\/\/brasil61.com\/rails\/active_storage\/blobs\/eyJfcmFpbHMiOnsibWVzc2FnZSI6IkJBaHBBOWxSQXc9PSIsImV4cCI6bnVsbCwicHVyIjoiYmxvYl9pZCJ9fQ==--6e04526574f00086008f7683885a06d62e4d68aa\/BRAS2513941A\"><\/audio><\/p>\n<p>O d\u00f3lar concluiu o \u00faltimo preg\u00e3o em queda de 0,11%, a R$ 5,65. Ao longo da semana, a divisa acumulou alta de 0,02%.<\/p>\n<p>No Brasil, o c\u00e2mbio seguiu o enfraquecimento global da moeda americana em meio \u00e0s expectativas para o in\u00edcio das negocia\u00e7\u00f5es comerciais entre Estados Unidos e China.<\/p>\n<p>Mesmo com escalada na tens\u00e3o entre os pa\u00edses no \u00faltimo m\u00eas, o presidente norte-americano, Donald Trump, havia sinalizado uma possibilidade de diminuir as tarifas atualmente impostas ao pa\u00eds asi\u00e1tico.<\/p>\n<p>J\u00e1 o euro fechou cotado a R$ 6,35.\u00a0<\/p>\n<p>Os dados s\u00e3o da Companhia Morningstar.\u00a0<\/p>\n<p>\n\u00a0<\/p>\n<p>\t\t\t\t\t\t\t\t\t<img loading=\"lazy\" decoding=\"async\" src=\"https:\/\/brasil61.com\/api\/v1\/serve_pixel\/17677\/81889\" alt=\"Pixel Brasil 61\" class=\"b61_pixel\" width=\"0\" height=\"0\"><\/p>\n<input type=\"hidden\" id=\"baseurl\" value=\"https:\/\/noticiasdestaque.com.br\"><input type=\"hidden\" id=\"audio_nonce\" value=\"6f73a554f1\">","protected":false},"excerpt":{"rendered":"<p>Ao longo da semana, a divisa acumulou alta de 0,02%.<\/p>\n","protected":false},"author":1,"featured_media":43924,"comment_status":"open","ping_status":"open","sticky":false,"template":"","format":"standard","meta":{"fifu_image_url":"","fifu_image_alt":"","footnotes":""},"categories":[59],"tags":[],"class_list":["post-43923","post","type-post","status-publish","format-standard","has-post-thumbnail","hentry","category-economia"],"distributor_meta":false,"distributor_terms":false,"distributor_media":false,"distributor_original_site_name":"Noticias em Destaque","distributor_original_site_url":"https:\/\/noticiasdestaque.com.br","push-errors":false,"_links":{"self":[{"href":"https:\/\/noticiasdestaque.com.br\/index.php\/wp-json\/wp\/v2\/posts\/43923","targetHints":{"allow":["GET"]}}],"collection":[{"href":"https:\/\/noticiasdestaque.com.br\/index.php\/wp-json\/wp\/v2\/posts"}],"about":[{"href":"https:\/\/noticiasdestaque.com.br\/index.php\/wp-json\/wp\/v2\/types\/post"}],"author":[{"embeddable":true,"href":"https:\/\/noticiasdestaque.com.br\/index.php\/wp-json\/wp\/v2\/users\/1"}],"replies":[{"embeddable":true,"href":"https:\/\/noticiasdestaque.com.br\/index.php\/wp-json\/wp\/v2\/comments?post=43923"}],"version-history":[{"count":0,"href":"https:\/\/noticiasdestaque.com.br\/index.php\/wp-json\/wp\/v2\/posts\/43923\/revisions"}],"wp:featuredmedia":[{"embeddable":true,"href":"https:\/\/noticiasdestaque.com.br\/index.php\/wp-json\/wp\/v2\/media\/43924"}],"wp:attachment":[{"href":"https:\/\/noticiasdestaque.com.br\/index.php\/wp-json\/wp\/v2\/media?parent=43923"}],"wp:term":[{"taxonomy":"category","embeddable":true,"href":"https:\/\/noticiasdestaque.com.br\/index.php\/wp-json\/wp\/v2\/categories?post=43923"},{"taxonomy":"post_tag","embeddable":true,"href":"https:\/\/noticiasdestaque.com.br\/index.php\/wp-json\/wp\/v2\/tags?post=43923"}],"curies":[{"name":"wp","href":"https:\/\/api.w.org\/{rel}","templated":true}]}}