{"id":43915,"date":"2025-05-09T00:09:00","date_gmt":"2025-05-09T03:09:00","guid":{"rendered":"https:\/\/noticiasdestaque.com.br\/index.php\/2025\/05\/09\/compartilhamento-de-postes-entre-energia-e-telecom-e-tema-de-debate-no-senado\/"},"modified":"2025-05-09T00:09:00","modified_gmt":"2025-05-09T03:09:00","slug":"compartilhamento-de-postes-entre-energia-e-telecom-e-tema-de-debate-no-senado","status":"publish","type":"post","link":"https:\/\/noticiasdestaque.com.br\/index.php\/2025\/05\/09\/compartilhamento-de-postes-entre-energia-e-telecom-e-tema-de-debate-no-senado\/","title":{"rendered":"Compartilhamento de postes entre energia e telecom \u00e9 tema de debate no Senado"},"content":{"rendered":"<p>\t\t\t\t\t\t\t\t\t\t<audio controls class=\"b61_audio_player\" data-noticia=\"81849\" src=\"https:\/\/brasil61.com\/rails\/active_storage\/blobs\/eyJfcmFpbHMiOnsibWVzc2FnZSI6IkJBaHBBMUJSQXc9PSIsImV4cCI6bnVsbCwicHVyIjoiYmxvYl9pZCJ9fQ==--5a753b1269616d2a917920d2967733bd9682d7d2\/BRAS2513928A\"><\/audio><\/p>\n<p>A Comiss\u00e3o de Servi\u00e7os de Infraestrutura (CI) do Senado fez esta semana uma audi\u00eancia p\u00fablica para discutir o Projeto de Lei 3.220\/2019, que trata da regulamenta\u00e7\u00e3o do uso compartilhado de postes, dutos e condutos por concession\u00e1rias de energia el\u00e9trica, empresas de telecomunica\u00e7\u00f5es e do setor de petr\u00f3leo. A proposta \u00e9 de autoria do senador Weverton (PDT-MA) e busca organizar o cabeamento urbano, promover concorr\u00eancia e otimizar o uso da infraestrutura p\u00fablica.<\/p>\n<p>A audi\u00eancia contou com a participa\u00e7\u00e3o de representantes de ag\u00eancias reguladoras e entidades do setor. A Confedera\u00e7\u00e3o Nacional de Munic\u00edpios (CNM) foi representada por Karla Fran\u00e7a, analista t\u00e9cnica de Planejamento Territorial e Habita\u00e7\u00e3o, que alertou para a falta de regulamenta\u00e7\u00e3o local e a dificuldade das prefeituras em fiscalizar a ocupa\u00e7\u00e3o dos postes. \u201cDos 5.571 munic\u00edpios, apenas 25 t\u00eam legisla\u00e7\u00e3o espec\u00edfica sobre cabeamento. Mesmo quando multam, a efetiva fiscaliza\u00e7\u00e3o depende das ag\u00eancias reguladoras\u201d, destacou.<\/p>\n<p>Fran\u00e7a defendeu o aprimoramento dos normativos por parte da Aneel e da Anatel e afirmou que, para surtir efeito, o projeto precisa estabelecer prazos, procedimentos e fluxos claros. Representantes da Aneel e da Associa\u00e7\u00e3o Brasileira de Distribuidores de Energia El\u00e9trica (Abradee) tamb\u00e9m participaram, revelando que cerca de 60% dos cabos instalados atualmente s\u00e3o clandestinos.<\/p>\n<p>Como encaminhamento, foi fixado o prazo de 60 dias para que as ag\u00eancias reguladoras apresentem propostas de melhorias nas normas vigentes. Uma nova audi\u00eancia ser\u00e1 agendada para dar continuidade \u00e0s discuss\u00f5es.<br \/>\n\u00a0<\/p>\n<p>\t\t\t\t\t\t\t\t\t<img loading=\"lazy\" decoding=\"async\" src=\"https:\/\/brasil61.com\/api\/v1\/serve_pixel\/17677\/81849\" alt=\"Pixel Brasil 61\" class=\"b61_pixel\" width=\"0\" height=\"0\"><\/p>\n<input type=\"hidden\" id=\"baseurl\" value=\"https:\/\/noticiasdestaque.com.br\"><input type=\"hidden\" id=\"audio_nonce\" value=\"6f73a554f1\">","protected":false},"excerpt":{"rendered":"<p>Setores buscam organizar o cabeamento urbano, promover concorr\u00eancia e otimizar o uso da infraestrutura p\u00fablica<\/p>\n","protected":false},"author":1,"featured_media":43916,"comment_status":"open","ping_status":"open","sticky":false,"template":"","format":"standard","meta":{"fifu_image_url":"","fifu_image_alt":"","footnotes":""},"categories":[50],"tags":[],"class_list":["post-43915","post","type-post","status-publish","format-standard","has-post-thumbnail","hentry","category-politica"],"distributor_meta":false,"distributor_terms":false,"distributor_media":false,"distributor_original_site_name":"Noticias em Destaque","distributor_original_site_url":"https:\/\/noticiasdestaque.com.br","push-errors":false,"_links":{"self":[{"href":"https:\/\/noticiasdestaque.com.br\/index.php\/wp-json\/wp\/v2\/posts\/43915","targetHints":{"allow":["GET"]}}],"collection":[{"href":"https:\/\/noticiasdestaque.com.br\/index.php\/wp-json\/wp\/v2\/posts"}],"about":[{"href":"https:\/\/noticiasdestaque.com.br\/index.php\/wp-json\/wp\/v2\/types\/post"}],"author":[{"embeddable":true,"href":"https:\/\/noticiasdestaque.com.br\/index.php\/wp-json\/wp\/v2\/users\/1"}],"replies":[{"embeddable":true,"href":"https:\/\/noticiasdestaque.com.br\/index.php\/wp-json\/wp\/v2\/comments?post=43915"}],"version-history":[{"count":0,"href":"https:\/\/noticiasdestaque.com.br\/index.php\/wp-json\/wp\/v2\/posts\/43915\/revisions"}],"wp:featuredmedia":[{"embeddable":true,"href":"https:\/\/noticiasdestaque.com.br\/index.php\/wp-json\/wp\/v2\/media\/43916"}],"wp:attachment":[{"href":"https:\/\/noticiasdestaque.com.br\/index.php\/wp-json\/wp\/v2\/media?parent=43915"}],"wp:term":[{"taxonomy":"category","embeddable":true,"href":"https:\/\/noticiasdestaque.com.br\/index.php\/wp-json\/wp\/v2\/categories?post=43915"},{"taxonomy":"post_tag","embeddable":true,"href":"https:\/\/noticiasdestaque.com.br\/index.php\/wp-json\/wp\/v2\/tags?post=43915"}],"curies":[{"name":"wp","href":"https:\/\/api.w.org\/{rel}","templated":true}]}}