{"id":43909,"date":"2025-05-08T17:20:00","date_gmt":"2025-05-08T20:20:00","guid":{"rendered":"https:\/\/noticiasdestaque.com.br\/index.php\/2025\/05\/08\/conta-de-luz-consumidor-de-mato-grosso-do-sul-pode-pagar-r-216-a-mais-por-ano\/"},"modified":"2025-05-08T17:20:00","modified_gmt":"2025-05-08T20:20:00","slug":"conta-de-luz-consumidor-de-mato-grosso-do-sul-pode-pagar-r-216-a-mais-por-ano","status":"publish","type":"post","link":"https:\/\/noticiasdestaque.com.br\/index.php\/2025\/05\/08\/conta-de-luz-consumidor-de-mato-grosso-do-sul-pode-pagar-r-216-a-mais-por-ano\/","title":{"rendered":"Conta de luz: consumidor de Mato Grosso do Sul pode pagar R$ 216 a mais, por ano"},"content":{"rendered":"<p>\t\t\t\t\t\t\t\t\t\t<audio controls class=\"b61_audio_player\" data-noticia=\"81852\" src=\"https:\/\/brasil61.com\/rails\/active_storage\/blobs\/eyJfcmFpbHMiOnsibWVzc2FnZSI6IkJBaHBBMU5SQXc9PSIsImV4cCI6bnVsbCwicHVyIjoiYmxvYl9pZCJ9fQ==--cedb91042d993d60f1c6afbd10574ec3a2e39567\/BRAS2513930A\"><\/audio><\/p>\n<p>Maio j\u00e1 come\u00e7ou com a conta de luz mais cara: a cobran\u00e7a de R$ 1,88 a cada 100 kWh consumidos ocorre em fun\u00e7\u00e3o da bandeira amarela estabelecida pela Ag\u00eancia Nacional de Energia El\u00e9trica (Aneel). O acr\u00e9scimo \u00e9 consequ\u00eancia da redu\u00e7\u00e3o no volume de chuvas, t\u00edpica da transi\u00e7\u00e3o entre o per\u00edodo \u00famido e o seco,\u00a0<br \/>\nO acionamento da bandeira amarela \u00e9 um sinal inicial de preocupa\u00e7\u00e3o, mas o efeito dessa medida tem o prop\u00f3sito de evitar que a conta de luz n\u00e3o fique t\u00e3o alta no futuro. O que realmente anda preocupando os consumidores \u00e9 uma outra medida que est\u00e1 em an\u00e1lise no Congresso Nacional.\u00a0<\/p>\n<p>Um levantamento feito pela Frente Nacional dos Consumidores de Energia (FNCE) acende o alerta: haver\u00e1 um aumento de 9% na conta de luz at\u00e9 2050, caso senadores e deputados derrubem o veto do presidente Lula \u00e0s emendas na Lei 15.097, conhecida como a Lei das E\u00f3licas Offshore. Se isso acontecer, haver\u00e1 um custo anual de R$ 20 bilh\u00f5es cobrado na conta de luz, o que equivale a R$ 7,63\/100kwh, praticamente o mesmo valor adicional de R$ 7,87\u00a0estabelecido pela Aneel para a bandeira vermelha patamar 2.<\/p>\n<p>No estado de Mato Grosso do Sul o aumento pode ultrapassar os R$ 216 por ano, j\u00e1 que se estima um aumento mensal de R$ 18,03 na conta de luz se o veto \u00e0s emendas\u00a0for derrubado no Congresso Nacional. O que pode pesar no or\u00e7amento das fam\u00edlias, sobretudo as mais pobres. E ainda produzir um efeito cascata em produtos e servi\u00e7os que dependem de energia el\u00e9trica para serem produzidos, como p\u00e3o, leite, carnes e hortifruti.<\/p>\n<p>Para o presidente da Frente Nacional dos Consumidores de Energia, Luiz Eduardo Barata, as bandeiras tarif\u00e1rias s\u00e3o uma quest\u00e3o transit\u00f3ria, diferentemente dos efeitos causados pela derrubada do veto, que podem durar d\u00e9cadas.\u00a0<\/p>\n<p>\u201cTem nos preocupado bastante, porque a bandeira amarela, agora para o m\u00eas de maio, ela poder\u00e1, de fato, ser substitu\u00edda nos pr\u00f3ximos meses por uma bandeira vermelha 1. Mas n\u00f3s sabemos que, ao chegar no m\u00eas de outubro, com o in\u00edcio do per\u00edodo das chuvas, voltaremos rapidamente a ter a bandeira verde. O que n\u00e3o acontecer\u00e1 se os vetos forem derrubados, porque se os vetos forem derrubados, o que n\u00f3s teremos seria o equivalente \u00e0 bandeira vermelha por 25 anos. Da\u00ed a nossa preocupa\u00e7\u00e3o, a nossa busca pelos senadores e pelos deputados, para que eles tenham sensibilidade e mantenham esse veto.\u201d<\/p>\n<h2>Entenda a lei e as emendas\u00a0<\/h2>\n<p>O texto foi criado no Senado, mas quando enviado para a C\u00e2mara\u00a0recebeu oito emendas que nada t\u00eam a ver com a gera\u00e7\u00e3o de energia e\u00f3lica. Os dispositivos adicionados ao texto original da lei \u2014 conhecidos como &#8220;jabutis legislativos&#8221; \u2014 obrigam, por exemplo, a destina\u00e7\u00e3o de subs\u00eddios e a contrata\u00e7\u00e3o de termel\u00e9tricas a carv\u00e3o e g\u00e1s. Esses trechos foram vetados pelo Executivo por representarem risco fiscal e desvio de foco da proposta original, que era fomentar energia limpa e renov\u00e1vel.<\/p>\n<p>A FNCE estima que essas emendas, se derrubadas na aprecia\u00e7\u00e3o dos vetos no Congresso \u2014 marcada para o dia 27 de maio \u2014 , representar\u00e3o um custo anual de R$ 20 bilh\u00f5es nas contas de energia pelas pr\u00f3ximas duas d\u00e9cadas. Para Barata, este \u00e9 o momento certo para a popula\u00e7\u00e3o agir.\u00a0<\/p>\n<p>\u201cN\u00f3s entendemos que ainda h\u00e1 tempo para todos os consumidores de energia que tiverem acesso a parlamentares, a deputados e senadores, que mandem uma mensagem para seu representante chamando a aten\u00e7\u00e3o desse senador e desse deputado do grave equ\u00edvoco que ser\u00e1 cometido se vier a derrubar desse veto. Porque o consumidor\u00a0 ser\u00e1 penalizado duas vezes, ele ser\u00e1 penalizado ao pagar a sua conta e ser\u00e1 penalizado pelo aumento da infla\u00e7\u00e3o e obviamente pelos custos do servi\u00e7o.\u201d\u00a0<\/p>\n<h2>Aumento dobrado<\/h2>\n<p>Para M\u00f3nica Banegas, especialista em Justi\u00e7a Energ\u00e9tica do Instituto P\u00f3lis, em fun\u00e7\u00e3o da composi\u00e7\u00e3o tarif\u00e1ria, o estado pode passar a ter uma das contas de luz mais caras do pa\u00eds.\u00a0<\/p>\n<p>\u201c\u00c9 extremamente grave e preocupante para o morador de Mato Grosso do Sul. Por isso \u00e9 t\u00e3o importante falar com os senadores e deputados que representam o estado, para evitar que isso venha a se concretizar. A conta est\u00e1 cara e os moradores v\u00e3o ser os mais punidos, se esse veto for derrubado pelo Congresso Nacional.\u201d\u00a0<\/p>\n<h2>Bandeiras tarif\u00e1rias<\/h2>\n<p>O tarif\u00e1rio da energia el\u00e9trica, estabelecido pela Ag\u00eancia Nacional de Energia El\u00e9trica (Aneel), estipula como bandeira amarela o valor de R$ 1,88\/100 kwh; como vermelha 1 a cobran\u00e7a de R$ 4,46\/100 kwh e bandeira vermelha 2, o valor de R$ 7,87\/100 kwh. O levantamento feito pela FNCE mostra que o aumento nas contas de luz teria o mesmo impacto de quando a Aneel estipula bandeira vermelha, ou seja, em per\u00edodos de estiagem m\u00e1xima.<\/p>\n<p><img decoding=\"async\" style=\"width:100%\" alt=\"\" src=\"https:\/\/noticiasdestaque.com.br\/wp-content\/uploads\/2025\/05\/ContadeluzconsumidordeMatoGrossodoSulpodepagarR216amaisporano_0748947001746738151.jpeg\" \/><\/p>\n<p>(Fonte: Aneel e FNCE)<\/p>\n<p>As bandeiras tarif\u00e1rias na energia el\u00e9trica no Brasil existem para sinalizar ao consumidor o custo real da gera\u00e7\u00e3o de energia em determinado per\u00edodo, ajudando a promover o uso mais consciente e eficiente da eletricidade.<\/p>\n<p>Elas funcionam como um &#8220;term\u00f4metro&#8221; das condi\u00e7\u00f5es de produ\u00e7\u00e3o de energia: quando as usinas hidrel\u00e9tricas est\u00e3o operando normalmente, a energia \u00e9 mais barata (bandeira verde); quando \u00e9 preciso acionar usinas t\u00e9rmicas, que s\u00e3o mais caras, entram em vigor as bandeiras amarela ou vermelha (patamar 1 ou 2), com acr\u00e9scimos na conta de luz.<\/p>\n<h2>Rea\u00e7\u00e3o no Congresso<\/h2>\n<p>A reportagem procurou todos os senadores que representam o estado. O senador Nelsinho Trad (PSD-MS), que n\u00e3o votou o projeto\u00a0em novembro passado\u00a0porque estava de licen\u00e7a de sa\u00fade, mesmo sem deixar claro qual ser\u00e1 sua posi\u00e7\u00e3o na an\u00e1lise do veto presidencial, afirma que \u00e9 preciso ter cautela e responsabilidade nesse tipo de vota\u00e7\u00e3o.<\/p>\n<p>\u201cN\u00e3o posso aceitar que decis\u00f5es tomadas aqui [Senado] prejudiquem o dia a dia da nossa popula\u00e7\u00e3o. Crescimento econ\u00f4mico sim, gera\u00e7\u00e3o de empregos tamb\u00e9m, mas desde que o custo disso n\u00e3o recaia sobre quem j\u00e1 paga caro pela energia el\u00e9trica. Precisamos buscar um equil\u00edbrio e defender investimentos sem sacrificar as fam\u00edlias.\u201d<\/p>\n<p>A senadora Tereza Cristina (PP) votou em novembro a favor das emendas que aumentam a conta de luz. Questionada se manter\u00e1 essa posi\u00e7\u00e3o, a senadora respondeu por meio de sua assessoria, que \u00e9 contra qualquer medida que represente aumento no custo de vida da popula\u00e7\u00e3o. O brasileiro j\u00e1 paga muitos impostos e n\u00e3o pode ser penalizado com mais encargos, especialmente em um momento de tantas dificuldades econ\u00f4micas. Na vota\u00e7\u00e3o de novembro, o PP, partido da senadora, orientou sua bancada pela aprova\u00e7\u00e3o do projeto com as emendas que deixar\u00e3o a conta de luz mais cara para os consumidores.<\/p>\n<p>O <strong>Brasil 61<\/strong> procurou tamb\u00e9m a senadora Soraya Thronicke (Podemos), mas ela n\u00e3o respondeu at\u00e9 o fechamento desta reportagem. Na vota\u00e7\u00e3o de novembro, Thronicke votou a favor das emendas que podem elevar em 9% o custo da energia em Mato Grosso do Sul. \u00a0O Podemos orientou sua bancada pela aprova\u00e7\u00e3o do projeto com os &#8220;jabutis&#8221; que aumentam a conta de luz.\u00a0<\/p>\n<p>O portal <strong>Brasil 61<\/strong> re\u00fane informa\u00e7\u00f5es atualizadas sobre todos os parlamentares da atual legislatura, incluindo telefones e e-mails para contato. Para consultar os representantes do seu estado, basta acessar a se\u00e7\u00e3o \u201cPoder61\u201d.<br \/>\n\u00a0<\/p>\n<p>\n\u00a0<\/p>\n<p>\t\t\t\t\t\t\t\t\t<img loading=\"lazy\" decoding=\"async\" src=\"https:\/\/brasil61.com\/api\/v1\/serve_pixel\/17677\/81852\" alt=\"Pixel Brasil 61\" class=\"b61_pixel\" width=\"0\" height=\"0\"><\/p>\n<input type=\"hidden\" id=\"baseurl\" value=\"https:\/\/noticiasdestaque.com.br\"><input type=\"hidden\" id=\"audio_nonce\" value=\"6f73a554f1\">","protected":false},"excerpt":{"rendered":"<p>Se vetos \u00e0s emendas na Lei da E\u00f3licas Offshore forem derrubados no Congresso, aumento na conta de luz poder\u00e1 chegar a 9%, alerta Frente Nacional dos Consumidores de Energia (FNCE)<\/p>\n","protected":false},"author":1,"featured_media":43910,"comment_status":"open","ping_status":"open","sticky":false,"template":"","format":"standard","meta":{"fifu_image_url":"","fifu_image_alt":"","footnotes":""},"categories":[59],"tags":[],"class_list":["post-43909","post","type-post","status-publish","format-standard","has-post-thumbnail","hentry","category-economia"],"distributor_meta":false,"distributor_terms":false,"distributor_media":false,"distributor_original_site_name":"Noticias em Destaque","distributor_original_site_url":"https:\/\/noticiasdestaque.com.br","push-errors":false,"_links":{"self":[{"href":"https:\/\/noticiasdestaque.com.br\/index.php\/wp-json\/wp\/v2\/posts\/43909","targetHints":{"allow":["GET"]}}],"collection":[{"href":"https:\/\/noticiasdestaque.com.br\/index.php\/wp-json\/wp\/v2\/posts"}],"about":[{"href":"https:\/\/noticiasdestaque.com.br\/index.php\/wp-json\/wp\/v2\/types\/post"}],"author":[{"embeddable":true,"href":"https:\/\/noticiasdestaque.com.br\/index.php\/wp-json\/wp\/v2\/users\/1"}],"replies":[{"embeddable":true,"href":"https:\/\/noticiasdestaque.com.br\/index.php\/wp-json\/wp\/v2\/comments?post=43909"}],"version-history":[{"count":0,"href":"https:\/\/noticiasdestaque.com.br\/index.php\/wp-json\/wp\/v2\/posts\/43909\/revisions"}],"wp:featuredmedia":[{"embeddable":true,"href":"https:\/\/noticiasdestaque.com.br\/index.php\/wp-json\/wp\/v2\/media\/43910"}],"wp:attachment":[{"href":"https:\/\/noticiasdestaque.com.br\/index.php\/wp-json\/wp\/v2\/media?parent=43909"}],"wp:term":[{"taxonomy":"category","embeddable":true,"href":"https:\/\/noticiasdestaque.com.br\/index.php\/wp-json\/wp\/v2\/categories?post=43909"},{"taxonomy":"post_tag","embeddable":true,"href":"https:\/\/noticiasdestaque.com.br\/index.php\/wp-json\/wp\/v2\/tags?post=43909"}],"curies":[{"name":"wp","href":"https:\/\/api.w.org\/{rel}","templated":true}]}}