{"id":43899,"date":"2025-05-08T04:00:00","date_gmt":"2025-05-08T07:00:00","guid":{"rendered":"https:\/\/noticiasdestaque.com.br\/index.php\/2025\/05\/08\/gripe-mobilizacao-nacional-pretende-vacinar-816-milhoes-de-pessoas\/"},"modified":"2025-05-08T08:50:15","modified_gmt":"2025-05-08T11:50:15","slug":"gripe-mobilizacao-nacional-pretende-vacinar-816-milhoes-de-pessoas","status":"publish","type":"post","link":"https:\/\/noticiasdestaque.com.br\/index.php\/2025\/05\/08\/gripe-mobilizacao-nacional-pretende-vacinar-816-milhoes-de-pessoas\/","title":{"rendered":"GRIPE: Mobiliza\u00e7\u00e3o nacional pretende vacinar 81,6 milh\u00f5es de pessoas"},"content":{"rendered":"<p><audio class=\"b61_audio_player\" src=\"https:\/\/brasil61.com\/rails\/active_storage\/blobs\/eyJfcmFpbHMiOnsibWVzc2FnZSI6IkJBaHBBd2RSQXc9PSIsImV4cCI6bnVsbCwicHVyIjoiYmxvYl9pZCJ9fQ==--26981db9e298de60992330be14e97a3063399278\/VACI250243A\" controls=\"controls\" data-noticia=\"81811\"><\/audio><\/p>\n<p>Os sinais conhecidos de gripe s\u00e3o febre, tosse, dor de garganta, de cabe\u00e7a e pelo corpo.. Com a proximidade do inverno, os casos de infec\u00e7\u00f5es virais respirat\u00f3rias aumentam. No caso dos adultos, a intensidade dos sintomas pode variar. Mas grupos como crian\u00e7as, gestantes e idosos podem apresentar complica\u00e7\u00f5es, desde uma sinusite a quadros mais graves como pneumonias e at\u00e9 morte.<\/p>\n<p>A t\u00e9cnica em enfermagem Bianca Jost, da cidade de Tr\u00eas de Maio, no Rio Grande do Sul, j\u00e1 tomou a vacina este ano. \u201cA vacina da Influenza \u00e9 importante porque vai evitar que a doen\u00e7a se manifeste na sua forma mais grave. Fa\u00e7o atendimento a idosos, gestantes e crian\u00e7as, ent\u00e3o estou me protegendo e protegendo as outras pessoas tamb\u00e9m.\u201d<\/p>\n<p>Para evitar a infec\u00e7\u00e3o pelo v\u00edrus da Influenza, o Minist\u00e9rio da <a href=\"https:\/\/gruposalvandovidas.com\/\">Sa\u00fade<\/a> orienta a vacina\u00e7\u00e3o de todos os grupos mais vulner\u00e1veis \u00e0s complica\u00e7\u00f5es da doen\u00e7a. O p\u00fablico-alvo estimado para a campanha de vacina\u00e7\u00e3o contra a gripe \u00e9 de cerca de 81 milh\u00f5es de pessoas, com a meta de vacinar pelo menos 90% das crian\u00e7as, gestantes e idosos. Para os outros grupos ser\u00e3o contabilizadas as doses aplicadas.<\/p>\n<p>A pesquisadora do Programa de Computa\u00e7\u00e3o Cient\u00edfica da Fiocruz, Tatiana Portela, faz um alerta. \u201c\u00c9 muito importante que todas as pessoas dos grupos de risco, como crian\u00e7as de 6 meses a menores de seis anos de idade, gestantes, idosos, que procurem um posto de sa\u00fade para se vacinar contra o v\u00edrus, especialmente as pessoas que moram nas regi\u00f5es Centro-Oeste, Nordeste, Sudeste e tamb\u00e9m no sul do pa\u00eds, onde a campanha de vacina\u00e7\u00e3o contra o v\u00edrus j\u00e1 come\u00e7ou.\u201d<\/p>\n<p>O imunizante contra a gripe \u00e9 capaz de evitar entre 60% e 70% dos casos graves e mortes. Vale lembrar que as vacinas s\u00e3o seguras, eficazes e de gra\u00e7a.<\/p>\n<h2>Vacina\u00e7\u00e3o contra Influenza: grupos priorit\u00e1rios<\/h2>\n<p>\u2022\u00a0\u00a0 \u00a0Crian\u00e7as de 6 meses a menores de 6 anos de idade;<br \/>\n\u2022\u00a0\u00a0 \u00a0Gestantes e pu\u00e9rperas;<br \/>\n\u2022\u00a0\u00a0 \u00a0Idosos com 60 anos e mais;<br \/>\n\u2022\u00a0\u00a0 \u00a0Povos ind\u00edgenas;<br \/>\n\u2022\u00a0\u00a0 \u00a0Quilombolas;<br \/>\n\u2022\u00a0\u00a0 \u00a0Pessoas em situa\u00e7\u00e3o de rua;<br \/>\n\u2022\u00a0\u00a0 \u00a0Trabalhadores da sa\u00fade;<br \/>\n\u2022\u00a0\u00a0 \u00a0Professores de escolas p\u00fablicas e privadas;<br \/>\n\u2022\u00a0\u00a0 \u00a0Profissionais das for\u00e7as de seguran\u00e7a, salvamento e For\u00e7as Armadas;<br \/>\n\u2022\u00a0\u00a0 \u00a0Trabalhadores portu\u00e1rios e de transporte coletivo rodovi\u00e1rio;<br \/>\n\u2022\u00a0\u00a0 \u00a0Caminhoneiros;<br \/>\n\u2022\u00a0\u00a0 \u00a0Trabalhadores de transporte coletivo rodovi\u00e1rio para passageiros urbanos e de longo curso;<br \/>\n\u2022\u00a0\u00a0 \u00a0Trabalhadores dos Correios;<br \/>\n\u2022\u00a0\u00a0 \u00a0Pessoas com defici\u00eancia permanente;<br \/>\n\u2022\u00a0\u00a0 \u00a0Pessoas com doen\u00e7as cr\u00f4nicas n\u00e3o transmiss\u00edveis e outras condi\u00e7\u00f5es cl\u00ednicas especiais;<br \/>\n\u2022\u00a0\u00a0 \u00a0Popula\u00e7\u00e3o privada de liberdade e funcion\u00e1rios do sistema de priva\u00e7\u00e3o de liberdade, adolescentes e jovens de 12 a 21 anos de idade sob medidas socioeducativas;<\/p>\n<p>Participe da mobiliza\u00e7\u00e3o nacional pela vacina\u00e7\u00e3o contra a gripe. Procure uma Unidade B\u00e1sica de Sa\u00fade com a Caderneta de Vacina\u00e7\u00e3o ou documento com foto. Garanta a sua prote\u00e7\u00e3o!<\/p>\n<p>Para mais informa\u00e7\u00f5es, acesse <a href=\"http:\/\/www.gov.br\/vacinacao\">www.gov.br\/vacinacao<\/a>.<\/p>\n<p><img loading=\"lazy\" decoding=\"async\" class=\"b61_pixel\" src=\"https:\/\/brasil61.com\/api\/v1\/serve_pixel\/17677\/81811\" alt=\"Pixel Brasil 61\" width=\"0\" height=\"0\" \/><\/p>\n<input type=\"hidden\" id=\"baseurl\" value=\"https:\/\/noticiasdestaque.com.br\"><input type=\"hidden\" id=\"audio_nonce\" value=\"6f73a554f1\">","protected":false},"excerpt":{"rendered":"<p>A meta do Minist\u00e9rio da Sa\u00fade \u00e9 de vacinar pelo menos 90% das crian\u00e7as, gestantes e idosos. Para os outros grupos priorit\u00e1rios ser\u00e3o contabilizadas as doses aplicadas<\/p>\n","protected":false},"author":1,"featured_media":43900,"comment_status":"open","ping_status":"open","sticky":false,"template":"","format":"standard","meta":{"fifu_image_url":"","fifu_image_alt":"","footnotes":""},"categories":[51],"tags":[],"class_list":["post-43899","post","type-post","status-publish","format-standard","has-post-thumbnail","hentry","category-saude"],"distributor_meta":false,"distributor_terms":false,"distributor_media":false,"distributor_original_site_name":"Noticias em Destaque","distributor_original_site_url":"https:\/\/noticiasdestaque.com.br","push-errors":false,"_links":{"self":[{"href":"https:\/\/noticiasdestaque.com.br\/index.php\/wp-json\/wp\/v2\/posts\/43899","targetHints":{"allow":["GET"]}}],"collection":[{"href":"https:\/\/noticiasdestaque.com.br\/index.php\/wp-json\/wp\/v2\/posts"}],"about":[{"href":"https:\/\/noticiasdestaque.com.br\/index.php\/wp-json\/wp\/v2\/types\/post"}],"author":[{"embeddable":true,"href":"https:\/\/noticiasdestaque.com.br\/index.php\/wp-json\/wp\/v2\/users\/1"}],"replies":[{"embeddable":true,"href":"https:\/\/noticiasdestaque.com.br\/index.php\/wp-json\/wp\/v2\/comments?post=43899"}],"version-history":[{"count":1,"href":"https:\/\/noticiasdestaque.com.br\/index.php\/wp-json\/wp\/v2\/posts\/43899\/revisions"}],"predecessor-version":[{"id":43902,"href":"https:\/\/noticiasdestaque.com.br\/index.php\/wp-json\/wp\/v2\/posts\/43899\/revisions\/43902"}],"wp:featuredmedia":[{"embeddable":true,"href":"https:\/\/noticiasdestaque.com.br\/index.php\/wp-json\/wp\/v2\/media\/43900"}],"wp:attachment":[{"href":"https:\/\/noticiasdestaque.com.br\/index.php\/wp-json\/wp\/v2\/media?parent=43899"}],"wp:term":[{"taxonomy":"category","embeddable":true,"href":"https:\/\/noticiasdestaque.com.br\/index.php\/wp-json\/wp\/v2\/categories?post=43899"},{"taxonomy":"post_tag","embeddable":true,"href":"https:\/\/noticiasdestaque.com.br\/index.php\/wp-json\/wp\/v2\/tags?post=43899"}],"curies":[{"name":"wp","href":"https:\/\/api.w.org\/{rel}","templated":true}]}}