{"id":43892,"date":"2025-05-08T00:22:00","date_gmt":"2025-05-08T03:22:00","guid":{"rendered":"https:\/\/noticiasdestaque.com.br\/index.php\/2025\/05\/08\/camara-instala-comissao-para-analisar-pec-da-sustentabilidade-fiscal-e-aliviar-financas-municipais\/"},"modified":"2025-05-08T00:22:00","modified_gmt":"2025-05-08T03:22:00","slug":"camara-instala-comissao-para-analisar-pec-da-sustentabilidade-fiscal-e-aliviar-financas-municipais","status":"publish","type":"post","link":"https:\/\/noticiasdestaque.com.br\/index.php\/2025\/05\/08\/camara-instala-comissao-para-analisar-pec-da-sustentabilidade-fiscal-e-aliviar-financas-municipais\/","title":{"rendered":"C\u00e2mara instala comiss\u00e3o para analisar PEC da Sustentabilidade Fiscal e aliviar finan\u00e7as municipais"},"content":{"rendered":"<p>\t\t\t\t\t\t\t\t\t\t<audio controls class=\"b61_audio_player\" data-noticia=\"81818\" src=\"https:\/\/brasil61.com\/rails\/active_storage\/blobs\/eyJfcmFpbHMiOnsibWVzc2FnZSI6IkJBaHBBL3hRQXc9PSIsImV4cCI6bnVsbCwicHVyIjoiYmxvYl9pZCJ9fQ==--47fc684713ace5568a3fb1aae4c8f8c1c7ad8032\/BRAS2513919A\"><\/audio><\/p>\n<p>A C\u00e2mara dos Deputados instalou na ter\u00e7a-feira (6) a Comiss\u00e3o Especial que vai analisar a Proposta de Emenda \u00e0 Constitui\u00e7\u00e3o (PEC) 66\/2023, conhecida como PEC da Sustentabilidade Fiscal. A medida, de autoria do Senado, \u00e9 considerada essencial\u00a0para reestruturar as finan\u00e7as dos munic\u00edpios. A Confedera\u00e7\u00e3o Nacional de Munic\u00edpios (CNM), respons\u00e1vel por articular grande parte do texto aprovado no Senado, comemorou o avan\u00e7o.<\/p>\n<p>O deputado Romero Rodrigues (PODE-PB) foi escolhido presidente da comiss\u00e3o, enquanto o relator ser\u00e1 o deputado Baleia Rossi (MDB-SP). A pr\u00f3xima reuni\u00e3o do colegiado est\u00e1 marcada para 20 de maio.<\/p>\n<p><strong>Entre os principais pontos da PEC est\u00e3o:<\/strong><\/p>\n<ul>\n<li>Amplia\u00e7\u00e3o do prazo para o parcelamento de d\u00edvidas previdenci\u00e1rias dos munic\u00edpios de 60 para 300 meses\u00a0<\/li>\n<li>Novos limites escalonados para pagamento de precat\u00f3rios com base na Receita Corrente L\u00edquida (RCL)\u00a0<\/li>\n<li>Aplica\u00e7\u00e3o das regras previdenci\u00e1rias da Uni\u00e3o aos regimes pr\u00f3prios municipais\u00a0<\/li>\n<li>Desvincula\u00e7\u00e3o de receitas at\u00e9 2032\u00a0<\/li>\n<li>Cria\u00e7\u00e3o de um programa de regularidade previdenci\u00e1ria<\/li>\n<\/ul>\n<p>A CNM ainda deve apresentar tr\u00eas emendas para corrigir ajustes feitos no Senado, como a mudan\u00e7a do indexador das d\u00edvidas de Selic para IPCA e a extens\u00e3o autom\u00e1tica da Reforma da Previd\u00eancia aos munic\u00edpios que n\u00e3o adotarem regras pr\u00f3prias em 18 meses.<\/p>\n<p>Segundo o presidente da CNM, Paulo Ziulkoski, a expectativa de que a mat\u00e9ria avance at\u00e9 a pr\u00f3xima edi\u00e7\u00e3o da Marcha a Bras\u00edlia em Defesa dos Munic\u00edpios, que ocorre em 19 de maio. Para Ziulkoski, a PEC representa uma solu\u00e7\u00e3o fiscal justa e urgente, com impacto potencial de R$ 1 trilh\u00e3o no equil\u00edbrio das contas locais.<br \/>\n\u00a0<\/p>\n<p>\t\t\t\t\t\t\t\t\t<img loading=\"lazy\" decoding=\"async\" src=\"https:\/\/brasil61.com\/api\/v1\/serve_pixel\/17677\/81818\" alt=\"Pixel Brasil 61\" class=\"b61_pixel\" width=\"0\" height=\"0\"><\/p>\n<input type=\"hidden\" id=\"baseurl\" value=\"https:\/\/noticiasdestaque.com.br\"><input type=\"hidden\" id=\"audio_nonce\" value=\"6f73a554f1\">","protected":false},"excerpt":{"rendered":"<p>Impacto or\u00e7ament\u00e1rio pode chegar a R$ 1 trilh\u00e3o no equil\u00edbrio das contas municipais<\/p>\n","protected":false},"author":1,"featured_media":43893,"comment_status":"open","ping_status":"open","sticky":false,"template":"","format":"standard","meta":{"fifu_image_url":"","fifu_image_alt":"","footnotes":""},"categories":[59],"tags":[],"class_list":["post-43892","post","type-post","status-publish","format-standard","has-post-thumbnail","hentry","category-economia"],"distributor_meta":false,"distributor_terms":false,"distributor_media":false,"distributor_original_site_name":"Noticias em Destaque","distributor_original_site_url":"https:\/\/noticiasdestaque.com.br","push-errors":false,"_links":{"self":[{"href":"https:\/\/noticiasdestaque.com.br\/index.php\/wp-json\/wp\/v2\/posts\/43892","targetHints":{"allow":["GET"]}}],"collection":[{"href":"https:\/\/noticiasdestaque.com.br\/index.php\/wp-json\/wp\/v2\/posts"}],"about":[{"href":"https:\/\/noticiasdestaque.com.br\/index.php\/wp-json\/wp\/v2\/types\/post"}],"author":[{"embeddable":true,"href":"https:\/\/noticiasdestaque.com.br\/index.php\/wp-json\/wp\/v2\/users\/1"}],"replies":[{"embeddable":true,"href":"https:\/\/noticiasdestaque.com.br\/index.php\/wp-json\/wp\/v2\/comments?post=43892"}],"version-history":[{"count":0,"href":"https:\/\/noticiasdestaque.com.br\/index.php\/wp-json\/wp\/v2\/posts\/43892\/revisions"}],"wp:featuredmedia":[{"embeddable":true,"href":"https:\/\/noticiasdestaque.com.br\/index.php\/wp-json\/wp\/v2\/media\/43893"}],"wp:attachment":[{"href":"https:\/\/noticiasdestaque.com.br\/index.php\/wp-json\/wp\/v2\/media?parent=43892"}],"wp:term":[{"taxonomy":"category","embeddable":true,"href":"https:\/\/noticiasdestaque.com.br\/index.php\/wp-json\/wp\/v2\/categories?post=43892"},{"taxonomy":"post_tag","embeddable":true,"href":"https:\/\/noticiasdestaque.com.br\/index.php\/wp-json\/wp\/v2\/tags?post=43892"}],"curies":[{"name":"wp","href":"https:\/\/api.w.org\/{rel}","templated":true}]}}