{"id":43838,"date":"2025-04-30T10:02:00","date_gmt":"2025-04-30T13:02:00","guid":{"rendered":"https:\/\/noticiasdestaque.com.br\/index.php\/2025\/04\/30\/para-confira-agenda-das-agencias-barco-ilha-do-marajo-e-prevbarco-para-maio\/"},"modified":"2025-04-30T10:02:00","modified_gmt":"2025-04-30T13:02:00","slug":"para-confira-agenda-das-agencias-barco-ilha-do-marajo-e-prevbarco-para-maio","status":"publish","type":"post","link":"https:\/\/noticiasdestaque.com.br\/index.php\/2025\/04\/30\/para-confira-agenda-das-agencias-barco-ilha-do-marajo-e-prevbarco-para-maio\/","title":{"rendered":"PAR\u00c1: confira agenda das Ag\u00eancias-Barco Ilha do Maraj\u00f3 e PrevBarco para maio"},"content":{"rendered":"<p>\t\t\t\t\t\t\t\t\t\t<audio controls class=\"b61_audio_player\" data-noticia=\"81704\" src=\"https:\/\/brasil61.com\/rails\/active_storage\/blobs\/eyJfcmFpbHMiOnsibWVzc2FnZSI6IkJBaHBBNUpOQXc9PSIsImV4cCI6bnVsbCwicHVyIjoiYmxvYl9pZCJ9fQ==--e18f6146310822e57c1b973eeac84623cd869912\/PCXA250523B\"><\/audio><\/p>\n<p>Aten\u00e7\u00e3o, voc\u00ea que est\u00e1 esperando os atendimentos da CAIXA no seu munic\u00edpio. A <a href=\"https:\/\/www.caixa.gov.br\/sustentabilidade\/investimentos-socioambientais\/agencia-barco\/Paginas\/default.aspx\" target=\"_blank\">Ag\u00eancia-Barco<\/a> Ilha do Maraj\u00f3 j\u00e1 tem data para chegar! E, neste m\u00eas de maio, a regi\u00e3o receber\u00e1 os servi\u00e7os em duas embarca\u00e7\u00f5es. Al\u00e9m da ag\u00eancia-barco Ilha do Maraj\u00f3, os moradores tamb\u00e9m poder\u00e3o realizar os atendimentos no PrevBarco, em uma parceria da CAIXA com o INSS.<\/p>\n<p>As embarca\u00e7\u00f5es v\u00e3o atender sete munic\u00edpios durante o m\u00eas de maio, com os servi\u00e7os de desbloqueio de cart\u00f5es e cadastro de senhas para recebimento de benef\u00edcios sociais, como FGTS, Seguro-Desemprego, Bolsa Fam\u00edlia e INSS, entre outros servi\u00e7os, com exce\u00e7\u00e3o de movimenta\u00e7\u00e3o de dinheiro em esp\u00e9cie.\u00a0<\/p>\n<p>Confira o cronograma e anote a data e o local em que os atendimentos estar\u00e3o dispon\u00edveis.<\/p>\n<p>Do dia 2 ao dia 7, os atendimentos ser\u00e3o realizados em Anaj\u00e1s. Nos dias 8 e 9, os servi\u00e7os chegar\u00e3o \u00e0 popula\u00e7\u00e3o de Afu\u00e1.<\/p>\n<p>No dia 12 de maio, os atendimentos da CAIXA ser\u00e3o destinados aos moradores de Bagre. Tamb\u00e9m no dia 12, os moradores de Soure ser\u00e3o atendidos, com servi\u00e7os dispon\u00edveis at\u00e9 o dia 16.<\/p>\n<p>Entre os dias 13 e 14, os servi\u00e7os poder\u00e3o ser realizados pela popula\u00e7\u00e3o de Oeiras do Par\u00e1. Nos dias 15 e 16, ser\u00e1 a vez dos moradores de S\u00e3o Sebasti\u00e3o da Boa Vista. \u00a0<br \/>\nDe 19 a 23 de maio, os atendimentos ser\u00e3o oferecidos ao munic\u00edpio de Ponta de Pedras.\u00a0<\/p>\n<p>Para finalizar a agenda do m\u00eas, os servi\u00e7os retornar\u00e3o ao munic\u00edpio de Soure, onde ser\u00e3o disponibilizados do dia 21 ao dia 23.<\/p>\n<p>O hor\u00e1rio de atendimento da Ag\u00eancia-Barco Ilha do Maraj\u00f3 \u00e9 das 9 horas da manh\u00e3 \u00e0s 3 horas da tarde.<\/p>\n<p>Para mais detalhes, acesse <a href=\"https:\/\/www.caixa.gov.br\/Paginas\/home-caixa.aspx\" target=\"_blank\">caixa.gov.br<\/a>.<br \/>\n\u00a0<\/p>\n<p>\t\t\t\t\t\t\t\t\t<img loading=\"lazy\" decoding=\"async\" src=\"https:\/\/brasil61.com\/api\/v1\/serve_pixel\/17677\/81704\" alt=\"Pixel Brasil 61\" class=\"b61_pixel\" width=\"0\" height=\"0\"><\/p>\n<input type=\"hidden\" id=\"baseurl\" value=\"https:\/\/noticiasdestaque.com.br\"><input type=\"hidden\" id=\"audio_nonce\" value=\"5128c810d9\">","protected":false},"excerpt":{"rendered":"<p>As embarca\u00e7\u00f5es v\u00e3o atender sete munic\u00edpios durante o m\u00eas de maio<\/p>\n","protected":false},"author":1,"featured_media":43839,"comment_status":"open","ping_status":"open","sticky":false,"template":"","format":"standard","meta":{"fifu_image_url":"","fifu_image_alt":"","footnotes":""},"categories":[59],"tags":[],"class_list":["post-43838","post","type-post","status-publish","format-standard","has-post-thumbnail","hentry","category-economia"],"distributor_meta":false,"distributor_terms":false,"distributor_media":false,"distributor_original_site_name":"Noticias em Destaque","distributor_original_site_url":"https:\/\/noticiasdestaque.com.br","push-errors":false,"_links":{"self":[{"href":"https:\/\/noticiasdestaque.com.br\/index.php\/wp-json\/wp\/v2\/posts\/43838","targetHints":{"allow":["GET"]}}],"collection":[{"href":"https:\/\/noticiasdestaque.com.br\/index.php\/wp-json\/wp\/v2\/posts"}],"about":[{"href":"https:\/\/noticiasdestaque.com.br\/index.php\/wp-json\/wp\/v2\/types\/post"}],"author":[{"embeddable":true,"href":"https:\/\/noticiasdestaque.com.br\/index.php\/wp-json\/wp\/v2\/users\/1"}],"replies":[{"embeddable":true,"href":"https:\/\/noticiasdestaque.com.br\/index.php\/wp-json\/wp\/v2\/comments?post=43838"}],"version-history":[{"count":0,"href":"https:\/\/noticiasdestaque.com.br\/index.php\/wp-json\/wp\/v2\/posts\/43838\/revisions"}],"wp:featuredmedia":[{"embeddable":true,"href":"https:\/\/noticiasdestaque.com.br\/index.php\/wp-json\/wp\/v2\/media\/43839"}],"wp:attachment":[{"href":"https:\/\/noticiasdestaque.com.br\/index.php\/wp-json\/wp\/v2\/media?parent=43838"}],"wp:term":[{"taxonomy":"category","embeddable":true,"href":"https:\/\/noticiasdestaque.com.br\/index.php\/wp-json\/wp\/v2\/categories?post=43838"},{"taxonomy":"post_tag","embeddable":true,"href":"https:\/\/noticiasdestaque.com.br\/index.php\/wp-json\/wp\/v2\/tags?post=43838"}],"curies":[{"name":"wp","href":"https:\/\/api.w.org\/{rel}","templated":true}]}}