{"id":43834,"date":"2025-04-30T09:00:00","date_gmt":"2025-04-30T12:00:00","guid":{"rendered":"https:\/\/noticiasdestaque.com.br\/index.php\/2025\/04\/30\/em-120-dias-de-2025-governo-gastou-r-17-trilhao\/"},"modified":"2025-04-30T09:00:00","modified_gmt":"2025-04-30T12:00:00","slug":"em-120-dias-de-2025-governo-gastou-r-17-trilhao","status":"publish","type":"post","link":"https:\/\/noticiasdestaque.com.br\/index.php\/2025\/04\/30\/em-120-dias-de-2025-governo-gastou-r-17-trilhao\/","title":{"rendered":"Em 120 dias de 2025, governo gastou R$ 1,7 trilh\u00e3o"},"content":{"rendered":"<p>\t\t\t\t\t\t\t\t\t\t<audio controls class=\"b61_audio_player\" data-noticia=\"81692\" src=\"https:\/\/brasil61.com\/rails\/active_storage\/blobs\/eyJfcmFpbHMiOnsibWVzc2FnZSI6IkJBaHBBM0JOQXc9PSIsImV4cCI6bnVsbCwicHVyIjoiYmxvYl9pZCJ9fQ==--30e8beac46c6528386886fa8b5b2715d44859b6a\/CACB250005A\"><\/audio><\/p>\n<p>\u00c0s 7h do 120\u00ba dia de 2025, todos os gastos p\u00fablicos do governo somavam R$ 1.712.746.078.970,08. Quando voc\u00ea estiver lendo essa reportagem, o valor j\u00e1 ter\u00e1 aumentado. Por que \u00e9 assim, como uma torneira aberta, em que tudo que se gasta com pessoal, despesas previdenci\u00e1rias e investimentos, \u00e9 contabilizado pelo Gasto Brasil.\u00a0<\/p>\n<p>A ferramenta vem sendo desenvolvida h\u00e1 apenas 3 meses, uma parceria da Confedera\u00e7\u00e3o das Associa\u00e7\u00f5es Comerciais e Empresariais do Brasil (CACB) e a Associa\u00e7\u00e3o Comercial de S\u00e3o Paulo (ACSP), com o objetivo de dar mais transpar\u00eancia \u00e0 aplica\u00e7\u00e3o dos recursos p\u00fablicos e estimular a conscientiza\u00e7\u00e3o da sociedade sobre o impacto desses valores no cotidiano dos brasileiros, como explica Cl\u00e1udio Queiroz, coordenador-geral do projeto.\u00a0<\/p>\n<p>\u201cO or\u00e7amento tem que fechar. A nossa d\u00edvida, nos \u00faltimos 12 meses, bateu em R$ 1 trilh\u00e3o. Com isso n\u00f3s conseguimos hoje ver a evolu\u00e7\u00e3o dos gastos dos governos e at\u00e9 mesmo com que qualidade ele est\u00e1 fazendo\u201d, explica.<\/p>\n<h2>Transpar\u00eancia e controle\u00a0<\/h2>\n<p>Cl\u00e1udio Queiroz ainda explica que, hoje, o governo n\u00e3o tem, em nenhuma plataforma, os valores em tempo real do que est\u00e1 sendo gasto ou arrecadado. No caso das despesas, elas s\u00e3o publicadas obrigatoriamente, a cada dois meses, pelo Tesouro Nacional.<\/p>\n<p>\u201cN\u00f3s criamos uma metodologia de proje\u00e7\u00e3o para o exerc\u00edcio de 2025 e a cada vez que o governo solta uma atualiza\u00e7\u00e3o dos gastos a plataforma faz uma confer\u00eancia da metodologia. J\u00e1 que algo fora do padr\u00e3o pode ser gasto, sem aviso pr\u00e9vio. Sempre que o Tesouro libera uma atualiza\u00e7\u00e3o, a metodologia \u00e9 revisitada, para evitar erros.\u201d Dessa forma, explica Cl\u00e1udio, \u00e9 poss\u00edvel fazer uma previs\u00e3o de gastos p\u00fablicos, baseada nas informa\u00e7\u00f5es oficiais.\u00a0<\/p>\n<p>At\u00e9 agora, j\u00e1 foram mais de 5.400 acessos, em apenas uma semana da plataforma no ar. Por meio de filtros, \u00e9 poss\u00edvel acessar qual foi o gasto em um munic\u00edpio ou estado, num determinado per\u00edodo de tempo. Segundo o coordenador do projeto, o objetivo n\u00e3o \u00e9 fiscalizar, mas monitorar os gastos p\u00fablicos e cobrar das autoridades um maior controle.<\/p>\n<h2>Equil\u00edbrio das contas<\/h2>\n<p>H\u00e1 20 anos, uma plataforma semelhante foi lan\u00e7ada para contabilizar quanto se recolhe em impostos no pa\u00eds. O impost\u00f4metro \u00e9 a ferramenta de transpar\u00eancia que inspirou o Gasto Brasil. Comparando dados do que se arrecada e o que se gasta, \u00e9 poss\u00edvel ter uma no\u00e7\u00e3o do panorama econ\u00f4mico que temos no pa\u00eds hoje. Para o presidente da CACB, Alfredo Cotait, um momento preocupante.<\/p>\n<p>\u201cH\u00e1 um desequil\u00edbrio. Se gast\u00e1ssemos apenas o que arrecadamos, n\u00e3o ter\u00edamos infla\u00e7\u00e3o e a taxa de juros seria 2,33%. Assim como o Impost\u00f4metro foi um processo educativo, o Gasto Brasil tamb\u00e9m ser\u00e1 mais um processo educativo para mostrar \u00e0 sociedade que ela precisa participar e se manifestar. N\u00f3s estamos deixando uma conta muito cara para o futuro\u201d, declarou Cotait. \u00a0\u00a0<\/p>\n<p>Por meio da an\u00e1lise de informa\u00e7\u00f5es oficiais, tanto empreendedores quanto o p\u00fablico em geral conseguem verificar o volume de despesas por regi\u00e3o. De acordo com Alfredo Cotait, presidente da CACB, essa iniciativa facilita a compreens\u00e3o da realidade econ\u00f4mica nacional e oferece ferramentas para despertar a participa\u00e7\u00e3o social.<br \/>\n\u00a0<\/p>\n<p>\t\t\t\t\t\t\t\t\t<img loading=\"lazy\" decoding=\"async\" src=\"https:\/\/brasil61.com\/api\/v1\/serve_pixel\/17677\/81692\" alt=\"Pixel Brasil 61\" class=\"b61_pixel\" width=\"0\" height=\"0\"><\/p>\n<input type=\"hidden\" id=\"baseurl\" value=\"https:\/\/noticiasdestaque.com.br\"><input type=\"hidden\" id=\"audio_nonce\" value=\"6f73a554f1\">","protected":false},"excerpt":{"rendered":"<p>Valores foram divulgados pela Gasto Brasil; plataforma que mostra os gastos dos governos locais e da Uni\u00e3o, com dados do Tesouro Nacional<\/p>\n","protected":false},"author":1,"featured_media":43835,"comment_status":"open","ping_status":"open","sticky":false,"template":"","format":"standard","meta":{"fifu_image_url":"","fifu_image_alt":"","footnotes":""},"categories":[59],"tags":[],"class_list":["post-43834","post","type-post","status-publish","format-standard","has-post-thumbnail","hentry","category-economia"],"distributor_meta":false,"distributor_terms":false,"distributor_media":false,"distributor_original_site_name":"Noticias em Destaque","distributor_original_site_url":"https:\/\/noticiasdestaque.com.br","push-errors":false,"_links":{"self":[{"href":"https:\/\/noticiasdestaque.com.br\/index.php\/wp-json\/wp\/v2\/posts\/43834","targetHints":{"allow":["GET"]}}],"collection":[{"href":"https:\/\/noticiasdestaque.com.br\/index.php\/wp-json\/wp\/v2\/posts"}],"about":[{"href":"https:\/\/noticiasdestaque.com.br\/index.php\/wp-json\/wp\/v2\/types\/post"}],"author":[{"embeddable":true,"href":"https:\/\/noticiasdestaque.com.br\/index.php\/wp-json\/wp\/v2\/users\/1"}],"replies":[{"embeddable":true,"href":"https:\/\/noticiasdestaque.com.br\/index.php\/wp-json\/wp\/v2\/comments?post=43834"}],"version-history":[{"count":0,"href":"https:\/\/noticiasdestaque.com.br\/index.php\/wp-json\/wp\/v2\/posts\/43834\/revisions"}],"wp:featuredmedia":[{"embeddable":true,"href":"https:\/\/noticiasdestaque.com.br\/index.php\/wp-json\/wp\/v2\/media\/43835"}],"wp:attachment":[{"href":"https:\/\/noticiasdestaque.com.br\/index.php\/wp-json\/wp\/v2\/media?parent=43834"}],"wp:term":[{"taxonomy":"category","embeddable":true,"href":"https:\/\/noticiasdestaque.com.br\/index.php\/wp-json\/wp\/v2\/categories?post=43834"},{"taxonomy":"post_tag","embeddable":true,"href":"https:\/\/noticiasdestaque.com.br\/index.php\/wp-json\/wp\/v2\/tags?post=43834"}],"curies":[{"name":"wp","href":"https:\/\/api.w.org\/{rel}","templated":true}]}}