{"id":43826,"date":"2025-04-30T00:23:00","date_gmt":"2025-04-30T03:23:00","guid":{"rendered":"https:\/\/noticiasdestaque.com.br\/index.php\/2025\/04\/30\/com-gasto-brasil-entidades-empresariais-ganham-aliada-na-fiscalizacao-de-recursos-publicos\/"},"modified":"2025-04-30T00:23:00","modified_gmt":"2025-04-30T03:23:00","slug":"com-gasto-brasil-entidades-empresariais-ganham-aliada-na-fiscalizacao-de-recursos-publicos","status":"publish","type":"post","link":"https:\/\/noticiasdestaque.com.br\/index.php\/2025\/04\/30\/com-gasto-brasil-entidades-empresariais-ganham-aliada-na-fiscalizacao-de-recursos-publicos\/","title":{"rendered":"Com Gasto Brasil, entidades empresariais ganham aliada na fiscaliza\u00e7\u00e3o de recursos p\u00fablicos"},"content":{"rendered":"<p>\t\t\t\t\t\t\t\t\t\t<audio controls class=\"b61_audio_player\" data-noticia=\"81682\" src=\"https:\/\/brasil61.com\/rails\/active_storage\/blobs\/eyJfcmFpbHMiOnsibWVzc2FnZSI6IkJBaHBBeXBOQXc9PSIsImV4cCI6bnVsbCwicHVyIjoiYmxvYl9pZCJ9fQ==--2baa25ca4f68e9ad55acbd8f19a32e096038b87e\/CACB250004A\"><\/audio><\/p>\n<p>Assim como as horas no mostrador de um rel\u00f3gio, que seguem em frente sem parar, s\u00e3o os gastos p\u00fablicos. Mesmo quando n\u00e3o percebemos, eles continuam crescendo, minuto a minuto, movidos por uma engrenagem complexa que n\u00e3o desacelera. Tal como o tempo, o or\u00e7amento do Estado n\u00e3o pausa \u2014 e entender como esse fluxo opera \u00e9 essencial para cobrar responsabilidade e transpar\u00eancia na aplica\u00e7\u00e3o dos recursos que saem, sem cessar, dos cofres p\u00fablicos.<br \/>\n\u00a0<br \/>\nO <a href=\"https:\/\/gastobrasil.com.br\/\">Gasto Brasil<\/a> \u00e9 uma nova ferramenta que detalha os gastos prim\u00e1rios do governo em cada localidade do pa\u00eds \u2014 seja no \u00e2mbito municipal, estadual ou federal, e tamb\u00e9m do Banco Central. Com base em dados do Tesouro Nacional, a ferramenta permite que qualquer cidad\u00e3o acompanhe quanto foi desembolsado em despesas com pessoal, previd\u00eancia e investimentos p\u00fablicos. \u201c\u00c9 uma ferramenta que vem complementar realmente o que j\u00e1 foi o sucesso do Impost\u00f4metro. N\u00e3o \u00e9 s\u00f3 monitorar o que est\u00e1 se arrecadando, mas tamb\u00e9m como est\u00e1 a execu\u00e7\u00e3o desses recursos\u201d, ressaltou o presidente da <a href=\"https:\/\/www.facieg.com.br\/\">Federa\u00e7\u00e3o das Associa\u00e7\u00f5es Comerciais, Industriais, Empresariais e Agropecu\u00e1rias do Estado de Goi\u00e1s<\/a> (Facieg), M\u00e1rcio Lu\u00eds da Silva, sobre a plataforma.\u00a0<\/p>\n<p>A Facieg representa 75 associa\u00e7\u00f5es comerciais e empresariais em 75 munic\u00edpios goianos. Um dos trabalhos da federa\u00e7\u00e3o \u00e9 defender os interesses do empresariado, sejam eles de grande, pequeno ou de m\u00e9dio porte. Para isso, a Facieg atua no \u00e2mbito estadual, facilitando e dando o suporte necess\u00e1rio \u00e0s associa\u00e7\u00f5es, em todas as \u00e1reas, como no aux\u00edlio junto aos \u00f3rg\u00e3os p\u00fablicos e empresas.\u00a0<\/p>\n<h2>Gasto Brasil<\/h2>\n<p>A plataforma Gasto Brasil surgiu a partir de uma colabora\u00e7\u00e3o entre a Confedera\u00e7\u00e3o das Associa\u00e7\u00f5es Comerciais e Empresariais do Brasil (CACB) e a Associa\u00e7\u00e3o Comercial de S\u00e3o Paulo (ACSP). A proposta \u00e9 aumentar a clareza sobre como os recursos p\u00fablicos est\u00e3o sendo utilizados e estimular uma maior conscientiza\u00e7\u00e3o da popula\u00e7\u00e3o a respeito do efeito desses valores na vida di\u00e1ria dos cidad\u00e3os. Para o presidente da CACB, Alfredo Cotait, o Gasto Brasil \u00e9 mais que uma ferramenta de monitoramento.\u00a0<br \/>\n\u00a0<br \/>\n\u201cH\u00e1 um desequil\u00edbrio. Se gast\u00e1ssemos apenas o que arrecadamos, n\u00e3o ter\u00edamos infla\u00e7\u00e3o e a taxa de juros seria 2,33%. Assim como o Impost\u00f4metro foi um processo educativo, o Gasto Brasil tamb\u00e9m ser\u00e1 mais um processo educativo para mostrar \u00e0 sociedade que ela precisa participar e se manifestar. N\u00f3s estamos deixando uma conta muito cara para o futuro\u201d, declarou Cotait. \u00a0\u00a0<br \/>\n\u00a0<br \/>\nPor meio da an\u00e1lise de informa\u00e7\u00f5es oficiais, tanto empreendedores, quanto o p\u00fablico em geral, conseguem verificar o volume de despesas p\u00fablicas por regi\u00e3o. De acordo com Alfredo Cotait, presidente da CACB, essa iniciativa facilita a compreens\u00e3o da realidade econ\u00f4mica nacional e oferece ferramentas para despertar a participa\u00e7\u00e3o social.<br \/>\n\u00a0<br \/>\nAl\u00e9m do site, o Gasto Brasil tamb\u00e9m est\u00e1 exposto em local de destaque: a fachada do pr\u00e9dio da Associa\u00e7\u00e3o Comercial de S\u00e3o Paulo, no mesmo painel de LED onde s\u00e3o exibidos dados do Impost\u00f4metro. Criado h\u00e1 20 anos, o mecanismo re\u00fane dados de todo valor de imposto que \u00e9 pago pelo cidad\u00e3o. Juntas, as duas plataformas ajudam a sociedade civil a entender o balan\u00e7o das contas p\u00fablicas, com receitas e despesas.\u00a0<br \/>\n\u00a0<\/p>\n<p>\t\t\t\t\t\t\t\t\t<img loading=\"lazy\" decoding=\"async\" src=\"https:\/\/brasil61.com\/api\/v1\/serve_pixel\/17677\/81682\" alt=\"Pixel Brasil 61\" class=\"b61_pixel\" width=\"0\" height=\"0\"><\/p>\n<input type=\"hidden\" id=\"baseurl\" value=\"https:\/\/noticiasdestaque.com.br\"><input type=\"hidden\" id=\"audio_nonce\" value=\"6f73a554f1\">","protected":false},"excerpt":{"rendered":"<p>Lan\u00e7ada pela Confedera\u00e7\u00e3o das Associa\u00e7\u00f5es Comerciais e Empresariais do Brasil (CACB), plataforma ajuda a sociedade civil a obter informa\u00e7\u00f5es sobre tudo que \u00e9 gasto e investido pelo poder p\u00fablico<\/p>\n","protected":false},"author":1,"featured_media":43827,"comment_status":"open","ping_status":"open","sticky":false,"template":"","format":"standard","meta":{"fifu_image_url":"","fifu_image_alt":"","footnotes":""},"categories":[59],"tags":[],"class_list":["post-43826","post","type-post","status-publish","format-standard","has-post-thumbnail","hentry","category-economia"],"distributor_meta":false,"distributor_terms":false,"distributor_media":false,"distributor_original_site_name":"Noticias em Destaque","distributor_original_site_url":"https:\/\/noticiasdestaque.com.br","push-errors":false,"_links":{"self":[{"href":"https:\/\/noticiasdestaque.com.br\/index.php\/wp-json\/wp\/v2\/posts\/43826","targetHints":{"allow":["GET"]}}],"collection":[{"href":"https:\/\/noticiasdestaque.com.br\/index.php\/wp-json\/wp\/v2\/posts"}],"about":[{"href":"https:\/\/noticiasdestaque.com.br\/index.php\/wp-json\/wp\/v2\/types\/post"}],"author":[{"embeddable":true,"href":"https:\/\/noticiasdestaque.com.br\/index.php\/wp-json\/wp\/v2\/users\/1"}],"replies":[{"embeddable":true,"href":"https:\/\/noticiasdestaque.com.br\/index.php\/wp-json\/wp\/v2\/comments?post=43826"}],"version-history":[{"count":0,"href":"https:\/\/noticiasdestaque.com.br\/index.php\/wp-json\/wp\/v2\/posts\/43826\/revisions"}],"wp:featuredmedia":[{"embeddable":true,"href":"https:\/\/noticiasdestaque.com.br\/index.php\/wp-json\/wp\/v2\/media\/43827"}],"wp:attachment":[{"href":"https:\/\/noticiasdestaque.com.br\/index.php\/wp-json\/wp\/v2\/media?parent=43826"}],"wp:term":[{"taxonomy":"category","embeddable":true,"href":"https:\/\/noticiasdestaque.com.br\/index.php\/wp-json\/wp\/v2\/categories?post=43826"},{"taxonomy":"post_tag","embeddable":true,"href":"https:\/\/noticiasdestaque.com.br\/index.php\/wp-json\/wp\/v2\/tags?post=43826"}],"curies":[{"name":"wp","href":"https:\/\/api.w.org\/{rel}","templated":true}]}}