{"id":43821,"date":"2025-04-29T17:30:00","date_gmt":"2025-04-29T20:30:00","guid":{"rendered":"https:\/\/noticiasdestaque.com.br\/index.php\/2025\/04\/29\/ministerio-das-comunicacoes-recebe-doacao-de-15-mil-computadores-para-programa-de-inclusao-digital\/"},"modified":"2025-04-29T17:30:00","modified_gmt":"2025-04-29T20:30:00","slug":"ministerio-das-comunicacoes-recebe-doacao-de-15-mil-computadores-para-programa-de-inclusao-digital","status":"publish","type":"post","link":"https:\/\/noticiasdestaque.com.br\/index.php\/2025\/04\/29\/ministerio-das-comunicacoes-recebe-doacao-de-15-mil-computadores-para-programa-de-inclusao-digital\/","title":{"rendered":"Minist\u00e9rio das Comunica\u00e7\u00f5es recebe doa\u00e7\u00e3o de 1,5 mil computadores para programa de inclus\u00e3o digital"},"content":{"rendered":"<p>\t\t\t\t\t\t\t\t\t\t<audio controls class=\"b61_audio_player\" data-noticia=\"81683\" src=\"https:\/\/brasil61.com\/rails\/active_storage\/blobs\/eyJfcmFpbHMiOnsibWVzc2FnZSI6IkJBaHBBeXhOQXc9PSIsImV4cCI6bnVsbCwicHVyIjoiYmxvYl9pZCJ9fQ==--333ad28eff7c1359e798028e0f44d72c3ab9f02d\/MCOM250162A\"><\/audio><\/p>\n<p>O programa Computadores para a Inclus\u00e3o, do Minist\u00e9rio das Comunica\u00e7\u00f5es, recebeu a doa\u00e7\u00e3o de 1.500 m\u00e1quinas descartadas pelo Banco do Brasil e pelo Minist\u00e9rio da Gest\u00e3o e da Inova\u00e7\u00e3o (MGI).\u00a0<\/p>\n<p>O material passar\u00e1 por um processo de triagem, com reparos e limpeza. Depois de recondicionados, os equipamentos ser\u00e3o entregues a escolas p\u00fablicas do Distrito Federal e do Nordeste. Outros pontos que desenvolvem projetos de inclus\u00e3o digital voltados ao atendimento de comunidades e \u00e1reas remotas tamb\u00e9m ser\u00e3o contemplados.<\/p>\n<p>O secret\u00e1rio nacional de telecomunica\u00e7\u00f5es, do Minist\u00e9rio das Comunica\u00e7\u00f5es, Hermano Tercius, explica que o programa Computadores para Inclus\u00e3o atua para expandir a inclus\u00e3o digital pelo pa\u00eds.<\/p>\n<p>&#8220;O Computadores para Inclus\u00e3o \u00e9 um programa, que eu costumo dizer, que leva\u00a0inclus\u00e3o digital na veia. Ent\u00e3o, o que \u00e9 que ele faz: ele doa computadores para entidades p\u00fablicas ou sem fins lucrativos e comunidades vulner\u00e1veis. Muitas pessoas que de fato precisam n\u00e3o t\u00eam condi\u00e7\u00f5es de ter esse computador. Ent\u00e3o, a gente doa computador pra muitas escolas p\u00fablicas, que \u00e9 o principal, e al\u00e9m disso, junto com o computador, a gente d\u00e1 tamb\u00e9m o treinamento, essa parte do treinamento digital. Ent\u00e3o, ele \u00e9 um programa muito importante e que\u00a0a gente v\u00ea na pr\u00e1tica\u00a0as pessoas mudando de vida&#8221;.<\/p>\n<p>A inclus\u00e3o digital \u00e9 uma das agendas priorit\u00e1rias do Governo Federal, com programas que ampliam o acesso \u00e0 conectividade em diversas regi\u00f5es do pa\u00eds. Nesse sentido, o programa Computadores para a Inclus\u00e3o recondiciona m\u00e1quinas de norte a sul do Brasil para garantir que, especialmente, as escolas p\u00fablicas possam contar com seus pr\u00f3prios laborat\u00f3rios de inform\u00e1tica.<\/p>\n<p>Desde a cria\u00e7\u00e3o, o programa j\u00e1 soma mais de 59 mil computadores doados, compondo mais de 5 mil Pontos de Inclus\u00e3o Digital, que est\u00e3o distribu\u00eddos em mais de 1.200 munic\u00edpios brasileiros.<br \/>\n\u00a0<\/p>\n<p>\t\t\t\t\t\t\t\t\t<img loading=\"lazy\" decoding=\"async\" src=\"https:\/\/brasil61.com\/api\/v1\/serve_pixel\/17677\/81683\" alt=\"Pixel Brasil 61\" class=\"b61_pixel\" width=\"0\" height=\"0\"><\/p>\n<input type=\"hidden\" id=\"baseurl\" value=\"https:\/\/noticiasdestaque.com.br\"><input type=\"hidden\" id=\"audio_nonce\" value=\"6f73a554f1\">","protected":false},"excerpt":{"rendered":"<p>Depois de recondicionados, os equipamentos ser\u00e3o entregues a escolas p\u00fablicas do Distrito Federal e do Nordeste<\/p>\n","protected":false},"author":1,"featured_media":43822,"comment_status":"open","ping_status":"open","sticky":false,"template":"","format":"standard","meta":{"fifu_image_url":"","fifu_image_alt":"","footnotes":""},"categories":[50],"tags":[],"class_list":["post-43821","post","type-post","status-publish","format-standard","has-post-thumbnail","hentry","category-politica"],"distributor_meta":false,"distributor_terms":false,"distributor_media":false,"distributor_original_site_name":"Noticias em Destaque","distributor_original_site_url":"https:\/\/noticiasdestaque.com.br","push-errors":false,"_links":{"self":[{"href":"https:\/\/noticiasdestaque.com.br\/index.php\/wp-json\/wp\/v2\/posts\/43821","targetHints":{"allow":["GET"]}}],"collection":[{"href":"https:\/\/noticiasdestaque.com.br\/index.php\/wp-json\/wp\/v2\/posts"}],"about":[{"href":"https:\/\/noticiasdestaque.com.br\/index.php\/wp-json\/wp\/v2\/types\/post"}],"author":[{"embeddable":true,"href":"https:\/\/noticiasdestaque.com.br\/index.php\/wp-json\/wp\/v2\/users\/1"}],"replies":[{"embeddable":true,"href":"https:\/\/noticiasdestaque.com.br\/index.php\/wp-json\/wp\/v2\/comments?post=43821"}],"version-history":[{"count":0,"href":"https:\/\/noticiasdestaque.com.br\/index.php\/wp-json\/wp\/v2\/posts\/43821\/revisions"}],"wp:featuredmedia":[{"embeddable":true,"href":"https:\/\/noticiasdestaque.com.br\/index.php\/wp-json\/wp\/v2\/media\/43822"}],"wp:attachment":[{"href":"https:\/\/noticiasdestaque.com.br\/index.php\/wp-json\/wp\/v2\/media?parent=43821"}],"wp:term":[{"taxonomy":"category","embeddable":true,"href":"https:\/\/noticiasdestaque.com.br\/index.php\/wp-json\/wp\/v2\/categories?post=43821"},{"taxonomy":"post_tag","embeddable":true,"href":"https:\/\/noticiasdestaque.com.br\/index.php\/wp-json\/wp\/v2\/tags?post=43821"}],"curies":[{"name":"wp","href":"https:\/\/api.w.org\/{rel}","templated":true}]}}