{"id":43816,"date":"2025-04-29T01:18:00","date_gmt":"2025-04-29T04:18:00","guid":{"rendered":"https:\/\/noticiasdestaque.com.br\/index.php\/2025\/04\/29\/melhor-fechamento-desde-setembro-ibovespa-tem-alta-de-021\/"},"modified":"2025-04-29T01:18:00","modified_gmt":"2025-04-29T04:18:00","slug":"melhor-fechamento-desde-setembro-ibovespa-tem-alta-de-021","status":"publish","type":"post","link":"https:\/\/noticiasdestaque.com.br\/index.php\/2025\/04\/29\/melhor-fechamento-desde-setembro-ibovespa-tem-alta-de-021\/","title":{"rendered":"Melhor fechamento desde setembro, Ibovespa tem alta de 0,21%"},"content":{"rendered":"<p>\t\t\t\t\t\t\t\t\t\t<audio controls class=\"b61_audio_player\" data-noticia=\"81665\" src=\"https:\/\/brasil61.com\/rails\/active_storage\/blobs\/eyJfcmFpbHMiOnsibWVzc2FnZSI6IkJBaHBBM0ZNQXc9PSIsImV4cCI6bnVsbCwicHVyIjoiYmxvYl9pZCJ9fQ==--3bfef2596b4865a8013da7620c330f332e426f25\/BRAS2513884A\"><\/audio><\/p>\n<p>O Ibovespa come\u00e7a a ter\u00e7a-feira (29) com uma leve alta, mas que pela primeira vez em sete meses, deixou o \u00edndice acima dos 135 mil pontos; a alta de 0,21% \u00e9 a sexta consecutiva.<\/p>\n<p>Mais uma vez o mercado foi movimentado pela guerra tarif\u00e1ria que se instalou entre EUA e China. Ontem o secret\u00e1rio do Tesouro americano, Scott Bessent, disse que a Am\u00e9rica est\u00e1 negociando com cerca de 15 parceiros comerciais, mas que a China n\u00e3o est\u00e1 entre eles. O secret\u00e1rio ainda disse que est\u00e1 nas m\u00e3os do pa\u00eds asi\u00e1tico diminuir a tens\u00e3o comercial entre os dois pa\u00edses.<\/p>\n<p>Por aqui, leve alta da Vale, com mais 0,35% e leve queda da Petrobras, que perdeu 0,39%.\u00a0<\/p>\n<p>Ita\u00fa subiu 1,07% enquanto Bradesco caiu 0,22%. Outro descompasso ficou com as varejistas;\u00a0enquanto Lojas Renner cresceu 3,32%, Magazine Luiza fechou em baixa de 1,43%.<\/p>\n<p>Os dados da bolsa de valores brasileira podem ser consultados no site da B3.<\/p>\n<p>\u00a0<\/p>\n<p>\t\t\t\t\t\t\t\t\t<img loading=\"lazy\" decoding=\"async\" src=\"https:\/\/brasil61.com\/api\/v1\/serve_pixel\/17677\/81665\" alt=\"Pixel Brasil 61\" class=\"b61_pixel\" width=\"0\" height=\"0\"><\/p>\n<input type=\"hidden\" id=\"baseurl\" value=\"https:\/\/noticiasdestaque.com.br\"><input type=\"hidden\" id=\"audio_nonce\" value=\"6f73a554f1\">","protected":false},"excerpt":{"rendered":"<p>Pela primeira vez no ano, bolsa brasileira come\u00e7a dia acima dos 135 mil pontos <\/p>\n","protected":false},"author":1,"featured_media":43817,"comment_status":"open","ping_status":"open","sticky":false,"template":"","format":"standard","meta":{"fifu_image_url":"","fifu_image_alt":"","footnotes":""},"categories":[59],"tags":[],"class_list":["post-43816","post","type-post","status-publish","format-standard","has-post-thumbnail","hentry","category-economia"],"distributor_meta":false,"distributor_terms":false,"distributor_media":false,"distributor_original_site_name":"Noticias em Destaque","distributor_original_site_url":"https:\/\/noticiasdestaque.com.br","push-errors":false,"_links":{"self":[{"href":"https:\/\/noticiasdestaque.com.br\/index.php\/wp-json\/wp\/v2\/posts\/43816","targetHints":{"allow":["GET"]}}],"collection":[{"href":"https:\/\/noticiasdestaque.com.br\/index.php\/wp-json\/wp\/v2\/posts"}],"about":[{"href":"https:\/\/noticiasdestaque.com.br\/index.php\/wp-json\/wp\/v2\/types\/post"}],"author":[{"embeddable":true,"href":"https:\/\/noticiasdestaque.com.br\/index.php\/wp-json\/wp\/v2\/users\/1"}],"replies":[{"embeddable":true,"href":"https:\/\/noticiasdestaque.com.br\/index.php\/wp-json\/wp\/v2\/comments?post=43816"}],"version-history":[{"count":0,"href":"https:\/\/noticiasdestaque.com.br\/index.php\/wp-json\/wp\/v2\/posts\/43816\/revisions"}],"wp:featuredmedia":[{"embeddable":true,"href":"https:\/\/noticiasdestaque.com.br\/index.php\/wp-json\/wp\/v2\/media\/43817"}],"wp:attachment":[{"href":"https:\/\/noticiasdestaque.com.br\/index.php\/wp-json\/wp\/v2\/media?parent=43816"}],"wp:term":[{"taxonomy":"category","embeddable":true,"href":"https:\/\/noticiasdestaque.com.br\/index.php\/wp-json\/wp\/v2\/categories?post=43816"},{"taxonomy":"post_tag","embeddable":true,"href":"https:\/\/noticiasdestaque.com.br\/index.php\/wp-json\/wp\/v2\/tags?post=43816"}],"curies":[{"name":"wp","href":"https:\/\/api.w.org\/{rel}","templated":true}]}}