{"id":43790,"date":"2025-04-28T00:03:00","date_gmt":"2025-04-28T03:03:00","guid":{"rendered":"https:\/\/noticiasdestaque.com.br\/index.php\/2025\/04\/28\/gestao-municipal-confira-cronograma-para-emendas-individuais-e-de-bancada\/"},"modified":"2025-04-28T00:03:00","modified_gmt":"2025-04-28T03:03:00","slug":"gestao-municipal-confira-cronograma-para-emendas-individuais-e-de-bancada","status":"publish","type":"post","link":"https:\/\/noticiasdestaque.com.br\/index.php\/2025\/04\/28\/gestao-municipal-confira-cronograma-para-emendas-individuais-e-de-bancada\/","title":{"rendered":"Gest\u00e3o municipal: confira cronograma para emendas individuais e de bancada"},"content":{"rendered":"<p>\t\t\t\t\t\t\t\t\t\t<audio controls class=\"b61_audio_player\" data-noticia=\"81611\" src=\"https:\/\/brasil61.com\/rails\/active_storage\/blobs\/eyJfcmFpbHMiOnsibWVzc2FnZSI6IkJBaHBBM3BMQXc9PSIsImV4cCI6bnVsbCwicHVyIjoiYmxvYl9pZCJ9fQ==--f18f29aec652e4129f4f30f5021c952864f75232\/BRAS2513868A\"><\/audio><\/p>\n<p>A Secretaria de Gest\u00e3o e Inova\u00e7\u00e3o do Minist\u00e9rio da Gest\u00e3o e da Inova\u00e7\u00e3o em Servi\u00e7os P\u00fablicos (SEGES\/MGI) divulgou os cronogramas para execu\u00e7\u00e3o das emendas individuais 2025 e para execu\u00e7\u00e3o das emendas de Bancada e de Comiss\u00e3o 2025, com finalidade definida. A divulga\u00e7\u00e3o foi feita no TransfereGov, que traz o passo a passo com o calend\u00e1rio a ser seguido pelo gestor municipal.<\/p>\n<p>Em nota, a Confedera\u00e7\u00e3o Nacional de Munic\u00edpios (CNM) ressaltou que, agora, \u00e9 fundamental que o gestor esteja atento aos prazos e \u00e0 articula\u00e7\u00e3o com os parlamentares. Para a CNM, este \u00e9 um momento estrat\u00e9gico e, por isso, \u00e9 importante que prefeitos e prefeitas apresentem as necessidades dos Munic\u00edpios.<\/p>\n<h2>Emendas individuais 2025<\/h2>\n<p>O <a href=\"https:\/\/www.gov.br\/transferegov\/pt-br\/comunicados\/cronogramas-de-emendas-parlamentares\/cronograma-emendas-individuais-rp6-finalidade-definida\/2025\/comunicado-no-08-2025-2013-cronograma-para-execucao-das-emendas-individuais-com-finalidade-definida-rp6-orcamento-2025\" target=\"_blank\">Comunicado 8\/2025<\/a> elenca os cronogramas para execu\u00e7\u00e3o das emendas individuais 2025, na modalidade de finalidade definida. As emendas individuais permitem que os deputados federais destinem recursos or\u00e7ament\u00e1rios para atender necessidades espec\u00edficas de cada regi\u00e3o, levando em conta o planejamento de pol\u00edticas p\u00fablicas da localidade. \u00a0<\/p>\n<p>O comunicado traz dois cronogramas. O primeiro refere-se \u00e0 modalidade sem utiliza\u00e7\u00e3o das mandat\u00e1rias, relacionado \u00e0 celebra\u00e7\u00e3o dos instrumentos pelos \u00d3rg\u00e3os Concedentes, que define o cronograma para execu\u00e7\u00e3o de conv\u00eanios, termos de parceria, termos de fomento e colabora\u00e7\u00e3o<\/p>\n<p>A divulga\u00e7\u00e3o dos programas pelo concedente no Transferegov.br vai de 2\/05 at\u00e9 14\/05. J\u00e1 o prazo para envio das propostas e Plano de Trabalho pelo proponente vai de 15\/05 at\u00e9 1\u00ba\/06.<\/p>\n<p>J\u00e1 o segundo refere-se \u00e0 modalidade com utiliza\u00e7\u00e3o das mandat\u00e1rias, relacionado \u00e0 celebra\u00e7\u00e3o de contratos de repasse pela mandat\u00e1ria, que define o cronograma para execu\u00e7\u00e3o de contratos de repasse.<\/p>\n<p>O prazo para divulga\u00e7\u00e3o dos Programas no Transferegov.br pelo concedente vai de 2\/05 at\u00e9 14\/05. J\u00e1 o prazo para envio das propostas e Plano de Trabalho pelo proponente vai de de 15\/05 at\u00e9 1\u00ba\/06\/2025<\/p>\n<h2>Emendas de bancada e de comiss\u00e3o\u00a0<\/h2>\n<p>O <a href=\"https:\/\/www.gov.br\/transferegov\/pt-br\/comunicados\/cronogramas-de-emendas-parlamentares\/cronograma-emendas-de-bancada-rp7\/2025\/comunicado-no-09-2025-2013-cronograma-para-execucao-das-emendas-de-bancada-e-de-comissao-2013-rp7-e-rp8-orcamento-2025\" target=\"_blank\">Comunicado 9\/2025 estabelece<\/a> o cronograma para execu\u00e7\u00e3o das emendas de bancada e de comiss\u00e3o 2025, com finalidade definida, que s\u00e3o apresentadas pelas comiss\u00f5es t\u00e9cnicas da C\u00e2mara e do Senado, bem como as propostas pelas Mesas Diretoras das duas Casas.<\/p>\n<p>Os prazos iniciais, em cada modalidade, tanto de divulga\u00e7\u00e3o dos Programas no Transferegov.br como de envio das Propostas e Plano de Trabalho s\u00e3o os mesmos do comunicado 8. J\u00e1 os prazos para aprova\u00e7\u00e3o ou rejei\u00e7\u00e3o v\u00e3o de 14\/07 at\u00e9 06\/08.<br \/>\n\u00a0<\/p>\n<p>\t\t\t\t\t\t\t\t\t<img loading=\"lazy\" decoding=\"async\" src=\"https:\/\/brasil61.com\/api\/v1\/serve_pixel\/17677\/81611\" alt=\"Pixel Brasil 61\" class=\"b61_pixel\" width=\"0\" height=\"0\"><\/p>\n<input type=\"hidden\" id=\"baseurl\" value=\"https:\/\/noticiasdestaque.com.br\"><input type=\"hidden\" id=\"audio_nonce\" value=\"6f73a554f1\">","protected":false},"excerpt":{"rendered":"<p>Divulga\u00e7\u00e3o dos comunicados foi feita pelo TransfereGov e traz o passo a passo com o calend\u00e1rio a ser seguido pelo gestor<\/p>\n","protected":false},"author":1,"featured_media":43791,"comment_status":"open","ping_status":"open","sticky":false,"template":"","format":"standard","meta":{"fifu_image_url":"","fifu_image_alt":"","footnotes":""},"categories":[48],"tags":[],"class_list":["post-43790","post","type-post","status-publish","format-standard","has-post-thumbnail","hentry","category-mundo"],"distributor_meta":false,"distributor_terms":false,"distributor_media":false,"distributor_original_site_name":"Noticias em Destaque","distributor_original_site_url":"https:\/\/noticiasdestaque.com.br","push-errors":false,"_links":{"self":[{"href":"https:\/\/noticiasdestaque.com.br\/index.php\/wp-json\/wp\/v2\/posts\/43790","targetHints":{"allow":["GET"]}}],"collection":[{"href":"https:\/\/noticiasdestaque.com.br\/index.php\/wp-json\/wp\/v2\/posts"}],"about":[{"href":"https:\/\/noticiasdestaque.com.br\/index.php\/wp-json\/wp\/v2\/types\/post"}],"author":[{"embeddable":true,"href":"https:\/\/noticiasdestaque.com.br\/index.php\/wp-json\/wp\/v2\/users\/1"}],"replies":[{"embeddable":true,"href":"https:\/\/noticiasdestaque.com.br\/index.php\/wp-json\/wp\/v2\/comments?post=43790"}],"version-history":[{"count":0,"href":"https:\/\/noticiasdestaque.com.br\/index.php\/wp-json\/wp\/v2\/posts\/43790\/revisions"}],"wp:featuredmedia":[{"embeddable":true,"href":"https:\/\/noticiasdestaque.com.br\/index.php\/wp-json\/wp\/v2\/media\/43791"}],"wp:attachment":[{"href":"https:\/\/noticiasdestaque.com.br\/index.php\/wp-json\/wp\/v2\/media?parent=43790"}],"wp:term":[{"taxonomy":"category","embeddable":true,"href":"https:\/\/noticiasdestaque.com.br\/index.php\/wp-json\/wp\/v2\/categories?post=43790"},{"taxonomy":"post_tag","embeddable":true,"href":"https:\/\/noticiasdestaque.com.br\/index.php\/wp-json\/wp\/v2\/tags?post=43790"}],"curies":[{"name":"wp","href":"https:\/\/api.w.org\/{rel}","templated":true}]}}