{"id":43789,"date":"2025-04-28T00:01:00","date_gmt":"2025-04-28T03:01:00","guid":{"rendered":"https:\/\/noticiasdestaque.com.br\/index.php\/2025\/04\/28\/pec-da-sustentabilidade-promete-alivio-bilionario-para-municipios-e-ganha-protagonismo-na-marcha-a-brasilia\/"},"modified":"2025-04-28T00:01:00","modified_gmt":"2025-04-28T03:01:00","slug":"pec-da-sustentabilidade-promete-alivio-bilionario-para-municipios-e-ganha-protagonismo-na-marcha-a-brasilia","status":"publish","type":"post","link":"https:\/\/noticiasdestaque.com.br\/index.php\/2025\/04\/28\/pec-da-sustentabilidade-promete-alivio-bilionario-para-municipios-e-ganha-protagonismo-na-marcha-a-brasilia\/","title":{"rendered":"PEC da Sustentabilidade promete al\u00edvio bilion\u00e1rio para munic\u00edpios e ganha protagonismo na Marcha a Bras\u00edlia"},"content":{"rendered":"<p>\t\t\t\t\t\t\t\t\t\t<audio controls class=\"b61_audio_player\" data-noticia=\"81609\" src=\"https:\/\/brasil61.com\/rails\/active_storage\/blobs\/eyJfcmFpbHMiOnsibWVzc2FnZSI6IkJBaHBBMTVMQXc9PSIsImV4cCI6bnVsbCwicHVyIjoiYmxvYl9pZCJ9fQ==--c65da44f03891e081af3c2d4183d4c2f6dc0afcb\/BRAS2513866A\"><\/audio><\/p>\n<p>Com potencial de gerar uma economia de R$ 1 trilh\u00e3o para os cofres municipais, a chamada <a href=\"https:\/\/www25.senado.leg.br\/web\/atividade\/materias\/-\/materia\/161307\">PEC da Sustentabilidade (66\/2024)<\/a>\u00a0ser\u00e1 o grande destaque da XXVI Marcha a Bras\u00edlia em Defesa dos Munic\u00edpios, que acontece de 19 a 22 de maio, no Centro Internacional de Conven\u00e7\u00f5es de Bras\u00edlia (CICB).<\/p>\n<p>A proposta, que j\u00e1 passou pelo Senado e pela Comiss\u00e3o de Constitui\u00e7\u00e3o e Justi\u00e7a da C\u00e2mara, agora aguarda a instala\u00e7\u00e3o da comiss\u00e3o especial para seguir ao plen\u00e1rio. O apoio maci\u00e7o dos gestores locais durante a Marcha ser\u00e1 essencial para acelerar a tramita\u00e7\u00e3o. A expectativa \u00e9 que o tema seja amplamente debatido, inclusive na presen\u00e7a dos presidentes da C\u00e2mara, Hugo Motta, e do Senado, Davi Alcolumbre.<\/p>\n<p>O presidente da Confedera\u00e7\u00e3o Nacional de Munic\u00edpios (CNM), Paulo Ziulkoski, destaca que a proposta n\u00e3o gera impacto para o or\u00e7amento da Uni\u00e3o, mas representa um enorme f\u00f4lego financeiro para os munic\u00edpios.\u00a0<\/p>\n<p>\u201cA PEC vai tirar a corda do pesco\u00e7o dos prefeitos\u201d, afirmou. Entre os pontos centrais est\u00e3o o parcelamento de d\u00edvidas previdenci\u00e1rias, novas regras para precat\u00f3rios e a desvincula\u00e7\u00e3o de receitas.<\/p>\n<h2>EC 103\/2019<\/h2>\n<p>A <a href=\"https:\/\/www.planalto.gov.br\/ccivil_03\/constituicao\/emendas\/emc\/emc103.htm\">Emenda Constitucional 103\/2019<\/a>, respons\u00e1vel por reformar o sistema previdenci\u00e1rio, afeta diretamente o or\u00e7amento das prefeituras, especialmente na administra\u00e7\u00e3o do Regime Pr\u00f3prio de Previd\u00eancia Social (RPPS) e na cobertura de benef\u00edcios tempor\u00e1rios, como o aux\u00edlio-doen\u00e7a e o sal\u00e1rio-maternidade. A nova regra exige ajustes nas normas de aposentadoria e nas al\u00edquotas de contribui\u00e7\u00e3o, al\u00e9m de transferir para o tesouro municipal a obriga\u00e7\u00e3o de custear certos benef\u00edcios que antes eram pagos pelo RPPS.<\/p>\n<p>O presidente da CNM defende que a Emenda Constitucional 103\/2019 seja estendida aos 2.100 munic\u00edpios com regime pr\u00f3prio de previd\u00eancia, o que permitiria redirecionar at\u00e9 54% do passivo para \u00e1reas como sa\u00fade e educa\u00e7\u00e3o.<\/p>\n<p>O tema estar\u00e1 no centro da plen\u00e1ria Sustentabilidade Fiscal e Previdenci\u00e1ria dos Munic\u00edpios, parte da programa\u00e7\u00e3o oficial do evento. Segundo a CNM, a Marcha \u00e9 um espa\u00e7o para todos os agentes locais\u00a0e n\u00e3o apenas prefeitos. As inscri\u00e7\u00f5es seguem abertas no <a href=\"https:\/\/marcha.cnm.org.br\/inscricao.php\">site da entidade<\/a>.<\/p>\n<p>\t\t\t\t\t\t\t\t\t<img loading=\"lazy\" decoding=\"async\" src=\"https:\/\/brasil61.com\/api\/v1\/serve_pixel\/17677\/81609\" alt=\"Pixel Brasil 61\" class=\"b61_pixel\" width=\"0\" height=\"0\"><\/p>\n<input type=\"hidden\" id=\"baseurl\" value=\"https:\/\/noticiasdestaque.com.br\"><input type=\"hidden\" id=\"audio_nonce\" value=\"6f73a554f1\">","protected":false},"excerpt":{"rendered":"<p>\u201cA PEC da Sustentabilidade vai tirar a corda do pesco\u00e7o dos prefeitos, sem nenhum custo ao cofre da Uni\u00e3o. Estamos falando de economia na ordem de R$ 1 trilh\u00e3o\u201d, afirma Paulo Ziulkoski, presidente da CNM<\/p>\n","protected":false},"author":1,"featured_media":0,"comment_status":"open","ping_status":"open","sticky":false,"template":"","format":"standard","meta":{"fifu_image_url":"","fifu_image_alt":"","footnotes":""},"categories":[48],"tags":[],"class_list":["post-43789","post","type-post","status-publish","format-standard","hentry","category-mundo"],"distributor_meta":false,"distributor_terms":false,"distributor_media":false,"distributor_original_site_name":"Noticias em Destaque","distributor_original_site_url":"https:\/\/noticiasdestaque.com.br","push-errors":false,"_links":{"self":[{"href":"https:\/\/noticiasdestaque.com.br\/index.php\/wp-json\/wp\/v2\/posts\/43789","targetHints":{"allow":["GET"]}}],"collection":[{"href":"https:\/\/noticiasdestaque.com.br\/index.php\/wp-json\/wp\/v2\/posts"}],"about":[{"href":"https:\/\/noticiasdestaque.com.br\/index.php\/wp-json\/wp\/v2\/types\/post"}],"author":[{"embeddable":true,"href":"https:\/\/noticiasdestaque.com.br\/index.php\/wp-json\/wp\/v2\/users\/1"}],"replies":[{"embeddable":true,"href":"https:\/\/noticiasdestaque.com.br\/index.php\/wp-json\/wp\/v2\/comments?post=43789"}],"version-history":[{"count":0,"href":"https:\/\/noticiasdestaque.com.br\/index.php\/wp-json\/wp\/v2\/posts\/43789\/revisions"}],"wp:attachment":[{"href":"https:\/\/noticiasdestaque.com.br\/index.php\/wp-json\/wp\/v2\/media?parent=43789"}],"wp:term":[{"taxonomy":"category","embeddable":true,"href":"https:\/\/noticiasdestaque.com.br\/index.php\/wp-json\/wp\/v2\/categories?post=43789"},{"taxonomy":"post_tag","embeddable":true,"href":"https:\/\/noticiasdestaque.com.br\/index.php\/wp-json\/wp\/v2\/tags?post=43789"}],"curies":[{"name":"wp","href":"https:\/\/api.w.org\/{rel}","templated":true}]}}