{"id":43787,"date":"2025-04-28T00:02:00","date_gmt":"2025-04-28T03:02:00","guid":{"rendered":"https:\/\/noticiasdestaque.com.br\/index.php\/2025\/04\/28\/pl-da-anistia-fica-de-fora-da-pauta-da-semana-no-congresso\/"},"modified":"2025-04-28T00:02:00","modified_gmt":"2025-04-28T03:02:00","slug":"pl-da-anistia-fica-de-fora-da-pauta-da-semana-no-congresso","status":"publish","type":"post","link":"https:\/\/noticiasdestaque.com.br\/index.php\/2025\/04\/28\/pl-da-anistia-fica-de-fora-da-pauta-da-semana-no-congresso\/","title":{"rendered":"PL da Anistia fica de fora da pauta da semana no Congresso"},"content":{"rendered":"<p>\t\t\t\t\t\t\t\t\t\t<audio controls class=\"b61_audio_player\" data-noticia=\"81607\" src=\"https:\/\/brasil61.com\/rails\/active_storage\/blobs\/eyJfcmFpbHMiOnsibWVzc2FnZSI6IkJBaHBBMkpMQXc9PSIsImV4cCI6bnVsbCwicHVyIjoiYmxvYl9pZCJ9fQ==--fb7f72cee64da2b27c36f3a3bf1ba995e65d583b\/BRAS2513864A\"><\/audio><\/p>\n<p>Mais uma semana com feriado, que desta vez cai na quinta-feira (1\u00ba de maio), deve ter impacto no Congresso, com vota\u00e7\u00f5es menos pol\u00eamicas em pauta. O que definitivamente j\u00e1 est\u00e1 fora da pauta \u00e9 o projeto de anistia (<a href=\"https:\/\/www.camara.leg.br\/proposicoesWeb\/fichadetramitacao?idProposicao=2339647\">PL 2858\/22<\/a>), que trata do perd\u00e3o a acusados de tentativa de golpe de Estado. Ele\u00a0n\u00e3o ser\u00e1 votado na C\u00e2mara dos Deputados, conforme anunciou o presidente da Casa, Hugo Motta (Republicanos-PB).\u00a0<\/p>\n<p>Apesar do apoio formal de parlamentares, suficiente para um pedido de urg\u00eancia, l\u00edderes partid\u00e1rios que representam cerca de 400 deputados avaliaram que ainda n\u00e3o \u00e9 o momento para levar o texto ao plen\u00e1rio. Motta afirmou que o tema seguir\u00e1 em discuss\u00e3o, com foco no di\u00e1logo e na busca por consenso entre os partidos.<\/p>\n<h2>Jogos de Azar<\/h2>\n<p>O que promete estar em voga esta semana s\u00e3o os debates sobre a regulamenta\u00e7\u00e3o dos jogos de azar, tema que vem ganhando destaque na agenda legislativa.<\/p>\n<p>Segundo pesquisa divulgada pelo DataSenado na \u00faltima quarta-feira (23), 60% da popula\u00e7\u00e3o brasileira \u00e9 favor\u00e1vel \u00e0 medida. O assunto est\u00e1 em an\u00e1lise no Senado por meio do Projeto de Lei <a href=\"https:\/\/www25.senado.leg.br\/web\/atividade\/materias\/-\/materia\/154401\">2.234\/2022<\/a>, sob relatoria do senador Iraj\u00e1 (PSD-TO), que acredita que os dados da pesquisa oferecem uma base qualificada para a tomada de decis\u00e3o dos parlamentares.<\/p>\n<h2>Educa\u00e7\u00e3o<\/h2>\n<p>Sem pol\u00eamicas em vota\u00e7\u00e3o, o presidente da casa Hugo Motta j\u00e1 anunciou que as pautas ligadas \u00e0 educa\u00e7\u00e3o devem ser discutidas. Entre elas, o <a href=\"https:\/\/www.camara.leg.br\/proposicoesWeb\/prop_mostrarintegra?codteor=2856195&amp;filename=Avulso%20PL%20125\/2025\">Projeto de Lei 125\/25<\/a>, que prop\u00f5e a amplia\u00e7\u00e3o progressiva do n\u00famero de escolas atendidas pela Pol\u00edtica de Fomento \u00e0 Implementa\u00e7\u00e3o de Escolas de Ensino M\u00e9dio em Tempo Integral (EMTI).\u00a0<\/p>\n<p>A meta \u00e9 alcan\u00e7ar, no m\u00ednimo, 40% dos alunos matriculados na rede p\u00fablica dos estados e do Distrito Federal. A proposta, em an\u00e1lise na C\u00e2mara dos Deputados, altera a<a href=\"https:\/\/www.planalto.gov.br\/ccivil_03\/_ato2015-2018\/2017\/lei\/l13415.htm\"> Lei 13.415\/17<\/a> \u2014 respons\u00e1vel pela reforma do ensino m\u00e9dio \u2014 e prev\u00ea repasses do Minist\u00e9rio da Educa\u00e7\u00e3o \u00e0s secretarias estaduais por at\u00e9 dez anos, por escola participante.\u00a0<\/p>\n<p>O projeto ainda precisa ser avaliado em car\u00e1ter conclusivo pelas comiss\u00f5es de Educa\u00e7\u00e3o, de Finan\u00e7as e Tributa\u00e7\u00e3o\u00a0e de Constitui\u00e7\u00e3o e Justi\u00e7a e de Cidadania.<br \/>\n\u00a0<\/p>\n<p>\t\t\t\t\t\t\t\t\t<img loading=\"lazy\" decoding=\"async\" src=\"https:\/\/brasil61.com\/api\/v1\/serve_pixel\/17677\/81607\" alt=\"Pixel Brasil 61\" class=\"b61_pixel\" width=\"0\" height=\"0\"><\/p>\n<input type=\"hidden\" id=\"baseurl\" value=\"https:\/\/noticiasdestaque.com.br\"><input type=\"hidden\" id=\"audio_nonce\" value=\"6f73a554f1\">","protected":false},"excerpt":{"rendered":"<p>Regulamenta\u00e7\u00e3o de jogos de azar e pautas sobre educa\u00e7\u00e3o devem ser prioridade em mais uma semana curta, com o feriado de 1\u00ba de maio <\/p>\n","protected":false},"author":1,"featured_media":43788,"comment_status":"open","ping_status":"open","sticky":false,"template":"","format":"standard","meta":{"fifu_image_url":"","fifu_image_alt":"","footnotes":""},"categories":[50],"tags":[],"class_list":["post-43787","post","type-post","status-publish","format-standard","has-post-thumbnail","hentry","category-politica"],"distributor_meta":false,"distributor_terms":false,"distributor_media":false,"distributor_original_site_name":"Noticias em Destaque","distributor_original_site_url":"https:\/\/noticiasdestaque.com.br","push-errors":false,"_links":{"self":[{"href":"https:\/\/noticiasdestaque.com.br\/index.php\/wp-json\/wp\/v2\/posts\/43787","targetHints":{"allow":["GET"]}}],"collection":[{"href":"https:\/\/noticiasdestaque.com.br\/index.php\/wp-json\/wp\/v2\/posts"}],"about":[{"href":"https:\/\/noticiasdestaque.com.br\/index.php\/wp-json\/wp\/v2\/types\/post"}],"author":[{"embeddable":true,"href":"https:\/\/noticiasdestaque.com.br\/index.php\/wp-json\/wp\/v2\/users\/1"}],"replies":[{"embeddable":true,"href":"https:\/\/noticiasdestaque.com.br\/index.php\/wp-json\/wp\/v2\/comments?post=43787"}],"version-history":[{"count":0,"href":"https:\/\/noticiasdestaque.com.br\/index.php\/wp-json\/wp\/v2\/posts\/43787\/revisions"}],"wp:featuredmedia":[{"embeddable":true,"href":"https:\/\/noticiasdestaque.com.br\/index.php\/wp-json\/wp\/v2\/media\/43788"}],"wp:attachment":[{"href":"https:\/\/noticiasdestaque.com.br\/index.php\/wp-json\/wp\/v2\/media?parent=43787"}],"wp:term":[{"taxonomy":"category","embeddable":true,"href":"https:\/\/noticiasdestaque.com.br\/index.php\/wp-json\/wp\/v2\/categories?post=43787"},{"taxonomy":"post_tag","embeddable":true,"href":"https:\/\/noticiasdestaque.com.br\/index.php\/wp-json\/wp\/v2\/tags?post=43787"}],"curies":[{"name":"wp","href":"https:\/\/api.w.org\/{rel}","templated":true}]}}