{"id":43757,"date":"2025-04-24T21:28:00","date_gmt":"2025-04-25T00:28:00","guid":{"rendered":"https:\/\/noticiasdestaque.com.br\/index.php\/2025\/04\/24\/ministerio-das-comunicacoes-amplia-em-174-as-doacoes-de-computadores-a-comunidades-indigenas\/"},"modified":"2025-04-24T21:28:00","modified_gmt":"2025-04-25T00:28:00","slug":"ministerio-das-comunicacoes-amplia-em-174-as-doacoes-de-computadores-a-comunidades-indigenas","status":"publish","type":"post","link":"https:\/\/noticiasdestaque.com.br\/index.php\/2025\/04\/24\/ministerio-das-comunicacoes-amplia-em-174-as-doacoes-de-computadores-a-comunidades-indigenas\/","title":{"rendered":"Minist\u00e9rio das Comunica\u00e7\u00f5es amplia em 174% as doa\u00e7\u00f5es de computadores a comunidades ind\u00edgenas"},"content":{"rendered":"<p style=\"margin:0cm 0cm 8pt\"><span style=\"font-size:12pt\"><span style=\"line-height:115%\"><span style=\"font-family:Aptos,sans-serif\">Desde 2023, o Minist\u00e9rio das Comunica\u00e7\u00f5es j\u00e1 destinou 398 computadores a comunidades ind\u00edgenas em todo o pa\u00eds por meio do programa \u201cComputadores para Inclus\u00e3o\u201d. O n\u00famero representa um crescimento de 174% em rela\u00e7\u00e3o ao total entregue entre os anos de 2019 e 2022.<\/span><\/span><\/span><\/p>\n<p style=\"margin:0cm 0cm 8pt\"><span style=\"font-size:12pt\"><span style=\"line-height:115%\"><span style=\"font-family:Aptos,sans-serif\">Outro destaque \u00e9 a cria\u00e7\u00e3o de 40 novos Pontos de Inclus\u00e3o Digital (PIDs) voltados especificamente para povos ind\u00edgenas, o que representa um aumento de 300% no mesmo comparativo.<\/span><\/span><\/span><\/p>\n<p style=\"margin:0cm 0cm 8pt\"><span style=\"font-size:12pt\"><span style=\"line-height:115%\"><span style=\"font-family:Aptos,sans-serif\">Segundo Gustavo Fernandes, coordenador-geral de inclus\u00e3o digital do Minist\u00e9rio das Comunica\u00e7\u00f5es, incluir cada vez mais pessoas no mundo digital se tornou uma necessidade b\u00e1sica:<\/span><\/span><\/span><\/p>\n<p style=\"margin:0cm 0cm 8pt\"><span style=\"font-size:12pt\"><span style=\"line-height:115%\"><span style=\"font-family:Aptos,sans-serif\">&#8220;Quando a gente levanta essa bola do problema da exclus\u00e3o digital na popula\u00e7\u00e3o, a gente consegue perceber com muito mais tranquilidade o quanto ela \u00e9 transformadora. Ent\u00e3o quando a gente fala de direitos, de acessos, inclus\u00e3o digital hoje n\u00e3o se torna mais um luxo. Ela \u00e9 uma necessidade b\u00e1sica, \u00e9 algo di\u00e1rio, da conviv\u00eancia, \u00e9 acesso \u00e0 cidadania, \u00e9 pol\u00edtica educacional, \u00e9 pol\u00edtica de sa\u00fade, \u00e9 um momento de afeto quando voc\u00ea consegue ver e visitar uma pessoa distante a poucos minutos, ent\u00e3o \u00e9 muito completo. N\u00e3o \u00e9 mais s\u00f3 sobre educa\u00e7\u00e3o e servi\u00e7os, \u00e9 sobre a vida&#8221;.<\/span><\/span><\/span><\/p>\n<p style=\"margin:0cm 0cm 8pt\"><span style=\"font-size:12pt\"><span style=\"line-height:115%\"><span style=\"font-family:Aptos,sans-serif\">As a\u00e7\u00f5es refor\u00e7am o compromisso do Governo Federal com pol\u00edticas p\u00fablicas que valorizem a diversidade, garantam direitos e promovam o protagonismo dos povos ind\u00edgenas no processo de transforma\u00e7\u00e3o digital do pa\u00eds. O Minist\u00e9rio das Comunica\u00e7\u00f5es atua com foco em garantir acesso significativo \u00e0 conectividade, respeitando as especificidades culturais e territoriais dessas comunidades.<\/span><\/span><\/span><\/p>\n<p style=\"margin:0cm 0cm 8pt\"><span style=\"font-size:12pt\"><span style=\"line-height:115%\"><span style=\"font-family:Aptos,sans-serif\">A mais recente entrega de computadores ocorreu durante o Acampamento Terra Livre (ATL), maior mobiliza\u00e7\u00e3o nacional ind\u00edgena, realizada anualmente em Bras\u00edlia. Na ocasi\u00e3o, foram doados 15 notebooks ao Coletivo Juventude Ind\u00edgena da Diversidade. <\/span><\/span><\/span><\/p>\n<p style=\"margin:0cm 0cm 8pt\">\u00a0<\/p>\n<p style=\"margin:0cm 0cm 8pt\">\u00a0<\/p>\n<p>\t\t\t\t\t\t\t\t\t<img loading=\"lazy\" decoding=\"async\" src=\"https:\/\/brasil61.com\/api\/v1\/serve_pixel\/17677\/81594\" alt=\"Pixel Brasil 61\" class=\"b61_pixel\" width=\"0\" height=\"0\"><\/p>\n<input type=\"hidden\" id=\"baseurl\" value=\"https:\/\/noticiasdestaque.com.br\"><input type=\"hidden\" id=\"audio_nonce\" value=\"6f73a554f1\">","protected":false},"excerpt":{"rendered":"<p>O n\u00famero representa um crescimento de 174% em rela\u00e7\u00e3o ao total entregue entre os anos de 2019 e 2022<\/p>\n","protected":false},"author":1,"featured_media":43758,"comment_status":"open","ping_status":"open","sticky":false,"template":"","format":"standard","meta":{"fifu_image_url":"","fifu_image_alt":"","footnotes":""},"categories":[50],"tags":[],"class_list":["post-43757","post","type-post","status-publish","format-standard","has-post-thumbnail","hentry","category-politica"],"distributor_meta":false,"distributor_terms":false,"distributor_media":false,"distributor_original_site_name":"Noticias em Destaque","distributor_original_site_url":"https:\/\/noticiasdestaque.com.br","push-errors":false,"_links":{"self":[{"href":"https:\/\/noticiasdestaque.com.br\/index.php\/wp-json\/wp\/v2\/posts\/43757","targetHints":{"allow":["GET"]}}],"collection":[{"href":"https:\/\/noticiasdestaque.com.br\/index.php\/wp-json\/wp\/v2\/posts"}],"about":[{"href":"https:\/\/noticiasdestaque.com.br\/index.php\/wp-json\/wp\/v2\/types\/post"}],"author":[{"embeddable":true,"href":"https:\/\/noticiasdestaque.com.br\/index.php\/wp-json\/wp\/v2\/users\/1"}],"replies":[{"embeddable":true,"href":"https:\/\/noticiasdestaque.com.br\/index.php\/wp-json\/wp\/v2\/comments?post=43757"}],"version-history":[{"count":0,"href":"https:\/\/noticiasdestaque.com.br\/index.php\/wp-json\/wp\/v2\/posts\/43757\/revisions"}],"wp:featuredmedia":[{"embeddable":true,"href":"https:\/\/noticiasdestaque.com.br\/index.php\/wp-json\/wp\/v2\/media\/43758"}],"wp:attachment":[{"href":"https:\/\/noticiasdestaque.com.br\/index.php\/wp-json\/wp\/v2\/media?parent=43757"}],"wp:term":[{"taxonomy":"category","embeddable":true,"href":"https:\/\/noticiasdestaque.com.br\/index.php\/wp-json\/wp\/v2\/categories?post=43757"},{"taxonomy":"post_tag","embeddable":true,"href":"https:\/\/noticiasdestaque.com.br\/index.php\/wp-json\/wp\/v2\/tags?post=43757"}],"curies":[{"name":"wp","href":"https:\/\/api.w.org\/{rel}","templated":true}]}}