{"id":43755,"date":"2025-04-24T20:20:00","date_gmt":"2025-04-24T23:20:00","guid":{"rendered":"https:\/\/noticiasdestaque.com.br\/index.php\/2025\/04\/24\/curso-de-informatica-leva-oportunidade-e-transformacao-a-zona-rural-do-piaui\/"},"modified":"2025-04-24T20:20:00","modified_gmt":"2025-04-24T23:20:00","slug":"curso-de-informatica-leva-oportunidade-e-transformacao-a-zona-rural-do-piaui","status":"publish","type":"post","link":"https:\/\/noticiasdestaque.com.br\/index.php\/2025\/04\/24\/curso-de-informatica-leva-oportunidade-e-transformacao-a-zona-rural-do-piaui\/","title":{"rendered":"Curso de inform\u00e1tica leva oportunidade e transforma\u00e7\u00e3o \u00e0 zona rural do Piau\u00ed"},"content":{"rendered":"<p>Mais de 450 pessoas conclu\u00edram o curso de inform\u00e1tica b\u00e1sica na cidade de Boa Hora, zona rural de Barras, no Piau\u00ed, por meio do programa Computadores para a Inclus\u00e3o, do Minist\u00e9rio das Comunica\u00e7\u00f5es.<\/p>\n<p>A iniciativa destinou 10 computadores \u00e0 Funda\u00e7\u00e3o Pedro Coelho Resende. Mais de 20 cursos de inform\u00e1tica j\u00e1 foram ofertados, capacitando jovens, adultos e idosos.<br \/>\nUma dessas alunas \u00e9 Ivania Coelho, de 38 anos. Ela conta que, apesar da dificuldade inicial, conseguiu se adaptar ao curso de inform\u00e1tica b\u00e1sica.<\/p>\n<p>&#8220;S\u00f3 a gente s\u00f3 tinha contato mesmo mesmo por celular, a\u00ed surgiu a vaga de fazer a Inform\u00e1tica b\u00e1sica e eu pensei: vou me inscrever. Eu vim me inscrever, foi dif\u00edcil nos primeiros dias, n\u00e3o \u00e9 f\u00e1cil e eu fui me adaptando e hoje eu sei abrir um computador e ligar. E eu sei mais ou menos a b\u00e1sica do computador&#8221;.<\/p>\n<p>O coordenador-geral de inclus\u00e3o digital do Minist\u00e9rio das Comunica\u00e7\u00f5es, Gustavo Fernandes, explica que o governo federal est\u00e1 trabalhando para ampliar cada vez mais o programa Computadores para Inclus\u00e3o.<\/p>\n<p>&#8220;O programa para inclus\u00e3o vem de um momento muito bom. A gente teve um edital recentemente aonde a gente conseguiu trazer um centro de recondicionamento de computadores, que s\u00e3o esses espa\u00e7os que recebem os computadores para serem doados, um por cada estado do Brasil. Era um desejo muito antigo que a gente tinha, agora conseguimos ter um por estado que permitiu a gente conseguir ampliar ainda mais o nosso trabalho. Ent\u00e3o a gente vem de metas de doa\u00e7\u00e3o ano ap\u00f3s ano crescentes mas a gente conseguiu dar um boom na atual gest\u00e3o do presidente Lula. Ent\u00e3o a gente tem hoje uma meta de doa\u00e7\u00e3o para 2025 de 20 mil computadores, isso \u00e9 hist\u00f3rico, isso nunca foi feito anteriormente&#8221;.<\/p>\n<p>O programa Computadores para Inclus\u00e3o, do Minist\u00e9rio das Comunica\u00e7\u00f5es, j\u00e1 doou mais de 59 mil m\u00e1quinas recondicionadas em todo o Brasil e, por meio dos Centros de Recondicionamento de Computadores, presentes em todos os estados, j\u00e1 ofertou mais de 230 cursos de tecnologia, como inform\u00e1tica b\u00e1sica, manuten\u00e7\u00e3o de computadores e celulares, rob\u00f3tica, entre outros.<br \/>\n\u00a0<\/p>\n<p>\t\t\t\t\t\t\t\t\t<img loading=\"lazy\" decoding=\"async\" src=\"https:\/\/brasil61.com\/api\/v1\/serve_pixel\/17677\/81591\" alt=\"Pixel Brasil 61\" class=\"b61_pixel\" width=\"0\" height=\"0\"><\/p>\n<input type=\"hidden\" id=\"baseurl\" value=\"https:\/\/noticiasdestaque.com.br\"><input type=\"hidden\" id=\"audio_nonce\" value=\"6f73a554f1\">","protected":false},"excerpt":{"rendered":"<p>Mais de 20 cursos de inform\u00e1tica j\u00e1 foram ofertados, capacitando jovens, adultos e idosos<\/p>\n","protected":false},"author":1,"featured_media":43756,"comment_status":"open","ping_status":"open","sticky":false,"template":"","format":"standard","meta":{"fifu_image_url":"","fifu_image_alt":"","footnotes":""},"categories":[50],"tags":[],"class_list":["post-43755","post","type-post","status-publish","format-standard","has-post-thumbnail","hentry","category-politica"],"distributor_meta":false,"distributor_terms":false,"distributor_media":false,"distributor_original_site_name":"Noticias em Destaque","distributor_original_site_url":"https:\/\/noticiasdestaque.com.br","push-errors":false,"_links":{"self":[{"href":"https:\/\/noticiasdestaque.com.br\/index.php\/wp-json\/wp\/v2\/posts\/43755","targetHints":{"allow":["GET"]}}],"collection":[{"href":"https:\/\/noticiasdestaque.com.br\/index.php\/wp-json\/wp\/v2\/posts"}],"about":[{"href":"https:\/\/noticiasdestaque.com.br\/index.php\/wp-json\/wp\/v2\/types\/post"}],"author":[{"embeddable":true,"href":"https:\/\/noticiasdestaque.com.br\/index.php\/wp-json\/wp\/v2\/users\/1"}],"replies":[{"embeddable":true,"href":"https:\/\/noticiasdestaque.com.br\/index.php\/wp-json\/wp\/v2\/comments?post=43755"}],"version-history":[{"count":0,"href":"https:\/\/noticiasdestaque.com.br\/index.php\/wp-json\/wp\/v2\/posts\/43755\/revisions"}],"wp:featuredmedia":[{"embeddable":true,"href":"https:\/\/noticiasdestaque.com.br\/index.php\/wp-json\/wp\/v2\/media\/43756"}],"wp:attachment":[{"href":"https:\/\/noticiasdestaque.com.br\/index.php\/wp-json\/wp\/v2\/media?parent=43755"}],"wp:term":[{"taxonomy":"category","embeddable":true,"href":"https:\/\/noticiasdestaque.com.br\/index.php\/wp-json\/wp\/v2\/categories?post=43755"},{"taxonomy":"post_tag","embeddable":true,"href":"https:\/\/noticiasdestaque.com.br\/index.php\/wp-json\/wp\/v2\/tags?post=43755"}],"curies":[{"name":"wp","href":"https:\/\/api.w.org\/{rel}","templated":true}]}}