{"id":43735,"date":"2025-04-23T19:09:00","date_gmt":"2025-04-23T22:09:00","guid":{"rendered":"https:\/\/noticiasdestaque.com.br\/index.php\/2025\/04\/23\/gasto-brasil-nova-ferramenta-exibe-despesas-publicas-em-tempo-real-e-reforca-controle-social\/"},"modified":"2025-04-23T19:09:00","modified_gmt":"2025-04-23T22:09:00","slug":"gasto-brasil-nova-ferramenta-exibe-despesas-publicas-em-tempo-real-e-reforca-controle-social","status":"publish","type":"post","link":"https:\/\/noticiasdestaque.com.br\/index.php\/2025\/04\/23\/gasto-brasil-nova-ferramenta-exibe-despesas-publicas-em-tempo-real-e-reforca-controle-social\/","title":{"rendered":"Gasto Brasil: nova ferramenta exibe despesas p\u00fablicas em tempo real e refor\u00e7a controle social"},"content":{"rendered":"<p>\t\t\t\t\t\t\t\t\t\t<audio controls class=\"b61_audio_player\" data-noticia=\"81555\" src=\"https:\/\/brasil61.com\/rails\/active_storage\/blobs\/eyJfcmFpbHMiOnsibWVzc2FnZSI6IkJBaHBBNjVKQXc9PSIsImV4cCI6bnVsbCwicHVyIjoiYmxvYl9pZCJ9fQ==--8bcd46da195f78f322cf10e890c5e31c6a6f0134\/CACB250001A\"><\/audio><\/p>\n<p>Ali, bem no cora\u00e7\u00e3o de S\u00e3o Paulo, uma placa luminosa brilha com n\u00fameros que aumentam sem parar. \u00c9 o <a href=\"http:\/\/gastobrasil.com.br\"><strong>Gasto Brasil <\/strong><\/a>\u2014 uma ferramenta criada pela <a href=\"https:\/\/cacb.org.br\/\"><strong>Confedera\u00e7\u00e3o das Associa\u00e7\u00f5es Comerciais e Empresariais do Brasil (CACB)<\/strong><\/a>, em parceria com a <strong><a href=\"https:\/\/acsp.com.br\/\">Associa\u00e7\u00e3o Comercial de S\u00e3o Paulo (ACSP)<\/a><\/strong>, que exibe <strong>dados de valores dos gastos b\u00e1sicos do governo, como despesas com pessoal, gastos previdenci\u00e1rios e investimentos<\/strong>.\u00a0<\/p>\n<\/p>\n<p>O painel, <strong>instalado na fachada da ACSP, exibe os mesmos dados do site <a href=\"http:\/\/gastobrasil.com.br\">gastobrasil.com.br<\/a>, tamb\u00e9m lan\u00e7ado nesta quarta-feira (23)<\/strong>. S\u00e3o ferramentas criadas para dar mais transpar\u00eancia \u00e0 aplica\u00e7\u00e3o dos recursos p\u00fablicos e estimular a conscientiza\u00e7\u00e3o da sociedade sobre o impacto desses valores no cotidiano dos brasileiros.<\/p>\n<p>Por meio do cruzamento de dados oficiais, gestores p\u00fablicos e a popula\u00e7\u00e3o em geral podem <strong>ter acesso ao total de gastos de uma localidade \u2014 seja um munic\u00edpio, um estado ou mesmo da Uni\u00e3o<\/strong>. Uma inova\u00e7\u00e3o, segundo o presidente da CACB, Alfredo Cotait, que vai mostrar \u00e0 popula\u00e7\u00e3o que o governo est\u00e1 gastando mais do que arrecada.<\/p>\n<p>\u201cEssa conta mostra o d\u00e9ficit, que \u00e9 coberto por d\u00edvida. Isso precisa ser feito por meio de uma mensagem para que a popula\u00e7\u00e3o cobre dos nossos governantes, dos parlamentares, que \u00e9 necess\u00e1rio cortar despesas. N\u00f3s temos que dar \u00e0 popula\u00e7\u00e3o informa\u00e7\u00e3o e instrumentos de cobran\u00e7a\u201d, declarou Cotait. \u00a0<\/p>\n<h2>\nGasto Brasil<\/h2>\n<p>A ferramenta \u00e9 alimentada com dados oficiais da <a href=\"https:\/\/www.gov.br\/tesouronacional\/pt-br\"><strong>Secretaria do Tesouro Nacional<\/strong><\/a>, baseados em <strong>informa\u00e7\u00f5es das despesas efetivamente pagas pelos entes p\u00fablicos, e soma valores relativos, divulgados a cada dois meses. Esses dados s\u00e3o processados de forma autom\u00e1tica e integrados em uma base central, o que permite atualiza\u00e7\u00f5es frequentes.<\/strong><\/p>\n<p>Para se ter uma ideia, a maior despesa do Governo Federal est\u00e1 concentrada em duas categorias: Previd\u00eancia Social e Despesas com Pessoal (incluindo encargos sociais) \u2014 que representam, juntas, aproximadamente 60% do total de gastos da Uni\u00e3o. O que garante a confiabilidade dos dados que nutrem a plataforma \u00e9 uma metodologia inovadora, que passa por atualiza\u00e7\u00f5es constantes.\u00a0<\/p>\n<p>Para o presidente da Associa\u00e7\u00e3o Comercial de S\u00e3o Paulo, Roberto Ordine, o Gasto Brasil d\u00e1 condi\u00e7\u00f5es para que a popula\u00e7\u00e3o analise o certo e o errado.\u00a0<br \/>\n\u201cNa sua casa, voc\u00ea gasta de acordo com o que voc\u00ea ganha. Se estiver gastando mais, um dos dois est\u00e1 errado: ou a d\u00edvida, ou a fam\u00edlia. E \u00e9 mais ou menos isso que n\u00f3s precisamos. Hoje j\u00e1 temos essa no\u00e7\u00e3o de que os gastos s\u00e3o maiores do que a arrecada\u00e7\u00e3o. Portanto, esse gasto precisa ser alterado\u201d, defende Ordine.<\/p>\n<h2>\nImpost\u00f4metro<\/h2>\n<p>O evento de lan\u00e7amento do Gasto Brasil foi aberto com uma homenagem ao <strong>Impost\u00f4metro <\/strong>\u2014 a calculadora de tributos que completa 20 anos e que revolucionou a forma como o cidad\u00e3o enxerga o pagamento de impostos no Brasil, mostrando, em tempo real, tudo o que \u00e9 arrecadado de tributos no pa\u00eds.\u00a0<\/p>\n<p>Para Guilherme Afif Domingos, hoje presidente do Conselho Consultivo da CACB e, \u00e0 \u00e9poca, um dos idealizadores do Impost\u00f4metro, o Gasto Brasil vem ajudar o cidad\u00e3o a ter muni\u00e7\u00e3o para cobrar melhores investimentos do dinheiro p\u00fablico pelas autoridades.\u00a0<\/p>\n<p>\u201cN\u00f3s temos que primeiro cuidar do gasto, para sabermos que o imposto \u00e9 aquele que \u00e9 poss\u00edvel ser cobrado \u2014 e n\u00e3o esfolar a sociedade para manter uma estrutura de Estado que nos oprime e n\u00e3o nos devolve em forma de servi\u00e7os para a cidadania\u201d, defendeu Afif.\u00a0<br \/>\n\u00a0<\/p>\n<p>\t\t\t\t\t\t\t\t\t<img loading=\"lazy\" decoding=\"async\" src=\"https:\/\/brasil61.com\/api\/v1\/serve_pixel\/17677\/81555\" alt=\"Pixel Brasil 61\" class=\"b61_pixel\" width=\"0\" height=\"0\"><\/p>\n<input type=\"hidden\" id=\"baseurl\" value=\"https:\/\/noticiasdestaque.com.br\"><input type=\"hidden\" id=\"audio_nonce\" value=\"6f73a554f1\">","protected":false},"excerpt":{"rendered":"<p>No modelo do Impost\u00f4metro \u2014 que monitora a arrecada\u00e7\u00e3o \u2014, a nova ferramenta funciona como \u201ccalculadora\u201d e permite o monitoramento dos gastos p\u00fablicos da Uni\u00e3o, dos estados, dos munic\u00edpios e do Distrito Federal<\/p>\n","protected":false},"author":1,"featured_media":43736,"comment_status":"open","ping_status":"open","sticky":false,"template":"","format":"standard","meta":{"fifu_image_url":"","fifu_image_alt":"","footnotes":""},"categories":[59],"tags":[],"class_list":["post-43735","post","type-post","status-publish","format-standard","has-post-thumbnail","hentry","category-economia"],"distributor_meta":false,"distributor_terms":false,"distributor_media":false,"distributor_original_site_name":"Noticias em Destaque","distributor_original_site_url":"https:\/\/noticiasdestaque.com.br","push-errors":false,"_links":{"self":[{"href":"https:\/\/noticiasdestaque.com.br\/index.php\/wp-json\/wp\/v2\/posts\/43735","targetHints":{"allow":["GET"]}}],"collection":[{"href":"https:\/\/noticiasdestaque.com.br\/index.php\/wp-json\/wp\/v2\/posts"}],"about":[{"href":"https:\/\/noticiasdestaque.com.br\/index.php\/wp-json\/wp\/v2\/types\/post"}],"author":[{"embeddable":true,"href":"https:\/\/noticiasdestaque.com.br\/index.php\/wp-json\/wp\/v2\/users\/1"}],"replies":[{"embeddable":true,"href":"https:\/\/noticiasdestaque.com.br\/index.php\/wp-json\/wp\/v2\/comments?post=43735"}],"version-history":[{"count":0,"href":"https:\/\/noticiasdestaque.com.br\/index.php\/wp-json\/wp\/v2\/posts\/43735\/revisions"}],"wp:featuredmedia":[{"embeddable":true,"href":"https:\/\/noticiasdestaque.com.br\/index.php\/wp-json\/wp\/v2\/media\/43736"}],"wp:attachment":[{"href":"https:\/\/noticiasdestaque.com.br\/index.php\/wp-json\/wp\/v2\/media?parent=43735"}],"wp:term":[{"taxonomy":"category","embeddable":true,"href":"https:\/\/noticiasdestaque.com.br\/index.php\/wp-json\/wp\/v2\/categories?post=43735"},{"taxonomy":"post_tag","embeddable":true,"href":"https:\/\/noticiasdestaque.com.br\/index.php\/wp-json\/wp\/v2\/tags?post=43735"}],"curies":[{"name":"wp","href":"https:\/\/api.w.org\/{rel}","templated":true}]}}