{"id":43719,"date":"2025-04-22T13:00:00","date_gmt":"2025-04-22T16:00:00","guid":{"rendered":"https:\/\/noticiasdestaque.com.br\/index.php\/2025\/04\/22\/associacoes-de-56-cidades-da-regiao-norte-manifestam-interesse-em-abrir-radios-comunitarias\/"},"modified":"2025-04-22T13:00:00","modified_gmt":"2025-04-22T16:00:00","slug":"associacoes-de-56-cidades-da-regiao-norte-manifestam-interesse-em-abrir-radios-comunitarias","status":"publish","type":"post","link":"https:\/\/noticiasdestaque.com.br\/index.php\/2025\/04\/22\/associacoes-de-56-cidades-da-regiao-norte-manifestam-interesse-em-abrir-radios-comunitarias\/","title":{"rendered":"Associa\u00e7\u00f5es de 56 cidades da regi\u00e3o Norte manifestam interesse em abrir r\u00e1dios comunit\u00e1rias"},"content":{"rendered":"<p>\t\t\t\t\t\t\t\t\t\t<audio controls class=\"b61_audio_player\" data-noticia=\"81520\" src=\"https:\/\/brasil61.com\/rails\/active_storage\/blobs\/eyJfcmFpbHMiOnsibWVzc2FnZSI6IkJBaHBBMUJKQXc9PSIsImV4cCI6bnVsbCwicHVyIjoiYmxvYl9pZCJ9fQ==--d3bd8ad38759876f65b23a9d22f2ddaeef9b2737\/MCOM250152B\"><\/audio><\/p>\n<p>O \u00faltimo edital de r\u00e1dios comunit\u00e1rias do Minist\u00e9rio das Comunica\u00e7\u00f5es, lan\u00e7ado no final do ano passado e encerrado no fim de mar\u00e7o, registrou interessados em operar emissoras em 293 cidades, de 20 estados brasileiros. Dos 21 estados contemplados no edital, apenas no Amap\u00e1 n\u00e3o houve pedidos.<\/p>\n<p>O Norte do pa\u00eds poder\u00e1 contar com novas r\u00e1dios comunit\u00e1rias 22 cidades do Tocantins, nove no Amazonas, nove no Par\u00e1, nove em Rond\u00f4nia, seis em Roraima e uma no Acre.<\/p>\n<p>O Nordeste foi a regi\u00e3o que registrou o maior n\u00famero de cidades com manifesta\u00e7\u00f5es: 112.<\/p>\n<p><b><a href=\"https:\/\/app.powerbi.com\/view?r=eyJrIjoiZWEyYTlkZTEtMWVhMC00ZWFhLWI1ZTctYzhjYTc1NGQxNzRkIiwidCI6ImExMTIwMGVkLTNhYTctNDFhMy05M2UxLTcwYWU4ZmMxZWMxYSJ9\" target=\"_self\">Confira AQUI<\/a><\/b>\u00a0o resultado, selecionando o edital 0186\/2024.<\/p>\n<p>&#8220;A r\u00e1dio comunit\u00e1ria tem um papel essencial de levar a comunica\u00e7\u00e3o local. Esse \u00e9 o principal ponto da radiodifus\u00e3o comunit\u00e1ria. \u00c9 para servir a comunidade. O Minist\u00e9rio das Comunica\u00e7\u00f5es publicou tr\u00eas editais de radiodifus\u00f5es comunit\u00e1rias, j\u00e1 nos primeiros 100 dias de governo. E j\u00e1 no final de 2023 tamb\u00e9m, soltou um novo Plano Nacional de Outorgas de r\u00e1dios comunit\u00e1rias, o maior da hist\u00f3ria&#8221;, afirma o secret\u00e1rio de Comunica\u00e7\u00e3o Social Eletr\u00f4nica do Minist\u00e9rio das Comunica\u00e7\u00f5es, Wilson Wellisch.<\/p>\n<p>Nos \u00faltimos dois anos (2023\/2024), o Minist\u00e9rio das Comunica\u00e7\u00f5es autorizou o funcionamento de 206 r\u00e1dios comunit\u00e1rias em todo o Brasil. O n\u00famero representa um aumento de 275% em rela\u00e7\u00e3o \u00e0s 55 emissoras autorizadas em 2019 e 2020. Apenas no ano passado, foram concedidas 121 novas autoriza\u00e7\u00f5es, o maior n\u00famero de outorgas dos \u00faltimos 13 anos.<br \/>\n\u00a0<\/p>\n<p>\t\t\t\t\t\t\t\t\t<img loading=\"lazy\" decoding=\"async\" src=\"https:\/\/brasil61.com\/api\/v1\/serve_pixel\/17677\/81520\" alt=\"Pixel Brasil 61\" class=\"b61_pixel\" width=\"0\" height=\"0\"><\/p>\n<input type=\"hidden\" id=\"baseurl\" value=\"https:\/\/noticiasdestaque.com.br\"><input type=\"hidden\" id=\"audio_nonce\" value=\"6f73a554f1\">","protected":false},"excerpt":{"rendered":"<p>Minist\u00e9rio das Comunica\u00e7\u00f5es registra, em edital, pedidos de abertura de emissoras em 293 munic\u00edpios em todo o Brasil<\/p>\n","protected":false},"author":1,"featured_media":43720,"comment_status":"open","ping_status":"open","sticky":false,"template":"","format":"standard","meta":{"fifu_image_url":"","fifu_image_alt":"","footnotes":""},"categories":[48],"tags":[],"class_list":["post-43719","post","type-post","status-publish","format-standard","has-post-thumbnail","hentry","category-mundo"],"distributor_meta":false,"distributor_terms":false,"distributor_media":false,"distributor_original_site_name":"Noticias em Destaque","distributor_original_site_url":"https:\/\/noticiasdestaque.com.br","push-errors":false,"_links":{"self":[{"href":"https:\/\/noticiasdestaque.com.br\/index.php\/wp-json\/wp\/v2\/posts\/43719","targetHints":{"allow":["GET"]}}],"collection":[{"href":"https:\/\/noticiasdestaque.com.br\/index.php\/wp-json\/wp\/v2\/posts"}],"about":[{"href":"https:\/\/noticiasdestaque.com.br\/index.php\/wp-json\/wp\/v2\/types\/post"}],"author":[{"embeddable":true,"href":"https:\/\/noticiasdestaque.com.br\/index.php\/wp-json\/wp\/v2\/users\/1"}],"replies":[{"embeddable":true,"href":"https:\/\/noticiasdestaque.com.br\/index.php\/wp-json\/wp\/v2\/comments?post=43719"}],"version-history":[{"count":0,"href":"https:\/\/noticiasdestaque.com.br\/index.php\/wp-json\/wp\/v2\/posts\/43719\/revisions"}],"wp:featuredmedia":[{"embeddable":true,"href":"https:\/\/noticiasdestaque.com.br\/index.php\/wp-json\/wp\/v2\/media\/43720"}],"wp:attachment":[{"href":"https:\/\/noticiasdestaque.com.br\/index.php\/wp-json\/wp\/v2\/media?parent=43719"}],"wp:term":[{"taxonomy":"category","embeddable":true,"href":"https:\/\/noticiasdestaque.com.br\/index.php\/wp-json\/wp\/v2\/categories?post=43719"},{"taxonomy":"post_tag","embeddable":true,"href":"https:\/\/noticiasdestaque.com.br\/index.php\/wp-json\/wp\/v2\/tags?post=43719"}],"curies":[{"name":"wp","href":"https:\/\/api.w.org\/{rel}","templated":true}]}}