{"id":43709,"date":"2025-04-22T00:03:00","date_gmt":"2025-04-22T03:03:00","guid":{"rendered":"https:\/\/noticiasdestaque.com.br\/index.php\/2025\/04\/22\/areas-com-inundacoes-frequentes-podem-ser-isentas-de-imposto-territorial-rural\/"},"modified":"2025-04-22T00:03:00","modified_gmt":"2025-04-22T03:03:00","slug":"areas-com-inundacoes-frequentes-podem-ser-isentas-de-imposto-territorial-rural","status":"publish","type":"post","link":"https:\/\/noticiasdestaque.com.br\/index.php\/2025\/04\/22\/areas-com-inundacoes-frequentes-podem-ser-isentas-de-imposto-territorial-rural\/","title":{"rendered":"\u00c1reas com inunda\u00e7\u00f5es frequentes podem ser isentas de Imposto Territorial Rural"},"content":{"rendered":"<p>\t\t\t\t\t\t\t\t\t\t<audio controls class=\"b61_audio_player\" data-noticia=\"81380\" src=\"https:\/\/brasil61.com\/rails\/active_storage\/blobs\/eyJfcmFpbHMiOnsibWVzc2FnZSI6IkJBaHBBOEZIQXc9PSIsImV4cCI6bnVsbCwicHVyIjoiYmxvYl9pZCJ9fQ==--7b5e9a9ea2d1f91cb9adae89daea9cb61c566032\/BRAS2513800A\"><\/audio><\/p>\n<p>A <strong><a href=\"https:\/\/www2.camara.leg.br\/atividade-legislativa\/comissoes\/comissoes-permanentes\/capadr\">Comiss\u00e3o de Agricultura, Pecu\u00e1ria, Abastecimento e Desenvolvimento Rural da C\u00e2mara dos Deputados<\/a><\/strong> aprovou o <a href=\"https:\/\/www.camara.leg.br\/noticias\/1149809-proposta-isenta-de-itr-as-areas-afetadas-por-cheias#:~:text=O%20Projeto%20de%20Lei%203678,altera%20a%20Lei%20do%20ITR\">Projeto de Lei 3678\/21<\/a>, que prop\u00f5e a <strong>exclus\u00e3o de \u00e1reas sujeitas a inunda\u00e7\u00f5es peri\u00f3dicas da base de c\u00e1lculo do Imposto Territorial Rural (ITR)<\/strong>. A medida visa beneficiar regi\u00f5es onde a explora\u00e7\u00e3o econ\u00f4mica se torna invi\u00e1vel, mesmo que temporariamente, devido \u00e0s cheias.<\/p>\n<p>Para o autor da proposta, <strong>deputado Pinheirinho (PP-MG)<\/strong>, a cobran\u00e7a do imposto nessas condi\u00e7\u00f5es \u00e9 incoerente. Ele destaca que o<strong> Pantanal <\/strong>\u2014 considerado a maior \u00e1rea alagada do planeta \u2014 ser\u00e1 uma das regi\u00f5es diretamente favorecidas. O bioma, que representa cerca de 1,76% do territ\u00f3rio nacional, est\u00e1<strong> localizado principalmente nos estados de Mato Grosso e Mato Grosso do Sul<\/strong>, estendendo-se tamb\u00e9m ao Paraguai e \u00e0 Bol\u00edvia. Seu ciclo de cheias ocorre entre os meses de outubro e maio, coincidindo com o per\u00edodo de chuvas.<\/p>\n<h2>Lei do ITR<\/h2>\n<p>A proposta altera dispositivos da atual Lei do ITR. De acordo com o texto aprovado, caber\u00e1 ao Minist\u00e9rio da Agricultura e Pecu\u00e1ria certificar, mediante regulamenta\u00e7\u00e3o futura, as \u00e1reas que se enquadram nos crit\u00e9rios para isen\u00e7\u00e3o, desde que solicitado pelo propriet\u00e1rio do im\u00f3vel.<\/p>\n<p>O relator do PL, deputado Pezenti (MDB-SC), apresentou parecer favor\u00e1vel. Segundo ele, a proposta corrige uma distor\u00e7\u00e3o na legisla\u00e7\u00e3o tribut\u00e1ria vigente. \u201cA legisla\u00e7\u00e3o j\u00e1 exclui do ITR \u00e1reas que n\u00e3o podem ser economicamente aproveitadas. O projeto apenas refor\u00e7a esse princ\u00edpio\u201d, afirmou.<\/p>\n<p>A tramita\u00e7\u00e3o do projeto \u00e9 conclusiva e ainda seguir\u00e1 para an\u00e1lise nas comiss\u00f5es de Finan\u00e7as e Tributa\u00e7\u00e3o\u00a0e de Constitui\u00e7\u00e3o e Justi\u00e7a e de Cidadania. Para que entre em vigor, a medida precisa ser aprovada tamb\u00e9m pelo plen\u00e1rio da C\u00e2mara dos Deputados e pelo Senado Federal.<br \/>\n\u00a0<\/p>\n<p>\t\t\t\t\t\t\t\t\t<img loading=\"lazy\" decoding=\"async\" src=\"https:\/\/brasil61.com\/api\/v1\/serve_pixel\/17677\/81380\" alt=\"Pixel Brasil 61\" class=\"b61_pixel\" width=\"0\" height=\"0\"><\/p>\n<input type=\"hidden\" id=\"baseurl\" value=\"https:\/\/noticiasdestaque.com.br\"><input type=\"hidden\" id=\"audio_nonce\" value=\"6f73a554f1\">","protected":false},"excerpt":{"rendered":"<p>Projeto de lei aprovado por comiss\u00e3o da C\u00e2mara dos Deputados beneficia biomas como o Pantanal \u2014 a maior superf\u00edcie alagada do mundo <\/p>\n","protected":false},"author":1,"featured_media":43710,"comment_status":"open","ping_status":"open","sticky":false,"template":"","format":"standard","meta":{"fifu_image_url":"","fifu_image_alt":"","footnotes":""},"categories":[50],"tags":[],"class_list":["post-43709","post","type-post","status-publish","format-standard","has-post-thumbnail","hentry","category-politica"],"distributor_meta":false,"distributor_terms":false,"distributor_media":false,"distributor_original_site_name":"Noticias em Destaque","distributor_original_site_url":"https:\/\/noticiasdestaque.com.br","push-errors":false,"_links":{"self":[{"href":"https:\/\/noticiasdestaque.com.br\/index.php\/wp-json\/wp\/v2\/posts\/43709","targetHints":{"allow":["GET"]}}],"collection":[{"href":"https:\/\/noticiasdestaque.com.br\/index.php\/wp-json\/wp\/v2\/posts"}],"about":[{"href":"https:\/\/noticiasdestaque.com.br\/index.php\/wp-json\/wp\/v2\/types\/post"}],"author":[{"embeddable":true,"href":"https:\/\/noticiasdestaque.com.br\/index.php\/wp-json\/wp\/v2\/users\/1"}],"replies":[{"embeddable":true,"href":"https:\/\/noticiasdestaque.com.br\/index.php\/wp-json\/wp\/v2\/comments?post=43709"}],"version-history":[{"count":0,"href":"https:\/\/noticiasdestaque.com.br\/index.php\/wp-json\/wp\/v2\/posts\/43709\/revisions"}],"wp:featuredmedia":[{"embeddable":true,"href":"https:\/\/noticiasdestaque.com.br\/index.php\/wp-json\/wp\/v2\/media\/43710"}],"wp:attachment":[{"href":"https:\/\/noticiasdestaque.com.br\/index.php\/wp-json\/wp\/v2\/media?parent=43709"}],"wp:term":[{"taxonomy":"category","embeddable":true,"href":"https:\/\/noticiasdestaque.com.br\/index.php\/wp-json\/wp\/v2\/categories?post=43709"},{"taxonomy":"post_tag","embeddable":true,"href":"https:\/\/noticiasdestaque.com.br\/index.php\/wp-json\/wp\/v2\/tags?post=43709"}],"curies":[{"name":"wp","href":"https:\/\/api.w.org\/{rel}","templated":true}]}}