{"id":43703,"date":"2025-04-22T00:01:00","date_gmt":"2025-04-22T03:01:00","guid":{"rendered":"https:\/\/noticiasdestaque.com.br\/index.php\/2025\/04\/22\/com-mais-vias-adaptadas-mato-grosso-do-sul-lidera-em-acessibilidade-para-cadeirantes\/"},"modified":"2025-04-22T00:01:00","modified_gmt":"2025-04-22T03:01:00","slug":"com-mais-vias-adaptadas-mato-grosso-do-sul-lidera-em-acessibilidade-para-cadeirantes","status":"publish","type":"post","link":"https:\/\/noticiasdestaque.com.br\/index.php\/2025\/04\/22\/com-mais-vias-adaptadas-mato-grosso-do-sul-lidera-em-acessibilidade-para-cadeirantes\/","title":{"rendered":"Com mais vias adaptadas, Mato Grosso do Sul lidera em acessibilidade para cadeirantes"},"content":{"rendered":"<p>\t\t\t\t\t\t\t\t\t\t<audio controls class=\"b61_audio_player\" data-noticia=\"81487\" src=\"https:\/\/brasil61.com\/rails\/active_storage\/blobs\/eyJfcmFpbHMiOnsibWVzc2FnZSI6IkJBaHBBd0ZKQXc9PSIsImV4cCI6bnVsbCwicHVyIjoiYmxvYl9pZCJ9fQ==--1156d1cc5a3804b545b0c61d921348d82d5da8db\/BRAS2513831A\"><\/audio><\/p>\n<p>No Brasil, mais de <strong>174 milh\u00f5es de pessoas moram em \u00e1reas com caracter\u00edsticas urbana<\/strong>s. Desse total, quase 120 milh\u00f5es, ou seja, 68,8%, residem em <strong>cidades com vias sem rampas para cadeirantes<\/strong>. Os dados foram divulgados recentemente pelo <a href=\"https:\/\/www.ibge.gov.br\/\">IBGE <\/a>e se referem ao Censo 2022.<\/p>\n<p><strong>Mato Grosso do Sul \u00e9 a unidade da federa\u00e7\u00e3o brasileira com o maior percentual de pessoas residentes que disp\u00f5em de vias com exist\u00eancia desta infraestrutura<\/strong>. A taxa chega a 41,1%.\u00a0De acordo com o levantamento, o Paran\u00e1 aparece na sequ\u00eancia, com 37,3%.\u00a0<\/p>\n<p><a href=\"https:\/\/brasil61.com\/n\/inclusao-pesquisa-do-mpor-identifica-barreiras-enfrentadas-por-pessoas-com-deficiencia-em-aeroportos-mpor250042\" target=\"_blank\">Inclus\u00e3o: Pesquisa do Mpor identifica barreiras enfrentadas por pessoas com defici\u00eancia em aeroportos<\/a><\/p>\n<p>J\u00e1 em terceiro no ranking est\u00e1 o Distrito Federal, com 30,4%. O menor percentual foi registrado no Amazonas,\u00a0apenas 5,6%, acompanhado de Pernambuco e Maranh\u00e3o, com 6,2% e 6,4%, respectivamente.\u00a0<\/p>\n<h2>Situa\u00e7\u00e3o por munic\u00edpio<\/h2>\n<p>J\u00e1 entre os munic\u00edpios, um dos destaques \u00e9 para Maring\u00e1. Entre os entes com mais de 100 mil habitantes, a cidade paranaense aparece com 77,3% de seus habitantes com acesso a\u00a0vias com rampas para cadeirantes. J\u00e1 Itapevi, em S\u00e3o Paulo, registra a menor taxa, com 1,3% de seus moradores nesta situa\u00e7\u00e3o.<\/p>\n<p>\u00a0<\/p>\n<p>\ntable {<br \/>\n        width: 100%;<br \/>\n        border-collapse: collapse;<br \/>\n        text-align: center;<br \/>\n    }<br \/>\n    th, td {<br \/>\n        border: 1px solid black;<br \/>\n        padding: 8px;<br \/>\n    }<br \/>\n    th {<br \/>\n        font-weight: bold;<br \/>\n        text-align: center;<br \/>\n    }<\/p>\n<table>\n<thead>\n<tr>\n<th>UF<\/th>\n<th>Rampa para cadeirante (%)<\/th>\n<th>Via sinalizada para bicicleta (%)<\/th>\n<th>Cal\u00e7ada \/ Passeio (%)<\/th>\n<th>Obst\u00e1culo na cal\u00e7ada &#8211; N\u00e3o existe (%)<\/th>\n<\/tr>\n<\/thead>\n<tbody>\n<tr>\n<td>Mato Grosso do Sul<\/td>\n<td>41,1<\/td>\n<td>1,1<\/td>\n<td>84,1<\/td>\n<td>23,4<\/td>\n<\/tr>\n<tr>\n<td>Paran\u00e1<\/td>\n<td>37,3<\/td>\n<td>1,9<\/td>\n<td>88,1<\/td>\n<td>26,8<\/td>\n<\/tr>\n<tr>\n<td>Distrito Federal<\/td>\n<td>30,4<\/td>\n<td>4,1<\/td>\n<td>92,9<\/td>\n<td>20,9<\/td>\n<\/tr>\n<tr>\n<td>Mato Grosso<\/td>\n<td>22,4<\/td>\n<td>1,4<\/td>\n<td>82,7<\/td>\n<td>27,4<\/td>\n<\/tr>\n<tr>\n<td>Rio Grande do Sul<\/td>\n<td>20,2<\/td>\n<td>1,5<\/td>\n<td>82<\/td>\n<td>28,7<\/td>\n<\/tr>\n<tr>\n<td>Santa Catarina<\/td>\n<td>19,9<\/td>\n<td>5,2<\/td>\n<td>78,1<\/td>\n<td>26,3<\/td>\n<\/tr>\n<tr>\n<td>Sergipe<\/td>\n<td>17,4<\/td>\n<td>2,3<\/td>\n<td>90,3<\/td>\n<td>12<\/td>\n<\/tr>\n<tr>\n<td>Goi\u00e1s<\/td>\n<td>16,9<\/td>\n<td>0,9<\/td>\n<td>92,6<\/td>\n<td>21,1<\/td>\n<\/tr>\n<tr>\n<td>Esp\u00edrito Santo<\/td>\n<td>16,6<\/td>\n<td>2,5<\/td>\n<td>79<\/td>\n<td>16,7<\/td>\n<\/tr>\n<tr>\n<td>Roraima<\/td>\n<td>15,5<\/td>\n<td>1,3<\/td>\n<td>60,3<\/td>\n<td>19,5<\/td>\n<\/tr>\n<tr>\n<td><strong>Brasil<\/strong><\/td>\n<td><strong>15,2<\/strong><\/td>\n<td><strong>1,9<\/strong><\/td>\n<td><strong>84<\/strong><\/td>\n<td><strong>18,8<\/strong><\/td>\n<\/tr>\n<tr>\n<td>Amap\u00e1<\/td>\n<td>14,8<\/td>\n<td>3,1<\/td>\n<td>57,1<\/td>\n<td>11,1<\/td>\n<\/tr>\n<tr>\n<td>S\u00e3o Paulo<\/td>\n<td>14,8<\/td>\n<td>2,2<\/td>\n<td>91,6<\/td>\n<td>25,5<\/td>\n<\/tr>\n<tr>\n<td>Minas Gerais<\/td>\n<td>14,2<\/td>\n<td>0,9<\/td>\n<td>90,3<\/td>\n<td>15,3<\/td>\n<\/tr>\n<tr>\n<td>Rio Grande do Norte<\/td>\n<td>14,1<\/td>\n<td>0,9<\/td>\n<td>86,7<\/td>\n<td>10,8<\/td>\n<\/tr>\n<tr>\n<td>Tocantins<\/td>\n<td>13,3<\/td>\n<td>0,6<\/td>\n<td>84,7<\/td>\n<td>11,8<\/td>\n<\/tr>\n<tr>\n<td>Rond\u00f4nia<\/td>\n<td>12,7<\/td>\n<td>1<\/td>\n<td>68,8<\/td>\n<td>11,9<\/td>\n<\/tr>\n<tr>\n<td>Alagoas<\/td>\n<td>12,0<\/td>\n<td>0,9<\/td>\n<td>85,6<\/td>\n<td>11,7<\/td>\n<\/tr>\n<tr>\n<td>Rio de Janeiro<\/td>\n<td>12,0<\/td>\n<td>2,5<\/td>\n<td>79,4<\/td>\n<td>19,2<\/td>\n<\/tr>\n<tr>\n<td>Acre<\/td>\n<td>10,2<\/td>\n<td>2,9<\/td>\n<td>72<\/td>\n<td>5,6<\/td>\n<\/tr>\n<tr>\n<td>Para\u00edba<\/td>\n<td>9,2<\/td>\n<td>1,5<\/td>\n<td>85,3<\/td>\n<td>10<\/td>\n<\/tr>\n<tr>\n<td>Bahia<\/td>\n<td>8,9<\/td>\n<td>1,3<\/td>\n<td>74,4<\/td>\n<td>12,9<\/td>\n<\/tr>\n<tr>\n<td>Piau\u00ed<\/td>\n<td>8,4<\/td>\n<td>1,5<\/td>\n<td>83,1<\/td>\n<td>4,9<\/td>\n<\/tr>\n<tr>\n<td>Cear\u00e1<\/td>\n<td>7,1<\/td>\n<td>3,2<\/td>\n<td>85<\/td>\n<td>10,8<\/td>\n<\/tr>\n<tr>\n<td>Par\u00e1<\/td>\n<td>7,0<\/td>\n<td>2,1<\/td>\n<td>64,8<\/td>\n<td>8,8<\/td>\n<\/tr>\n<tr>\n<td>Maranh\u00e3o<\/td>\n<td>6,4<\/td>\n<td>0,5<\/td>\n<td>77,1<\/td>\n<td>4,6<\/td>\n<\/tr>\n<tr>\n<td>Pernambuco<\/td>\n<td>6,2<\/td>\n<td>1,8<\/td>\n<td>71,2<\/td>\n<td>8,5<\/td>\n<\/tr>\n<tr>\n<td>Amazonas<\/td>\n<td>5,6<\/td>\n<td>0,5<\/td>\n<td>73,8<\/td>\n<td>7,5<\/td>\n<\/tr>\n<tr>\n<td colspan=\"5\" style=\"text-align: left;border-top: 1px solid black\"><small>Fonte: IBGE &#8211; Censo Demogr\u00e1fico<\/small><\/td>\n<\/tr>\n<\/tbody>\n<\/table>\n<p>\u00a0<\/p>\n<h2>Cal\u00e7adas livres de obst\u00e1culos<\/h2>\n<p>As informa\u00e7\u00f5es revelam, ainda, que\u00a032,8 milh\u00f5es de pessoas residem em cidades com vias cal\u00e7adas livres de obst\u00e1culos. Esse n\u00famero corresponde a 18,8% do total da pesquisa. Nesse caso, as menores taxas foram notadas no Maranh\u00e3o, que conta com 4,7%; no Piau\u00ed, com 4,9%; e no Acre, com 5,6%. Os destaques positivos, por sua vez, foram para o Rio Grande do Sul, com 28,7%, Mato Grosso, com 27,4% e S\u00e3o Paulo, com 25,5%.<\/p>\n<p>Nesse aspecto, entre os munic\u00edpios com mais de 100 mil habitantes, o destaque foi para Santos, em S\u00e3o Paulo. A cidade tem 64,5% dos moradores com acesso a vias com cal\u00e7adas livres de obst\u00e1culos. Quanto \u00e0s capitais, o melhor quadro registrado foi de Porto Alegre (RS) com 46,6%. No geral, o munic\u00edpio maranhense de Bacabal tem o menor \u00edndice, com 1%.<\/p>\n<h2>Bueiro ou boca de lobo<\/h2>\n<p>Ainda de acordo com o estudo, a infraestrutura de drenagem representada pela presen\u00e7a do bueiro ou boca de lobo nas vias est\u00e1 presente para 53,7% dos moradores de todo o pa\u00eds, o que corresponde a 93,6 milh\u00f5es de habitantes. Em 2010, esse percentual era de 39,3%, ou seja, 60,3 milh\u00f5es de pessoas.<\/p>\n<p>A unidade da federa\u00e7\u00e3o com o maior percentual de moradores com acesso a essa infraestrutura\u00a0\u00e9 Santa Catarina, com 85,2%. Na sequ\u00eancia aparece o Paran\u00e1, com 83,4%. Na outra ponta est\u00e3o os estados do Piau\u00ed (11,6%), do Rio Grande do Norte (19,2%) e do Cear\u00e1 (20,9%).<\/p>\n<p>Planaltina (GO) tem 6% de seus moradores com acesso a vias com bueiro ou boca de lobo. Trata-se do menor percentual para os munic\u00edpios brasileiros com mais de 100 mil habitantes.<br \/>\n\u00a0<\/p>\n<p>\t\t\t\t\t\t\t\t\t<img loading=\"lazy\" decoding=\"async\" src=\"https:\/\/brasil61.com\/api\/v1\/serve_pixel\/17677\/81487\" alt=\"Pixel Brasil 61\" class=\"b61_pixel\" width=\"0\" height=\"0\"><\/p>\n<input type=\"hidden\" id=\"baseurl\" value=\"https:\/\/noticiasdestaque.com.br\"><input type=\"hidden\" id=\"audio_nonce\" value=\"6f73a554f1\">","protected":false},"excerpt":{"rendered":"<p>O menor percentual foi registrado no Amazonas, que conta com apenas 5,6%<\/p>\n","protected":false},"author":1,"featured_media":43704,"comment_status":"open","ping_status":"open","sticky":false,"template":"","format":"standard","meta":{"fifu_image_url":"","fifu_image_alt":"","footnotes":""},"categories":[48],"tags":[],"class_list":["post-43703","post","type-post","status-publish","format-standard","has-post-thumbnail","hentry","category-mundo"],"distributor_meta":false,"distributor_terms":false,"distributor_media":false,"distributor_original_site_name":"Noticias em Destaque","distributor_original_site_url":"https:\/\/noticiasdestaque.com.br","push-errors":false,"_links":{"self":[{"href":"https:\/\/noticiasdestaque.com.br\/index.php\/wp-json\/wp\/v2\/posts\/43703","targetHints":{"allow":["GET"]}}],"collection":[{"href":"https:\/\/noticiasdestaque.com.br\/index.php\/wp-json\/wp\/v2\/posts"}],"about":[{"href":"https:\/\/noticiasdestaque.com.br\/index.php\/wp-json\/wp\/v2\/types\/post"}],"author":[{"embeddable":true,"href":"https:\/\/noticiasdestaque.com.br\/index.php\/wp-json\/wp\/v2\/users\/1"}],"replies":[{"embeddable":true,"href":"https:\/\/noticiasdestaque.com.br\/index.php\/wp-json\/wp\/v2\/comments?post=43703"}],"version-history":[{"count":0,"href":"https:\/\/noticiasdestaque.com.br\/index.php\/wp-json\/wp\/v2\/posts\/43703\/revisions"}],"wp:featuredmedia":[{"embeddable":true,"href":"https:\/\/noticiasdestaque.com.br\/index.php\/wp-json\/wp\/v2\/media\/43704"}],"wp:attachment":[{"href":"https:\/\/noticiasdestaque.com.br\/index.php\/wp-json\/wp\/v2\/media?parent=43703"}],"wp:term":[{"taxonomy":"category","embeddable":true,"href":"https:\/\/noticiasdestaque.com.br\/index.php\/wp-json\/wp\/v2\/categories?post=43703"},{"taxonomy":"post_tag","embeddable":true,"href":"https:\/\/noticiasdestaque.com.br\/index.php\/wp-json\/wp\/v2\/tags?post=43703"}],"curies":[{"name":"wp","href":"https:\/\/api.w.org\/{rel}","templated":true}]}}